{"id":620380,"date":"2025-12-24T19:11:19","date_gmt":"2025-12-24T19:11:19","guid":{"rendered":"https:\/\/www.europesays.com\/fr\/620380\/"},"modified":"2025-12-24T19:11:19","modified_gmt":"2025-12-24T19:11:19","slug":"nouvel-an-2026-a-strasbourg-les-meilleurs-bons-plans","status":"publish","type":"post","link":"https:\/\/www.europesays.com\/fr\/620380\/","title":{"rendered":"Nouvel An 2026 \u00e0 Strasbourg\u00a0: les meilleurs bons plans"},"content":{"rendered":"<p><b>La + spectaculaire\u00a0: The People Circus, le r\u00e9veillon qui met Strasbourg sens dessus dessous<\/b>&#13;<\/p>\n<p><b><img decoding=\"async\" data-imgperflogname=\"profileCoverPhoto\" class=\"xz74otr x1ey2m1c x9f619 x5yr21d xtijo5x x1o0tod x10l6tqk x13vifvy xh8yej3\" alt=\"\" referrerpolicy=\"origin-when-cross-origin\" src=\"https:\/\/www.europesays.com\/fr\/wp-content\/uploads\/2025\/12\/587305743_1281255954021398_4653667319457387858_n.jpg\"\/><\/b><\/p>\n<p>&#13;<\/p>\n<p>Sous le chapiteau de The People, le Nouvel An prend des allures de cirque moderne totalement d\u00e9brid\u00e9. D\u00e8s l\u2019arriv\u00e9e, le ton est donn\u00e9\u00a0: des \u00e9chassiers surgissent, des artistes occupent l\u2019espace, et l\u2019ambiance monte avant m\u00eame le premier verre. Pendant des heures, le spectacle se m\u00eale \u00e0 la f\u00eate. Acrobates, \u00e9quilibristes, performances visuelles et DJ survolt\u00e9s s\u2019encha\u00eenent dans un joyeux chaos parfaitement orchestr\u00e9. On danse, on l\u00e8ve la t\u00eate, on applaudit, on se laisse surprendre (et c\u2019est pr\u00e9cis\u00e9ment \u00e7a qui fait la magie du lieu). Derri\u00e8re le bar, une finger food bien pens\u00e9e et une carte efficace permettent de tenir la distance jusqu\u2019\u00e0 3h du matin. Le genre de r\u00e9veillon o\u00f9 on ne voit pas le temps passer, et o\u00f9 minuit arrive presque trop vite.<\/p>\n<p>&#13;<\/p>\n<p><a href=\"https:\/\/yp.events\/858e92cc-2103-43af-a48b-e30b21c8ba56\/THE-PEOPLE-CIRCUS-NEW-YEAR-S-EVE?fbclid=IwY2xjawO3mk1leHRuA2FlbQIxMABicmlkETAzTlZiNGRpWWVaYlRFMmFoc3J0YwZhcHBfaWQQMjIyMDM5MTc4ODIwMDg5MgABHgwlE4AU5sIFwGViy1whQCPCB_lmzGPxOMoudesbdpaF0oXFPL39AmbHoWh-_aem_FYn-XwjOPJJ3yhTzF6JxCA\" rel=\"nofollow noopener noreferrer\" target=\"_blank\"><strong>Plus d&rsquo;infos<\/strong><\/a><\/p>\n<p>&#13;<br \/>\n<b>La + secr\u00e8te\u00a0: UnderSound, la nuit \u00e9lectro que personne n\u2019a encore vue<\/b>&#13;<\/p>\n<p><b><img decoding=\"async\" data-imgperflogname=\"profileCoverPhoto\" class=\"xz74otr x1ey2m1c x9f619 x5yr21d xtijo5x x1o0tod x10l6tqk x13vifvy xh8yej3\" alt=\"\" referrerpolicy=\"origin-when-cross-origin\" src=\"https:\/\/www.europesays.com\/fr\/wp-content\/uploads\/2025\/12\/594973356_835568979237833_9161776943468301167_n.jpg\"\/><\/b><\/p>\n<p>&#13;<\/p>\n<p>Pour celles et ceux qui aiment commencer l\u2019ann\u00e9e l\u00e0 o\u00f9 personne n\u2019a encore mis les pieds, UnderSound frappe tr\u00e8s fort. Cette ann\u00e9e, le collectif investit un lieu totalement in\u00e9dit, tenu secret jusqu\u2019au dernier moment. Un espace jamais exploit\u00e9 pour un \u00e9v\u00e9nement, transform\u00e9 pour l\u2019occasion en terrain de jeu \u00e9lectronique immersif. \u00c0 l\u2019int\u00e9rieur, la nuit s\u2019\u00e9tire lentement, port\u00e9e par une programmation techno et house pens\u00e9e comme un voyage. Chaque DJ prend le relais, fait monter la pression, change l\u2019\u00e9nergie, jusqu\u2019aux premi\u00e8res lueurs du matin. \u00c0 l\u2019ext\u00e9rieur, un jardin nocturne devient un espace \u00e0 part enti\u00e8re, o\u00f9 l\u2019on souffle entre deux sets, o\u00f9 l\u2019on joue, o\u00f9 l\u2019on rigole, o\u00f9 l\u2019on refait le monde \u00e0 4h du matin. Un Nouvel An pour les vrais noctambules, ceux qui savent que les meilleures discussions commencent souvent apr\u00e8s minuit.<\/p>\n<p>&#13;<\/p>\n<p><a href=\"https:\/\/www.helloasso.com\/associations\/artf\/evenements\/new-year-s-eve-2026-undersound-electrosphere?fbclid=IwY2xjawO3mmpleHRuA2FlbQIxMABicmlkETAzTlZiNGRpWWVaYlRFMmFoc3J0YwZhcHBfaWQQMjIyMDM5MTc4ODIwMDg5MgABHiYxZQnk4Kmy-ZwMNfvUz7YyfaY_HSYxYBCGpjMnXzcOAKwQ6_gCE-2yW7YV_aem_RyZO6-Q1SiNSKVqtC9qeLg\" rel=\"nofollow noopener noreferrer\" target=\"_blank\"><strong>Plus d&rsquo;infos<\/strong><\/a><\/p>\n<p>&#13;<br \/>\n<b>La + cosmique\u00a0: Cosmic New Year aux Aviateurs, d\u00e9collage imm\u00e9diat vers 2026<\/b>&#13;<\/p>\n<p><b><img decoding=\"async\" data-imgperflogname=\"profileCoverPhoto\" class=\"xz74otr x1ey2m1c x9f619 x5yr21d xtijo5x x1o0tod x10l6tqk x13vifvy xh8yej3\" alt=\"\" referrerpolicy=\"origin-when-cross-origin\" src=\"https:\/\/www.europesays.com\/fr\/wp-content\/uploads\/2025\/12\/584002138_1278623637616205_6892802102495341666_n.jpg\"\/><\/b><\/p>\n<p>&#13;<\/p>\n<p>Si tu veux commencer l\u2019ann\u00e9e la t\u00eate dans les \u00e9toiles (et les pieds sur le dancefloor), direction Les Aviateurs. Pour le 31 d\u00e9cembre, le bar se transforme en base spatiale festive, avec une ambiance qui navigue entre nostalgie et futurisme assum\u00e9. La soir\u00e9e d\u00e9marre dans une vibe 80\u2019s flamboyante, glisse vers les 90\u2019s les plus efficaces, avant de basculer dans une s\u00e9lection house et techno qui envoie tout droit vers la stratosph\u00e8re. Ici, le dress code est un jeu \u00e0 part enti\u00e8re\u00a0: paillettes, chrome, argent\u00e9, looks futuristes\u2026 plus \u00e7a brille, plus tu es dans le th\u00e8me. Une soir\u00e9e sans prise de t\u00eate, ultra conviviale, parfaite pour celles et ceux qui veulent danser, trinquer et rencontrer du monde sans calcul.<\/p>\n<p>&#13;<\/p>\n<p><a href=\"https:\/\/www.facebook.com\/events\/2661366164224811\/?acontext=%7B%22event_action_history%22%3A[%7B%22mechanism%22%3A%22discovery_custom_tab%22%2C%22surface%22%3A%22bookmark%22%7D]%2C%22ref_notif_type%22%3Anull%7D\" rel=\"nofollow noopener noreferrer\" target=\"_blank\"><strong>Plus d&rsquo;infos<\/strong><\/a><\/p>\n<p>&#13;<br \/>\n<b>La + caliente\u00a0: le Nouvel An Latino au Mekane, chaleur garantie au c\u0153ur de l\u2019hiver<\/b>&#13;<\/p>\n<p><b><img decoding=\"async\" data-imgperflogname=\"profileCoverPhoto\" class=\"xz74otr x1ey2m1c x9f619 x5yr21d xtijo5x x1o0tod x10l6tqk x13vifvy xh8yej3\" alt=\"\" referrerpolicy=\"origin-when-cross-origin\" src=\"https:\/\/www.europesays.com\/fr\/wp-content\/uploads\/2025\/12\/596926914_1456553566474963_8586216505909224479_n.jpg\"\/><\/b><\/p>\n<p>&#13;<\/p>\n<p>Quand l\u2019hiver strasbourgeois se fait trop s\u00e9rieux, le Mekane r\u00e9pond par une nuit 100 % soleil et rythmes latins. Le r\u00e9veillon commence autour d\u2019un d\u00eener de gala g\u00e9n\u00e9reux, histoire de bien poser les bases avant de laisser place \u00e0 la f\u00eate. Une fois les assiettes rang\u00e9es, la piste s\u2019embrase. Salsa, bachata, reggaeton, tubes f\u00e9d\u00e9rateurs\u2026 les DJ encha\u00eenent les sons qui font bouger m\u00eame les plus timides. \u00c0 minuit, le cr\u00e9mant coule, les embrassades se multiplient et l\u2019ann\u00e9e se termine dans une ambiance chaleureuse, presque familiale. Un Nouvel An id\u00e9al pour celles et ceux qui aiment danser sans retenue et commencer 2026 avec le sourire.<\/p>\n<p>&#13;<\/p>\n<p><a href=\"https:\/\/my.weezevent.com\/nouvelanlatino?fbclid=IwY2xjawO3mpZleHRuA2FlbQIxMABicmlkETAzTlZiNGRpWWVaYlRFMmFoc3J0YwZhcHBfaWQQMjIyMDM5MTc4ODIwMDg5MgABHjoJP41ftsUPnhN2sUHmJgYoF2yxaPPOm1eoma1cmKWKRvzk0uv4Ontwdih2_aem_mnvENXs-IuCQqu6NYpL0iQ\" rel=\"nofollow noopener noreferrer\" target=\"_blank\"><strong>Plus d&rsquo;infos<\/strong><\/a><\/p>\n<p>&#13;<br \/>\n<b>La + intense\u00a0: le Nouvel An marathon du Studio Saglio<\/b>&#13;<\/p>\n<p><b><img decoding=\"async\" data-imgperflogname=\"profileCoverPhoto\" class=\"xz74otr x1ey2m1c x9f619 x5yr21d xtijo5x x1o0tod x10l6tqk x13vifvy xh8yej3\" alt=\"\" referrerpolicy=\"origin-when-cross-origin\" src=\"https:\/\/www.europesays.com\/fr\/wp-content\/uploads\/2025\/12\/590928578_1285969186908313_3821839337477214787_n.jpg\"\/><\/b><\/p>\n<p>&#13;<\/p>\n<p>Du 31 d\u00e9cembre au 1er janvier midi, le Studio Saglio ouvre grand ses portes pour un r\u00e9veillon hors normes, pens\u00e9 comme un moment de communion avec sa communaut\u00e9. Before, soir\u00e9e, after\u00a0: tout se passe au m\u00eame endroit. Les styles s\u2019encha\u00eenent\u00a0: hardtechno, acidcore, techno&#8230; port\u00e9s par un line-up massif qui ne laisse aucun r\u00e9pit. On danse, on transpire, on se retrouve, on c\u00e9l\u00e8bre la fin d\u2019une ann\u00e9e et le d\u00e9but de la suivante sans jamais quitter la piste. Une coupe de cr\u00e9mant offerte avant minuit, juste ce qu\u2019il faut pour marquer le coup avant de replonger dans le son. Clairement, une option r\u00e9serv\u00e9e aux noctambules tr\u00e8s, tr\u00e8s motiv\u00e9s\u00a0!<\/p>\n<p>&#13;<\/p>\n<p><a href=\"https:\/\/shotgun.live\/fr\/events\/studio-saglio-nye?fbclid=IwY2xjawO3mqVleHRuA2FlbQIxMABicmlkETAzTlZiNGRpWWVaYlRFMmFoc3J0YwZhcHBfaWQQMjIyMDM5MTc4ODIwMDg5MgABHjoZr3A-ZaVIp-dHZMki8TgFJgQOkWaLYe47KfWfjhMsTKUrUidq-Avi8mzk_aem_OKX8h2V1RY_pCScWa-wEvw\" rel=\"nofollow noopener noreferrer\" target=\"_blank\"><strong>Plus d&rsquo;infos<\/strong><\/a><\/p>\n<p>&#13;<br \/>\n<b>La + d\u00e9cal\u00e9e\u00a0: le Show de la Saint-Sylvestre, rire avant de faire la f\u00eate<\/b>&#13;<\/p>\n<p><b><img decoding=\"async\" data-imgperflogname=\"profileCoverPhoto\" class=\"xz74otr x1ey2m1c x9f619 x5yr21d xtijo5x x1o0tod x10l6tqk x13vifvy xh8yej3\" alt=\"\" referrerpolicy=\"origin-when-cross-origin\" src=\"https:\/\/www.europesays.com\/fr\/wp-content\/uploads\/2025\/12\/604529657_1438273304968593_1253554774235820179_n.jpg\"\/><\/b><\/p>\n<p>&#13;<\/p>\n<p>Pour finir l\u2019ann\u00e9e autrement, loin des dancefloors mais pas loin de la f\u00eate, le Show de la Saint-Sylvestre propose un cocktail explosif d\u2019humour, de performances et de fantaisie. Sur sc\u00e8ne, les artistes s\u2019encha\u00eenent dans un joyeux m\u00e9lange de sketchs, num\u00e9ros acrobatiques, musique et surprises en tout genre. C\u2019est piquant, parfois absurde, souvent tr\u00e8s dr\u00f4le, toujours g\u00e9n\u00e9reux. Une mani\u00e8re parfaite de tourner la page de l\u2019ann\u00e9e avec l\u00e9g\u00e8ret\u00e9, avant de filer c\u00e9l\u00e9brer le passage \u00e0 2026, le sourire aux l\u00e8vres et l\u2019esprit d\u00e9j\u00e0 un peu ailleurs.<\/p>\n<p>&#13;<\/p>\n<p><a href=\"https:\/\/www.vostickets.fr\/Billet\/FR\/representation-ESPACE_K-31081-0.wb?REFID=kIo3AAAAAAAVAA&amp;fbclid=IwY2xjawO3mrJleHRuA2FlbQIxMABicmlkETAzTlZiNGRpWWVaYlRFMmFoc3J0YwZhcHBfaWQQMjIyMDM5MTc4ODIwMDg5MgABHul9GcZMOT0H0dY_MLSAiXjlfLIMG03A2JQA92F1FAwG8_pYmC26TaRft3ez_aem_-gND6CctBhQc3Uk7rwrZjg\" rel=\"nofollow noopener noreferrer\" target=\"_blank\"><strong>Plus d&rsquo;infos<\/strong><\/a><\/p>\n","protected":false},"excerpt":{"rendered":"La + spectaculaire\u00a0: The People Circus, le r\u00e9veillon qui met Strasbourg sens dessus dessous&#13; &#13; Sous le chapiteau&hellip;\n","protected":false},"author":2,"featured_media":620381,"comment_status":"","ping_status":"","sticky":false,"template":"","format":"standard","meta":{"footnotes":""},"categories":[2820],"tags":[1111,11,1777,674,1011,27,775,12,25,640],"class_list":{"0":"post-620380","1":"post","2":"type-post","3":"status-publish","4":"format-standard","5":"has-post-thumbnail","7":"category-strasbourg","8":"tag-actu","9":"tag-actualites","10":"tag-eu","11":"tag-europe","12":"tag-fr","13":"tag-france","14":"tag-grand-est","15":"tag-news","16":"tag-republique-francaise","17":"tag-strasbourg"},"share_on_mastodon":{"url":"https:\/\/pubeurope.com\/@fr\/115776133547538908","error":""},"_links":{"self":[{"href":"https:\/\/www.europesays.com\/fr\/wp-json\/wp\/v2\/posts\/620380","targetHints":{"allow":["GET"]}}],"collection":[{"href":"https:\/\/www.europesays.com\/fr\/wp-json\/wp\/v2\/posts"}],"about":[{"href":"https:\/\/www.europesays.com\/fr\/wp-json\/wp\/v2\/types\/post"}],"author":[{"embeddable":true,"href":"https:\/\/www.europesays.com\/fr\/wp-json\/wp\/v2\/users\/2"}],"replies":[{"embeddable":true,"href":"https:\/\/www.europesays.com\/fr\/wp-json\/wp\/v2\/comments?post=620380"}],"version-history":[{"count":0,"href":"https:\/\/www.europesays.com\/fr\/wp-json\/wp\/v2\/posts\/620380\/revisions"}],"wp:featuredmedia":[{"embeddable":true,"href":"https:\/\/www.europesays.com\/fr\/wp-json\/wp\/v2\/media\/620381"}],"wp:attachment":[{"href":"https:\/\/www.europesays.com\/fr\/wp-json\/wp\/v2\/media?parent=620380"}],"wp:term":[{"taxonomy":"category","embeddable":true,"href":"https:\/\/www.europesays.com\/fr\/wp-json\/wp\/v2\/categories?post=620380"},{"taxonomy":"post_tag","embeddable":true,"href":"https:\/\/www.europesays.com\/fr\/wp-json\/wp\/v2\/tags?post=620380"}],"curies":[{"name":"wp","href":"https:\/\/api.w.org\/{rel}","templated":true}]}}