{"id":620390,"date":"2025-12-24T19:17:14","date_gmt":"2025-12-24T19:17:14","guid":{"rendered":"https:\/\/www.europesays.com\/fr\/620390\/"},"modified":"2025-12-24T19:17:14","modified_gmt":"2025-12-24T19:17:14","slug":"remy-cabella-a-nantes-cest-signe","status":"publish","type":"post","link":"https:\/\/www.europesays.com\/fr\/620390\/","title":{"rendered":"R\u00e9my Cabella \u00e0 Nantes, c&rsquo;est sign\u00e9"},"content":{"rendered":"<p>Rel\u00e9gable au moment de cette pause festive, le FC Nantes a l&rsquo;obligation de se renforcer au mercato d&rsquo;hiver. Et \u00e0 en croire <a href=\"https:\/\/www.ouest-france.fr\/sport\/football\/fc-nantes\/mercato-fc-nantes-remy-cabella-cest-signe-le-club-cherche-a-dautres-postes-162267be-e0d8-11f0-8231-0b73c898c870\" target=\"_blank\" rel=\"noopener\">Ouest-France<\/a>, les Canaris ont sign\u00e9 en cette veille de No\u00ebl leur premier joueur en la personne de R\u00e9my Cabella. Le milieu de terrain de 35 ans est pr\u00eat\u00e9 au club de Waldemar Kita jusqu&rsquo;\u00e0 la fin de la saison par l&rsquo;Olympiakos. Et le club grec n&rsquo;a pas pr\u00e9vu d&rsquo;option d&rsquo;achat dans ce dossier rapidement conclu. En manque de temps de jeu du c\u00f4t\u00e9 du Pir\u00e9e, le joueur form\u00e9 \u00e0 Montpellier a accept\u00e9 le challenge propos\u00e9 par les Kita, \u00e0 savoir permettre au FC Nantes de se maintenir en <a href=\"https:\/\/www.foot01.com\/ligue1\" title=\"Ligue 1\" target=\"_blank\" rel=\"noopener\">Ligue 1<\/a>.Les dirigeants nantais ont d\u00e9j\u00e0 fait sauter le fusible entra\u00eeneur, en limogeant Luis Castro pour le remplacer par Ahmed Kantari, mais ils savent que cela ne suffira pas. Les Canaris ont souvent jou\u00e9 avec le feu les derni\u00e8res saisons, mais cette fois ils sont clairement dans le dur. Pour <a href=\"https:\/\/www.foot01.com\/nantes\/cest-fait-cabella-sannonce-au-fc-nantes\" target=\"_self\" rel=\"noopener\">R\u00e9my Cabella, c&rsquo;est un retour rapide en Ligue 1<\/a>, puisque le milieu de terrain avait quitt\u00e9 le LOSC au dernier mercato estival. Depuis deux semaines, sa signature \u00e0 Nantes \u00e9tait annonc\u00e9e, cependant les deux clubs devaient encore finaliser les d\u00e9tails contractuels, notamment concernant le salaire qui est enti\u00e8rement pris en charge par l&rsquo;actuel 17\u1d49 de Ligue 1. C&rsquo;est d\u00e9sormais chose faite, et R\u00e9my Cabella sera \u00e0 la disposition de son nouveau coach d\u00e8s la reprise de l&rsquo;entra\u00eenement apr\u00e8s les f\u00eates de fin d&rsquo;ann\u00e9e.<\/p>\n","protected":false},"excerpt":{"rendered":"Rel\u00e9gable au moment de cette pause festive, le FC Nantes a l&rsquo;obligation de se renforcer au mercato d&rsquo;hiver.&hellip;\n","protected":false},"author":2,"featured_media":620391,"comment_status":"","ping_status":"","sticky":false,"template":"","format":"standard","meta":{"footnotes":""},"categories":[2818],"tags":[1111,11,1777,674,462,1011,27,66,1434,766,12,2636,25],"class_list":{"0":"post-620390","1":"post","2":"type-post","3":"status-publish","4":"format-standard","5":"has-post-thumbnail","7":"category-nantes","8":"tag-actu","9":"tag-actualites","10":"tag-eu","11":"tag-europe","12":"tag-fc-nantes","13":"tag-fr","14":"tag-france","15":"tag-ligue-1","16":"tag-mercato","17":"tag-nantes","18":"tag-news","19":"tag-pays-de-la-loire","20":"tag-republique-francaise"},"share_on_mastodon":{"url":"https:\/\/pubeurope.com\/@fr\/115776156120291077","error":""},"_links":{"self":[{"href":"https:\/\/www.europesays.com\/fr\/wp-json\/wp\/v2\/posts\/620390","targetHints":{"allow":["GET"]}}],"collection":[{"href":"https:\/\/www.europesays.com\/fr\/wp-json\/wp\/v2\/posts"}],"about":[{"href":"https:\/\/www.europesays.com\/fr\/wp-json\/wp\/v2\/types\/post"}],"author":[{"embeddable":true,"href":"https:\/\/www.europesays.com\/fr\/wp-json\/wp\/v2\/users\/2"}],"replies":[{"embeddable":true,"href":"https:\/\/www.europesays.com\/fr\/wp-json\/wp\/v2\/comments?post=620390"}],"version-history":[{"count":0,"href":"https:\/\/www.europesays.com\/fr\/wp-json\/wp\/v2\/posts\/620390\/revisions"}],"wp:featuredmedia":[{"embeddable":true,"href":"https:\/\/www.europesays.com\/fr\/wp-json\/wp\/v2\/media\/620391"}],"wp:attachment":[{"href":"https:\/\/www.europesays.com\/fr\/wp-json\/wp\/v2\/media?parent=620390"}],"wp:term":[{"taxonomy":"category","embeddable":true,"href":"https:\/\/www.europesays.com\/fr\/wp-json\/wp\/v2\/categories?post=620390"},{"taxonomy":"post_tag","embeddable":true,"href":"https:\/\/www.europesays.com\/fr\/wp-json\/wp\/v2\/tags?post=620390"}],"curies":[{"name":"wp","href":"https:\/\/api.w.org\/{rel}","templated":true}]}}