{"id":620418,"date":"2025-12-24T19:45:51","date_gmt":"2025-12-24T19:45:51","guid":{"rendered":"https:\/\/www.europesays.com\/fr\/620418\/"},"modified":"2025-12-24T19:45:51","modified_gmt":"2025-12-24T19:45:51","slug":"ligne-5-le-metro-qui-dessert-les-gares-du-nord-et-de-lest-perturbe","status":"publish","type":"post","link":"https:\/\/www.europesays.com\/fr\/620418\/","title":{"rendered":"Ligne 5\u00a0: le m\u00e9tro qui dessert les gares du Nord et de l\u2019Est perturb\u00e9"},"content":{"rendered":"<p class=\"paragraph text_align_left lp-f-body-02\">La veille de No\u00ebl s\u2019annonce compliqu\u00e9e pour les usagers de la <a href=\"https:\/\/www.leparisien.fr\/info-paris-ile-de-france-oise\/transports\/trop-de-rames-bondees-les-soirs-et-les-week-ends-loffre-de-metro-enfin-renforcee-sur-4-lignes-04-12-2025-MWQLZACRPNH7RI2U436KEZYAMQ.php\" target=\"_blank\" rel=\"noreferrer noopener\">ligne 5<\/a>. Ce mercredi matin, le trafic est tr\u00e8s perturb\u00e9 entre les stations Jaur\u00e8s et R\u00e9publique en raison d\u2019une panne de signalisation survenue \u00e0 <a href=\"https:\/\/www.leparisien.fr\/paris-75\/paris-un-homme-electrise-apres-avoir-monte-sur-un-train-a-la-gare-du-nord-21-11-2025-CCOO7D2IOJE6DETUZEKYR3HYW4.php\" target=\"_blank\" rel=\"noreferrer noopener\">Gare du Nord<\/a>. L\u2019annonce a \u00e9t\u00e9 faite par la <a href=\"https:\/\/www.leparisien.fr\/info-paris-ile-de-france-oise\/transports\/\" target=\"_blank\" rel=\"noreferrer noopener\">RATP<\/a> d\u00e8s 7h20 ce matin.<\/p>\n<p class=\"\">Une interruption totale du trafic est m\u00eame intervenue l\u2019espace de 20 minutes avec une reprise estim\u00e9e \u00e0 12h30. La circulation a finalement repris plus t\u00f4t que pr\u00e9vu mais toujours avec des ralentissements. Une perturbation d\u2019autant plus probl\u00e9matique qu\u2019elle survient en pleine veille de No\u00ebl, alors que des milliers de voyageurs s\u2019appr\u00eatent \u00e0 rejoindre leurs proches en province.<\/p>\n<p>Gare de l\u2019Est et Gare du Nord impact\u00e9s<\/p>\n<p class=\"\">Le timing ne pouvait pas \u00eatre plus mal choisi. La section concern\u00e9e dessert en effet deux gares parisiennes majeures : la gare du Nord et la gare de l\u2019Est. L\u2019interruption et ralentissements de la ligne 5 complique ainsi consid\u00e9rablement l\u2019acc\u00e8s \u00e0 ces points n\u00e9vralgiques du r\u00e9seau ferr\u00e9 national.<\/p>\n<p class=\"\">En attendant que le trafic soit fluide, les voyageurs peuvent emprunter des itin\u00e9raires alternatifs. Les lignes 2, 4 et 7 permettent \u00e9galement de rejoindre les grandes gares parisiennes.<\/p>\n","protected":false},"excerpt":{"rendered":"La veille de No\u00ebl s\u2019annonce compliqu\u00e9e pour les usagers de la ligne 5. Ce mercredi matin, le trafic&hellip;\n","protected":false},"author":2,"featured_media":615888,"comment_status":"","ping_status":"","sticky":false,"template":"","format":"standard","meta":{"footnotes":""},"categories":[1888],"tags":[11,1777,674,1011,27,1944,12,626,25,2382],"class_list":{"0":"post-620418","1":"post","2":"type-post","3":"status-publish","4":"format-standard","5":"has-post-thumbnail","7":"category-paris","8":"tag-actualites","9":"tag-eu","10":"tag-europe","11":"tag-fr","12":"tag-france","13":"tag-ma-ville","14":"tag-news","15":"tag-paris","16":"tag-republique-francaise","17":"tag-transport-idf-oise"},"share_on_mastodon":{"url":"https:\/\/pubeurope.com\/@fr\/115776270135282615","error":""},"_links":{"self":[{"href":"https:\/\/www.europesays.com\/fr\/wp-json\/wp\/v2\/posts\/620418","targetHints":{"allow":["GET"]}}],"collection":[{"href":"https:\/\/www.europesays.com\/fr\/wp-json\/wp\/v2\/posts"}],"about":[{"href":"https:\/\/www.europesays.com\/fr\/wp-json\/wp\/v2\/types\/post"}],"author":[{"embeddable":true,"href":"https:\/\/www.europesays.com\/fr\/wp-json\/wp\/v2\/users\/2"}],"replies":[{"embeddable":true,"href":"https:\/\/www.europesays.com\/fr\/wp-json\/wp\/v2\/comments?post=620418"}],"version-history":[{"count":0,"href":"https:\/\/www.europesays.com\/fr\/wp-json\/wp\/v2\/posts\/620418\/revisions"}],"wp:featuredmedia":[{"embeddable":true,"href":"https:\/\/www.europesays.com\/fr\/wp-json\/wp\/v2\/media\/615888"}],"wp:attachment":[{"href":"https:\/\/www.europesays.com\/fr\/wp-json\/wp\/v2\/media?parent=620418"}],"wp:term":[{"taxonomy":"category","embeddable":true,"href":"https:\/\/www.europesays.com\/fr\/wp-json\/wp\/v2\/categories?post=620418"},{"taxonomy":"post_tag","embeddable":true,"href":"https:\/\/www.europesays.com\/fr\/wp-json\/wp\/v2\/tags?post=620418"}],"curies":[{"name":"wp","href":"https:\/\/api.w.org\/{rel}","templated":true}]}}