{"id":620425,"date":"2025-12-24T19:52:17","date_gmt":"2025-12-24T19:52:17","guid":{"rendered":"https:\/\/www.europesays.com\/fr\/620425\/"},"modified":"2025-12-24T19:52:17","modified_gmt":"2025-12-24T19:52:17","slug":"los-angeles-et-le-sud-de-la-californie-en-alerte-face-au-risque-dinondations-pour-noel","status":"publish","type":"post","link":"https:\/\/www.europesays.com\/fr\/620425\/","title":{"rendered":"Los Angeles et le sud de la Californie en alerte face au risque d\u2019inondations pour No\u00ebl"},"content":{"rendered":"<p>A la veille de No\u00ebl, la ville de <a href=\"https:\/\/www.20minutes.fr\/dossier\/los_angeles\" target=\"_blank\" class=\"c-link c-link--is-underlined\" rel=\"noopener\">Los Angeles<\/a> et une grande partie du sud de la <a href=\"https:\/\/www.20minutes.fr\/dossier\/californie\" target=\"_blank\" class=\"c-link c-link--is-underlined\" rel=\"noopener\">Californie<\/a> ont \u00e9t\u00e9 plac\u00e9es en alerte maximale en raison d\u2019un risque \u00e9lev\u00e9 d\u2019<a href=\"https:\/\/www.20minutes.fr\/dossier\/inondation\" target=\"_blank\" class=\"c-link c-link--is-underlined\" rel=\"noopener\">inondations<\/a> li\u00e9 \u00e0 des pluies torrentielles. Un ph\u00e9nom\u00e8ne m\u00e9t\u00e9orologique intense, qualifi\u00e9 de \u00ab\u00a0rivi\u00e8re atmosph\u00e9rique\u00a0\u00bb, traverse actuellement l\u2019Etat et doit se maintenir jusqu\u2019\u00e0 la fin de semaine, apportant de fortes pr\u00e9cipitations, des <a href=\"https:\/\/www.20minutes.fr\/dossier\/vent\" target=\"_blank\" class=\"c-link c-link--is-underlined\" rel=\"noopener\">vents<\/a> violents et d\u2019importantes <a href=\"https:\/\/www.20minutes.fr\/dossier\/neige\" target=\"_blank\" class=\"c-link c-link--is-underlined\" rel=\"noopener\">chutes de neige<\/a> en altitude.<\/p>\n<p>Dans leur dernier bulletin publi\u00e9 mercredi, les <a href=\"https:\/\/x.com\/NWSLosAngeles\/status\/2003886979591688703\" rel=\"nofollow\" target=\"_blank\" class=\"c-link c-link--is-underlined\">services m\u00e9t\u00e9orologiques<\/a> ont averti que \u00ab\u00a0des crues soudaines et g\u00e9n\u00e9ralis\u00e9es sont attendues\u00a0\u00bb, soulignant que \u00ab\u00a0des vies et des biens sont en grave danger\u00a0\u00bb. Certaines zones du sud de la Californie pourraient recevoir en quelques jours l\u2019\u00e9quivalent de plusieurs mois de pluie, justifiant le maintien d\u2019une vigilance maximale au moins jusqu\u2019\u00e0 jeudi matin.<\/p>\n<p>Plus de 200 foyers sous le coup d\u2019un ordre d\u2019\u00e9vacuation<\/p>\n<p>Face \u00e0 la d\u00e9gradation rapide des conditions, les autorit\u00e9s locales ont pris des mesures pr\u00e9ventives. La police de Los Angeles a indiqu\u00e9 que plus de 200 foyers avaient d\u00e9j\u00e0 re\u00e7u un ordre d\u2019<a href=\"https:\/\/www.20minutes.fr\/dossier\/evacuation\" target=\"_blank\" class=\"c-link c-link--is-underlined\" rel=\"noopener\">\u00e9vacuation<\/a>, tandis que de vastes secteurs de la m\u00e9tropole sont plac\u00e9s sous pr\u00e9avis. Le bassin de Los Angeles ainsi que la ville c\u00f4ti\u00e8re de Santa Monica figurent parmi les zones identifi\u00e9es comme les plus expos\u00e9es aux inondations.<\/p>\n<\/p>\n<p>La situation est particuli\u00e8rement pr\u00e9occupante dans les quartiers de <a href=\"https:\/\/www.20minutes.fr\/monde\/etats-unis\/diaporama-4132545-images-spectaculaire-incendie-los-angeles-ravage-quartier-aise-ville\" target=\"_blank\" class=\"c-link c-link--is-underlined\" rel=\"noopener\">Pacific Palisades<\/a> et de Malibu, d\u00e9j\u00e0 fragilis\u00e9s par de violents incendies survenus l\u2019an dernier. Les fortes pluies y font craindre des glissements de terrain et des coul\u00e9es de boue. Mardi soir, Ariel Cohen, des services m\u00e9t\u00e9orologiques, a pr\u00e9cis\u00e9 que de nombreuses zones pourraient \u00eatre touch\u00e9es par \u00ab\u00a0des <a href=\"https:\/\/www.20minutes.fr\/dossier\/glissement-de-terrain\" target=\"_blank\" class=\"c-link c-link--is-underlined\" rel=\"noopener\">glissements de terrain<\/a> et des coul\u00e9es de boue, en particulier dans les zones montagneuses et les routes traversant les canyons\u00a0\u00bb.<\/p>\n<p>D\u00e9bordement de cours d\u2019eau et d\u00e9bris<\/p>\n<p class=\"mb-m@xs text-l@xs\">En cliquant sur\u00ab J\u2019accepte \u00bb, vous acceptez le d\u00e9p\u00f4t de cookies par des services externes et aurez ainsi acc\u00e8s aux contenus de nos partenaires.<\/p>\n<p class=\"mb-xl@xs text-s@xs\">Plus d\u2019informations sur la page<a href=\"https:\/\/www.20minutes.fr\/gestion-cookies\" class=\"mx-xxs@xs color-ultramarine\" target=\"_blank\" rel=\"noopener\">Politique de gestion des cookies<\/a><\/p>\n<p>J\u2019accepte<\/p>\n<p>Les autorit\u00e9s d\u00e9conseillent fortement de circuler dans les secteurs affect\u00e9s. Les risques de d\u00e9bordement des cours d\u2019eau et la pr\u00e9sence potentielle de d\u00e9bris sur les routes compliquent la circulation dans une agglom\u00e9ration largement d\u00e9pendante de la voiture. Selon le Los Angeles Times, plusieurs axes majeurs \u00e9taient d\u00e9j\u00e0 fortement congestionn\u00e9s mercredi, tandis que des images de t\u00e9l\u00e9visions locales montraient des automobilistes immobilis\u00e9s sous des pluies intenses.<\/p>\n<p><a href=\"https:\/\/www.20minutes.fr\/monde\/etats-unis\/\" target=\"_blank\" class=\"c-link c-btn c-btn--primary\" rel=\"noopener\">Notre dossier sur les Etats-Unis<\/a><\/p>\n<p>La temp\u00eate s\u2019accompagne \u00e9galement de rafales de vent pouvant d\u00e9passer les 80 km\/h dans l\u2019ensemble de la Californie. \u00ab\u00a0La combinaison d\u2019un sol de plus en plus satur\u00e9 et de vents violents risque d\u2019entra\u00eener la chute d\u2019arbres et de pyl\u00f4nes \u00e9lectriques\u00a0\u00bb, ont averti les services m\u00e9t\u00e9orologiques. En parall\u00e8le, jusqu\u2019\u00e0 30 centim\u00e8tres de neige sont d\u00e9j\u00e0 tomb\u00e9s cette semaine dans la Sierra Nevada, o\u00f9 de nouvelles chutes sont attendues jusqu\u2019\u00e0 vendredi.<\/p>\n","protected":false},"excerpt":{"rendered":"A la veille de No\u00ebl, la ville de Los Angeles et une grande partie du sud de la&hellip;\n","protected":false},"author":2,"featured_media":620426,"comment_status":"","ping_status":"","sticky":false,"template":"","format":"standard","meta":{"footnotes":""},"categories":[1589],"tags":[47,11,2139,73,1866,5220,4458,3059,6116,2487,74,12,52,4459,7747,1864,1865,1863,308,7919],"class_list":{"0":"post-620425","1":"post","2":"type-post","3":"status-publish","4":"format-standard","5":"has-post-thumbnail","7":"category-etats-unis","8":"tag-actualite","9":"tag-actualites","10":"tag-californie","11":"tag-etats-unis","12":"tag-etats-unis-damerique","13":"tag-evacuation","14":"tag-inondation","15":"tag-intemperies","16":"tag-los-angeles","17":"tag-meteo","18":"tag-monde","19":"tag-news","20":"tag-planete","21":"tag-pluie","22":"tag-tempete","23":"tag-united-states","24":"tag-united-states-of-america","25":"tag-us","26":"tag-usa","27":"tag-vent"},"share_on_mastodon":{"url":"https:\/\/pubeurope.com\/@fr\/115776293834672065","error":""},"_links":{"self":[{"href":"https:\/\/www.europesays.com\/fr\/wp-json\/wp\/v2\/posts\/620425","targetHints":{"allow":["GET"]}}],"collection":[{"href":"https:\/\/www.europesays.com\/fr\/wp-json\/wp\/v2\/posts"}],"about":[{"href":"https:\/\/www.europesays.com\/fr\/wp-json\/wp\/v2\/types\/post"}],"author":[{"embeddable":true,"href":"https:\/\/www.europesays.com\/fr\/wp-json\/wp\/v2\/users\/2"}],"replies":[{"embeddable":true,"href":"https:\/\/www.europesays.com\/fr\/wp-json\/wp\/v2\/comments?post=620425"}],"version-history":[{"count":0,"href":"https:\/\/www.europesays.com\/fr\/wp-json\/wp\/v2\/posts\/620425\/revisions"}],"wp:featuredmedia":[{"embeddable":true,"href":"https:\/\/www.europesays.com\/fr\/wp-json\/wp\/v2\/media\/620426"}],"wp:attachment":[{"href":"https:\/\/www.europesays.com\/fr\/wp-json\/wp\/v2\/media?parent=620425"}],"wp:term":[{"taxonomy":"category","embeddable":true,"href":"https:\/\/www.europesays.com\/fr\/wp-json\/wp\/v2\/categories?post=620425"},{"taxonomy":"post_tag","embeddable":true,"href":"https:\/\/www.europesays.com\/fr\/wp-json\/wp\/v2\/tags?post=620425"}],"curies":[{"name":"wp","href":"https:\/\/api.w.org\/{rel}","templated":true}]}}