{"id":620431,"date":"2025-12-24T19:56:14","date_gmt":"2025-12-24T19:56:14","guid":{"rendered":"https:\/\/www.europesays.com\/fr\/620431\/"},"modified":"2025-12-24T19:56:14","modified_gmt":"2025-12-24T19:56:14","slug":"si-violences-il-y-a-eu-lex-conjoint-les-aurait-commises-a-linsu-de-son-plein-gre","status":"publish","type":"post","link":"https:\/\/www.europesays.com\/fr\/620431\/","title":{"rendered":"Si violences il y a eu, l\u2019ex conjoint les aurait commises \u00e0 l\u2019insu de son plein gr\u00e9"},"content":{"rendered":"<p><strong>Une femme a port\u00e9 plainte jeudi 11 d\u00e9cembre contre son ex conjoint pour violences pr\u00e9tendument commises \u00e0 Brottes. Un couple d\u2019amis \u00e9galement. L\u2019int\u00e9ress\u00e9 s\u2019est d\u00e9fendu d\u2019avoir port\u00e9 un seul coup, pointant au contraire du doigt la responsabilit\u00e9 de ses accusateurs.<\/strong><\/p>\n<p>La premi\u00e8re plaignante a indiqu\u00e9 qu\u2019elle avait \u00ab\u00a0fait ses cartons\u00a0\u00bb et que, le lendemain 11 d\u00e9cembre, alors qu\u2019elle investissait son nouveau logement \u00e0 Brottes, le compagnon dont elle s\u2019\u00e9tait s\u00e9par\u00e9e l\u2019avait vue dans sa cour. Elle \u00e9tait alors avec une de ses filles, une coll\u00e8gue de travail et le conjoint de celle-ci.\u00a0<\/p>\n<p>L\u2019homme qu\u2019elle avait quitt\u00e9 aurait alors d\u00e9boul\u00e9, un soup\u00e7on \u00e9nerv\u00e9. Au point que le conjoint de sa coll\u00e8gue se serait interpos\u00e9. En retour, il aurait \u00e9t\u00e9 frapp\u00e9 par l\u2019ex-mari, qui aurait en outre brandi la menace de r\u00e9gler les comptes, de ne pas en rester l\u00e0.<\/p>\n<p>Le chat de la discorde<\/p>\n<p>Entendu sur les faits reproch\u00e9s par les policiers de Chaumont, le mis en cause a, pour sa part, expliqu\u00e9 que sa fille lui ayant donn\u00e9 la nouvelle adresse de son \u00ab\u00a0ex\u00a0\u00bb, il avait voulu r\u00e9cup\u00e9rer un chat et les carnets de vaccination de deux chiens. Il \u00e9tait en effet convenu, a-t-il soutenu, qu\u2019il gardait leurs deux chiens et leurs deux chats. C\u2019est alors, selon lui, que la coll\u00e8gue de son ex-compagne l\u2019aurait bouscul\u00e9, avant que son mari le jette au sol. Il aurait demand\u00e9 le fameux chat manquant.\u00a0<\/p>\n<p>Sur les coups port\u00e9s dont il est accus\u00e9, peut-\u00eatre\u2026 mais alors en tombant, sans intention, a-t-il avanc\u00e9. Aucun \u00ab\u00a0flou\u00a0\u00bb en revanche sur les menaces\u00a0: il a certifi\u00e9 ne pas les avoir prof\u00e9r\u00e9es.<\/p>\n<p>Le mis en cause, \u00e2g\u00e9 de 64 ans, est convoqu\u00e9 pour une ordonnance p\u00e9nale le 6 f\u00e9vrier prochain.<\/p>\n<p><strong>Fabienne Ausserre<\/strong><\/p>\n<p>f.ausserre@jhm.fr<\/p>\n","protected":false},"excerpt":{"rendered":"Une femme a port\u00e9 plainte jeudi 11 d\u00e9cembre contre son ex conjoint pour violences pr\u00e9tendument commises \u00e0 Brottes.&hellip;\n","protected":false},"author":2,"featured_media":620432,"comment_status":"","ping_status":"","sticky":false,"template":"","format":"standard","meta":{"footnotes":""},"categories":[1586],"tags":[11,1777,674,1779,1011,27,12,25,1778,364],"class_list":{"0":"post-620431","1":"post","2":"type-post","3":"status-publish","4":"format-standard","5":"has-post-thumbnail","7":"category-europe","8":"tag-actualites","9":"tag-eu","10":"tag-europe","11":"tag-european-union","12":"tag-fr","13":"tag-france","14":"tag-news","15":"tag-republique-francaise","16":"tag-ue","17":"tag-union-europeenne"},"share_on_mastodon":{"url":"https:\/\/pubeurope.com\/@fr\/115776309518694454","error":""},"_links":{"self":[{"href":"https:\/\/www.europesays.com\/fr\/wp-json\/wp\/v2\/posts\/620431","targetHints":{"allow":["GET"]}}],"collection":[{"href":"https:\/\/www.europesays.com\/fr\/wp-json\/wp\/v2\/posts"}],"about":[{"href":"https:\/\/www.europesays.com\/fr\/wp-json\/wp\/v2\/types\/post"}],"author":[{"embeddable":true,"href":"https:\/\/www.europesays.com\/fr\/wp-json\/wp\/v2\/users\/2"}],"replies":[{"embeddable":true,"href":"https:\/\/www.europesays.com\/fr\/wp-json\/wp\/v2\/comments?post=620431"}],"version-history":[{"count":0,"href":"https:\/\/www.europesays.com\/fr\/wp-json\/wp\/v2\/posts\/620431\/revisions"}],"wp:featuredmedia":[{"embeddable":true,"href":"https:\/\/www.europesays.com\/fr\/wp-json\/wp\/v2\/media\/620432"}],"wp:attachment":[{"href":"https:\/\/www.europesays.com\/fr\/wp-json\/wp\/v2\/media?parent=620431"}],"wp:term":[{"taxonomy":"category","embeddable":true,"href":"https:\/\/www.europesays.com\/fr\/wp-json\/wp\/v2\/categories?post=620431"},{"taxonomy":"post_tag","embeddable":true,"href":"https:\/\/www.europesays.com\/fr\/wp-json\/wp\/v2\/tags?post=620431"}],"curies":[{"name":"wp","href":"https:\/\/api.w.org\/{rel}","templated":true}]}}