{"id":620433,"date":"2025-12-24T19:57:21","date_gmt":"2025-12-24T19:57:21","guid":{"rendered":"https:\/\/www.europesays.com\/fr\/620433\/"},"modified":"2025-12-24T19:57:21","modified_gmt":"2025-12-24T19:57:21","slug":"lalgerie-adopte-une-loi-qui-denonce-la-france-voici-ce-quelle-contient","status":"publish","type":"post","link":"https:\/\/www.europesays.com\/fr\/620433\/","title":{"rendered":"L\u2019Alg\u00e9rie adopte une loi qui d\u00e9nonce la France, voici ce qu\u2019elle contient"},"content":{"rendered":"<p>        <img decoding=\"async\" loading=\"lazy\" src=\"https:\/\/www.europesays.com\/fr\/wp-content\/uploads\/2025\/12\/9324f81_upload-1-8nyllmp1fbs8-afp-20250322-hl-quentindegroeve-2709196-v1-midres-franceflagalgeria.jp.jpeg\"  width=\"728\" height=\"485\" alt=\"L\u2019Alg\u00e9rie adopte une loi qui d\u00e9nonce la France, voici ce qu\u2019elle contient\"\/>  <\/p>\n<p>QUENTIN DE GROEVE \/ Hans Lucas via AFP<\/p>\n<p>L\u2019Alg\u00e9rie adopte une loi qui d\u00e9nonce la France, voici ce qu\u2019elle contient<\/p>\n<p class=\"asset asset-text\">Une loi et des excuses. Le <a href=\"https:\/\/www.huffingtonpost.fr\/politique\/article\/pourquoi-la-resolution-denoncant-les-accords-avec-l-algerie-adoptee-par-l-assemblee-ne-change-rien_256592.html\" rel=\"nofollow noopener\" target=\"_blank\">Parlement alg\u00e9rien <\/a>a adopt\u00e9 ce mercredi 24\u00a0d\u00e9cembre \u00e0 l\u2019unanimit\u00e9 une loi criminalisant la colonisation fran\u00e7aise (1830-1962) et r\u00e9clamant \u00e0 la France \u00ab\u00a0des excuses officielles\u00a0\u00bb, un geste \u00e0 forte port\u00e9e symbolique qui pourrait exacerber l<a href=\"https:\/\/www.huffingtonpost.fr\/politique\/article\/face-a-l-algerie-la-france-a-quelques-leviers-de-pression-mais-leur-efficacite-n-est-pas-garantie_244693.html\" rel=\"nofollow noopener\" target=\"_blank\">es tensions entre deux pays <\/a>d\u00e9j\u00e0 en crise.<\/p>\n<p class=\"asset asset-text\">Debout dans l\u2019h\u00e9micycle, les d\u00e9put\u00e9s, \u00e9charpe aux couleurs du drapeau alg\u00e9rien autour du cou, ont applaudi le passage du texte qui fait porter \u00e0 l\u2019\u00c9tat fran\u00e7ais \u00ab\u00a0la responsabilit\u00e9 juridique de son pass\u00e9 colonial en Alg\u00e9rie et des trag\u00e9dies qu\u2019il a engendr\u00e9es\u00a0\u00bb. \u00ab\u00a0Vive l\u2019Alg\u00e9rie\u00a0!\u00a0\u00bb, ont-ils scand\u00e9 sous les youyous.<\/p>\n<p class=\"asset asset-text\">Le pr\u00e9sident de l\u2019Assembl\u00e9e populaire nationale, Brahim Boughali, a salu\u00e9 l\u2019approbation de la l\u00e9gislation \u00ab\u00a0\u00e0 l\u2019unanimit\u00e9\u00a0\u00bb des pr\u00e9sents.<\/p>\n<p class=\"asset asset-text\">Du c\u00f4t\u00e9 de la France, on estime que ceci est \u00ab\u00a0une initiative manifestement hostile, \u00e0 la fois \u00e0 la volont\u00e9 de reprise du dialogue franco-alg\u00e9rien, et \u00e0 un travail serein sur les enjeux m\u00e9moriels\u00a0\u00bb, a r\u00e9agi le minist\u00e8re fran\u00e7ais des Affaires \u00e9trang\u00e8res.<\/p>\n<p>                     La liste des \u00ab\u00a0crimes de la colonisation fran\u00e7aise\u00a0\u00bb    <\/p>\n<p class=\"asset asset-text\">Cette nouvelle loi liste\u00a0les \u00ab\u00a0crimes de la colonisation fran\u00e7aise\u00a0\u00bb, jug\u00e9s imprescriptibles\u00a0: \u00ab\u00a0essais nucl\u00e9aires\u00a0\u00bb, \u00ab\u00a0ex\u00e9cutions extrajudiciaires\u00a0\u00bb, \u00ab\u00a0pratique de la torture physique et psychologique\u00a0\u00bb \u00e0 large \u00e9chelle et \u00ab\u00a0pillage syst\u00e9matique des richesses\u00a0\u00bb.<\/p>\n<p class=\"asset asset-text\">Elle stipule qu\u2019\u00ab\u00a0une indemnisation compl\u00e8te et \u00e9quitable pour tous les dommages mat\u00e9riels et moraux engendr\u00e9s par la colonisation fran\u00e7aise est un droit inali\u00e9nable pour l\u2019\u00c9tat et le peuple alg\u00e9riens\u00a0\u00bb.<\/p>\n<p class=\"asset asset-text\">Selon le texte, l\u2019\u00c9tat alg\u00e9rien s\u2019emploiera \u00e0 r\u00e9clamer \u00e0 la France qu\u2019elle d\u00e9contamine les sites des essais nucl\u00e9aires. Entre 1960 et 1966, la France a proc\u00e9d\u00e9 \u00e0 17 essais sur plusieurs sites dans le Sahara alg\u00e9rien.<\/p>\n<p class=\"asset asset-text\">Le texte qualifie \u00e9galement de \u00ab\u00a0haute trahison\u00a0\u00bb la \u00ab\u00a0collaboration des harkis\u00a0\u00bb, le nom donn\u00e9 aux auxiliaires alg\u00e9riens de l\u2019arm\u00e9e fran\u00e7aise, et pr\u00e9voit de punir toute personne faisant l\u2019apologie ou justifiant la colonisation.<\/p>\n<p class=\"asset asset-text\">Ce week-end lors des d\u00e9bats, Brahim Boughali avait assur\u00e9 que cette d\u00e9marche \u00ab\u00a0ne ciblait aucun peuple, ne cherchait ni vengeance ni \u00e0 attiser les rancunes\u00a0\u00bb.<\/p>\n<p>    Ind\u00e9niablement symbolique, mais \u00ab\u00a0aucune port\u00e9e internationale\u00a0\u00bb    <\/p>\n<p class=\"asset asset-text\">Malgr\u00e9 la dimension ind\u00e9niablement symbolique de la loi, son impact r\u00e9el sur les revendications de r\u00e9parations pourrait \u00eatre limit\u00e9. \u00ab\u00a0Juridiquement, cette loi n\u2019a aucune port\u00e9e internationale et ne peut donc obliger la France\u00a0\u00bb, a comment\u00e9 pour l\u2019AFP Hosni Kitouni, chercheur en histoire de la p\u00e9riode coloniale \u00e0 l\u2019universit\u00e9 britannique d\u2019Exeter.<\/p>\n<p class=\"asset asset-text\">Mais \u00ab\u00a0elle marque un moment de rupture dans le rapport m\u00e9moriel avec la France\u00a0\u00bb, a-t-il estim\u00e9.<\/p>\n<p class=\"asset asset-text\">Interrog\u00e9 la semaine derni\u00e8re sur ce vote, le porte-parole du minist\u00e8re fran\u00e7ais des Affaires \u00e9trang\u00e8res, Pascal Confavreux, a indiqu\u00e9 ne pas faire de commentaires \u00ab\u00a0s\u2019agissant de d\u00e9bats politiques qui se passent dans les pays \u00e9trangers\u00a0\u00bb, mais ne pouvait que d\u00e9plorer une telle initiative, relevant \u00ab\u00a0l\u2019ampleur du travail engag\u00e9 par le pr\u00e9sident\u00a0\u00bb Emmanuel Macron s\u2019agissant de la m\u00e9moire de la colonisation au travers d\u2019une commission mixte d\u2019historiens fran\u00e7ais et alg\u00e9riens.<\/p>\n<p class=\"asset asset-text\">\u00ab\u00a0Nous continuons de travailler \u00e0 la reprise d\u2019un dialogue exigeant avec l\u2019Alg\u00e9rie, qui puisse r\u00e9pondre aux int\u00e9r\u00eats prioritaires de la France et des Fran\u00e7ais, en particulier s\u2019agissant des questions s\u00e9curitaires et migratoires\u00a0\u00bb, ajoute n\u00e9anmoins le minist\u00e8re.<\/p>\n<p>                     Tensions exacerb\u00e9es    <\/p>\n<p class=\"asset asset-text\">Le vote intervient au moment o\u00f9 Paris et Alger restent emp\u00eatr\u00e9s dans une crise diplomatique, \u00e0 la suite de la reconnaissance \u00e0 l\u2019\u00e9t\u00e9 2024 par la France d\u2019un plan d\u2019autonomie \u00ab\u00a0sous souverainet\u00e9 marocaine\u00a0\u00bb pour le Sahara occidental.<\/p>\n<p class=\"asset asset-text\"><a href=\"https:\/\/www.huffingtonpost.fr\/politique\/article\/l-algerie-n-a-pas-du-tout-apprecie-le-durcissement-de-la-position-de-macron_253368.html\" rel=\"nofollow noopener\" target=\"_blank\">Plusieurs \u00e9pisodes ont depuis aggrav\u00e9 les tensions,<\/a> comme la condamnation et l\u2019incarc\u00e9ration de l\u2019\u00e9crivain franco-alg\u00e9rien Boualem Sansal, finalement graci\u00e9 \u00e0 la faveur d\u2019une intervention allemande.<\/p>\n<p class=\"asset asset-text\">La question de la colonisation fran\u00e7aise en Alg\u00e9rie est un sujet tr\u00e8s sensible, qui demeure l\u2019une des principales sources de tensions entre Paris et Alger.<\/p>\n<p>                     \u00ab\u00a0Ce pass\u00e9 que nous devons regarder en face\u00a0\u00bb    <\/p>\n<p class=\"asset asset-text\">La conqu\u00eate de l\u2019Alg\u00e9rie, \u00e0 partir de 1830, a \u00e9t\u00e9 marqu\u00e9e par des tueries massives et la destruction de ses structures socio-\u00e9conomiques ainsi que par des d\u00e9portations \u00e0 grande \u00e9chelle selon des historiens. De nombreuses r\u00e9voltes ont \u00e9t\u00e9 r\u00e9prim\u00e9es avant une sanglante guerre d\u2019ind\u00e9pendance (1954-1962) qui a fait 1,5\u00a0million de morts alg\u00e9riens selon l\u2019Alg\u00e9rie, 500.000 dont 400.000 Alg\u00e9riens selon les historiens fran\u00e7ais.<\/p>\n<p class=\"asset asset-text\">En 2017, Emmanuel Macron, alors candidat \u00e0 la pr\u00e9sidentielle fran\u00e7aise, avait qualifi\u00e9 la colonisation de l\u2019Alg\u00e9rie de \u00ab\u00a0crime\u00a0contre l\u2019humanit\u00e9\u00a0\u00bb. \u00ab\u00a0\u00c7a fait partie de ce pass\u00e9 que nous devons regarder en face en pr\u00e9sentant aussi nos excuses \u00e0 l\u2019\u00e9gard de celles et ceux envers lesquels nous avons commis ces gestes\u00a0\u00bb, avait-il dit.<\/p>\n<p class=\"asset asset-text\">La criminalisation de la colonisation fran\u00e7aise a \u00e9t\u00e9 mise sur la table \u00e0 plusieurs reprises depuis les ann\u00e9es 1980 en Alg\u00e9rie, sans aboutir jusqu\u2019ici.<\/p>\n","protected":false},"excerpt":{"rendered":"QUENTIN DE GROEVE \/ Hans Lucas via AFP L\u2019Alg\u00e9rie adopte une loi qui d\u00e9nonce la France, voici ce&hellip;\n","protected":false},"author":2,"featured_media":620434,"comment_status":"","ping_status":"","sticky":false,"template":"","format":"standard","meta":{"footnotes":"","_share_on_mastodon":"0"},"categories":[2],"tags":[11,15,9129,45410,1011,27,14,12,25],"class_list":["post-620433","post","type-post","status-publish","format-standard","has-post-thumbnail","category-actualites","tag-actualites","tag-algerie","tag-colonialisme","tag-colonisation","tag-fr","tag-france","tag-international","tag-news","tag-republique-francaise"],"share_on_mastodon":{"url":"https:\/\/pubeurope.com\/@fr\/115776314279074715","error":""},"_links":{"self":[{"href":"https:\/\/www.europesays.com\/fr\/wp-json\/wp\/v2\/posts\/620433","targetHints":{"allow":["GET"]}}],"collection":[{"href":"https:\/\/www.europesays.com\/fr\/wp-json\/wp\/v2\/posts"}],"about":[{"href":"https:\/\/www.europesays.com\/fr\/wp-json\/wp\/v2\/types\/post"}],"author":[{"embeddable":true,"href":"https:\/\/www.europesays.com\/fr\/wp-json\/wp\/v2\/users\/2"}],"replies":[{"embeddable":true,"href":"https:\/\/www.europesays.com\/fr\/wp-json\/wp\/v2\/comments?post=620433"}],"version-history":[{"count":0,"href":"https:\/\/www.europesays.com\/fr\/wp-json\/wp\/v2\/posts\/620433\/revisions"}],"wp:featuredmedia":[{"embeddable":true,"href":"https:\/\/www.europesays.com\/fr\/wp-json\/wp\/v2\/media\/620434"}],"wp:attachment":[{"href":"https:\/\/www.europesays.com\/fr\/wp-json\/wp\/v2\/media?parent=620433"}],"wp:term":[{"taxonomy":"category","embeddable":true,"href":"https:\/\/www.europesays.com\/fr\/wp-json\/wp\/v2\/categories?post=620433"},{"taxonomy":"post_tag","embeddable":true,"href":"https:\/\/www.europesays.com\/fr\/wp-json\/wp\/v2\/tags?post=620433"}],"curies":[{"name":"wp","href":"https:\/\/api.w.org\/{rel}","templated":true}]}}