{"id":620435,"date":"2025-12-24T19:59:17","date_gmt":"2025-12-24T19:59:17","guid":{"rendered":"https:\/\/www.europesays.com\/fr\/620435\/"},"modified":"2025-12-24T19:59:17","modified_gmt":"2025-12-24T19:59:17","slug":"des-flocons-attendus-a-tres-basse-altitude-ou-va-t-il-neiger-durant-ce-reveillon-de-noel","status":"publish","type":"post","link":"https:\/\/www.europesays.com\/fr\/620435\/","title":{"rendered":"Des flocons attendus \u00e0 tr\u00e8s basse altitude\u00a0: o\u00f9 va-t-il neiger durant ce r\u00e9veillon de No\u00ebl"},"content":{"rendered":"<p>\n                                                                Des chutes de neige sont annonc\u00e9es, m\u00eame en plaine, pour la soir\u00e9e du 24 et la matin\u00e9e du 25\u00a0d\u00e9cembre. Le point.\n                            <\/p>\n<p>Apr\u00e8s trois semaines de douceur marqu\u00e9e sur le territoire, un rafra\u00eechissement des temp\u00e9ratures s\u2019est install\u00e9 pour cette semaine de No\u00ebl avec le positionnement d\u2019un anticyclone sur le nord de l\u2019Europe.\u00a0Les temp\u00e9ratures baissent nettement et la bise de nord-est, soufflant entre 50 et 70\u00a0km\/h en rafales, renforce la sensation de froid hivernal.<\/p>\n<p>Comme le souligne <a href=\"https:\/\/meteofrance.com\/\" target=\"_self\" rel=\"noopener\">M\u00e9t\u00e9o France<\/a>, dans la nuit de mercredi\u00a024 au jeudi 25\u00a0d\u00e9cembre, une nouvelle goutte froide traverse le pays, de la fronti\u00e8re allemande \u00e0 la fa\u00e7ade atlantique. Dans son sillage, une masse d\u2019air froid envahit l\u2019Hexagone. Des chutes de neige sont attendues \u00e0 tr\u00e8s basses altitudes, voire jusqu\u2019en plaine, en fin de journ\u00e9e et en soir\u00e9e.<\/p>\n<p>Ainsi, sont annonc\u00e9s quelques centim\u00e8tres de neige \u00e0 basse altitude dans la vall\u00e9e du Rh\u00f4ne, plus particuli\u00e8rement entre la Dr\u00f4me et l\u2019Ard\u00e8che. Pr\u00e9cis\u00e9ment, 2 \u00e0 5 centim\u00e8tres de neige, plus localement 5 \u00e0 10\u00a0cm, sont attendus.<\/p>\n<p>Des flocons s\u2019inviteront aussi en plaine du Grand-Est, \u00e0 l\u2019int\u00e9rieur de la Normandie, jusqu\u2019au nord de la Nouvelle-Aquitaine. Ils tomberont cependant en faibles quantit\u00e9s et seront \u00e9pars.<\/p>\n<p>Par ailleurs, sur les reliefs de l\u2019est et du centre, quelques centim\u00e8tres de neige au sol sont \u00e9galement possibles.<\/p>\n<p>Au matin du 25, les pr\u00e9cipitations pourraient \u00e9galement prendre localement la forme de pluies vergla\u00e7antes sur certains secteurs du Tarn et de l\u2019Aveyron.<\/p>\n<blockquote data-class=\"twitter-tweet\">\n<p lang=\"fr\" dir=\"ltr\">Temps hivernal pour <a href=\"https:\/\/twitter.com\/hashtag\/No%C3%ABl?src=hash&amp;ref_src=twsrc%5Etfw\" target=\"_blank\" rel=\"noopener\">#No\u00ebl<\/a>, avec une masse d\u2019air froid qui envahit le pays.<\/p>\n<p>\\u2744\\ufe0f Chutes de neige attendues \u00e0 tr\u00e8s basses altitudes, voire jusqu\u2019en plaine, en fin de journ\u00e9e du 24 jusqu&rsquo;au matin.<\/p>\n<p>Prudence sur la route ! Restez inform\u00e9s avec notre Vigilance : <a href=\"https:\/\/t.co\/SBcDaJ44jS\">https:\/\/t.co\/SBcDaJ44jS<\/a> <a href=\"https:\/\/t.co\/UmVorAchnv\">pic.twitter.com\/UmVorAchnv<\/a><\/p>\n<p>\u2014 M\u00e9t\u00e9o-France (@meteofrance) <a href=\"https:\/\/twitter.com\/meteofrance\/status\/2003782408643203241?ref_src=twsrc%5Etfw\" target=\"_blank\" rel=\"noopener\">December 24, 2025<\/a><\/p><\/blockquote>\n<p>Jour de No\u00ebl<\/p>\n<p>\u00ab\u00a0Avec une temp\u00e9rature moyenne nationale pr\u00e9vue de 3\u00a0\u00b0C, ce 25\u00a0d\u00e9cembre 2025 devrait \u00eatre le No\u00ebl le plus froid depuis quinze ans, c\u2019est-\u00e0-dire depuis 2010 o\u00f9 la moyenne nationale \u00e9tait nettement plus basse et voisine de 0\u00a0\u00b0C\u00a0\u00bb, indique la cha\u00eene de pr\u00e9visions m\u00e9t\u00e9orologiques.<\/p>\n<p>Malgr\u00e9 le froid, un \u00ab\u00a0soleil g\u00e9n\u00e9reux\u00a0\u00bb fera son retour\u00a0sur les Hauts-de-France, la Normandie, le Bassin parisien et le Centre-Val-de-Loire, jusqu\u2019au Lyonnais, \u00e0 la Haute-Savoie, au Jura et au Grand-Est.<\/p>\n<p>Cependant, sur les Alpes frontali\u00e8res et la fa\u00e7ade orientale de la Corse, un vent d\u2019est perturb\u00e9 soufflera avec des averses orageuses en Haute-Corse. Dans le Sud-Ouest, l\u2019Occitanie sera \u00e0 nouveau arros\u00e9e par de nouvelles pluies.<\/p>\n<p>Ce mercredi 24\u00a0d\u00e9cembre, plusieurs d\u00e9partements sont plac\u00e9s en alerte jaune neige-verglas ou grand-froid. La Dr\u00f4me et l\u2019Ard\u00e8che sont en vigilance orange neige-verglas.<\/p>\n<p>                                                                                                                                                                                                        <script async src=\"https:\/\/platform.twitter.com\/widgets.js\" charset=\"utf-8\"><\/script><\/p>\n","protected":false},"excerpt":{"rendered":"Des chutes de neige sont annonc\u00e9es, m\u00eame en plaine, pour la soir\u00e9e du 24 et la matin\u00e9e du&hellip;\n","protected":false},"author":2,"featured_media":620436,"comment_status":"","ping_status":"","sticky":false,"template":"","format":"standard","meta":{"footnotes":""},"categories":[2],"tags":[1111,11,1011,27,15882,12,25],"class_list":{"0":"post-620435","1":"post","2":"type-post","3":"status-publish","4":"format-standard","5":"has-post-thumbnail","7":"category-actualites","8":"tag-actu","9":"tag-actualites","10":"tag-fr","11":"tag-france","12":"tag-mu00e9tu00e9o","13":"tag-news","14":"tag-republique-francaise"},"share_on_mastodon":{"url":"","error":""},"_links":{"self":[{"href":"https:\/\/www.europesays.com\/fr\/wp-json\/wp\/v2\/posts\/620435","targetHints":{"allow":["GET"]}}],"collection":[{"href":"https:\/\/www.europesays.com\/fr\/wp-json\/wp\/v2\/posts"}],"about":[{"href":"https:\/\/www.europesays.com\/fr\/wp-json\/wp\/v2\/types\/post"}],"author":[{"embeddable":true,"href":"https:\/\/www.europesays.com\/fr\/wp-json\/wp\/v2\/users\/2"}],"replies":[{"embeddable":true,"href":"https:\/\/www.europesays.com\/fr\/wp-json\/wp\/v2\/comments?post=620435"}],"version-history":[{"count":0,"href":"https:\/\/www.europesays.com\/fr\/wp-json\/wp\/v2\/posts\/620435\/revisions"}],"wp:featuredmedia":[{"embeddable":true,"href":"https:\/\/www.europesays.com\/fr\/wp-json\/wp\/v2\/media\/620436"}],"wp:attachment":[{"href":"https:\/\/www.europesays.com\/fr\/wp-json\/wp\/v2\/media?parent=620435"}],"wp:term":[{"taxonomy":"category","embeddable":true,"href":"https:\/\/www.europesays.com\/fr\/wp-json\/wp\/v2\/categories?post=620435"},{"taxonomy":"post_tag","embeddable":true,"href":"https:\/\/www.europesays.com\/fr\/wp-json\/wp\/v2\/tags?post=620435"}],"curies":[{"name":"wp","href":"https:\/\/api.w.org\/{rel}","templated":true}]}}