{"id":620453,"date":"2025-12-24T20:17:31","date_gmt":"2025-12-24T20:17:31","guid":{"rendered":"https:\/\/www.europesays.com\/fr\/620453\/"},"modified":"2025-12-24T20:17:31","modified_gmt":"2025-12-24T20:17:31","slug":"cette-chaine-culte-pour-enfants-devient-adulte-un-revirement-pour-cette-chaine-familiale-mais-avant-tout-jeunesse","status":"publish","type":"post","link":"https:\/\/www.europesays.com\/fr\/620453\/","title":{"rendered":"Cette cha\u00eene culte pour enfants \u00ab\u00a0devient adulte\u00a0\u00bb, un revirement pour cette cha\u00eene \u00ab\u00a0familiale mais avant tout jeunesse\u00a0\u00bb"},"content":{"rendered":"<p>En 1985, Canal J ouvrait ses portes et devenait la premi\u00e8re<br \/>\ncha\u00eene fran\u00e7aise enti\u00e8rement d\u00e9di\u00e9e aux <strong>enfants de 3 \u00e0<br \/>\n14<\/strong> ans. Accessible uniquement sur le c\u00e2ble \u00e0 l\u2019\u00e9poque,<br \/>\nelle place la France en deuxi\u00e8me position dans le monde apr\u00e8s les<br \/>\n\u00c9tats-Unis pour le lancement d\u2019une cha\u00eene 100% jeunesse. Depuis, le<br \/>\npaysage audiovisuel fran\u00e7ais a largement \u00e9volu\u00e9, avec une vingtaine<br \/>\nde cha\u00eenes jeunesse proposant contes, s\u00e9ries, documentaires et<br \/>\ncomptines, ravissant les enfants de tous \u00e2ges. Cependant, une<br \/>\ncha\u00eene en particulier, tr\u00e8s pris\u00e9e des enfants, s\u2019appr\u00eate \u00e0<br \/>\nmodifier son orientation pour cibler un public adulte.<\/p>\n<p>Une cha\u00eene jeunesse pl\u00e9biscit\u00e9e par les familles<\/p>\n<p>Face \u00e0 la place grandissante des \u00e9crans, la question du<br \/>\n<strong>contenu adapt\u00e9 aux enfants<\/strong> reste centrale. Si les<br \/>\ncha\u00eenes g\u00e9n\u00e9ralistes diffusent parfois des programmes familiaux,<br \/>\nelles ne r\u00e9pondent pas toujours aux besoins sp\u00e9cifiques des plus<br \/>\njeunes. C\u2019est pourquoi les cha\u00eenes jeunesse occupent un r\u00f4le cl\u00e9,<br \/>\nen proposant des \u00e9missions, jeux, dessins anim\u00e9s et films pens\u00e9s<br \/>\npour les enfants et les adolescents, dans un cadre plus s\u00e9curis\u00e9 et<br \/>\ncoh\u00e9rent avec leur \u00e2ge.<\/p>\n<p>Dans ce contexte, <strong>l\u2019une d\u2019entre elles s\u2019est r\u00e9cemment<br \/>\ndistingu\u00e9e<\/strong> en d\u00e9crochant le titre de \u00ab\u00a0Cha\u00eene TV<br \/>\npr\u00e9f\u00e9r\u00e9e des familles 2026\u00a0\u00bb. Cette distinction s\u2019inscrit dans<br \/>\nle cadre du label Marques et Familles, attribu\u00e9 chaque ann\u00e9e \u00e0<br \/>\nl\u2019issue d\u2019un grand vote. Pour l\u2019\u00e9dition 2025, la Grande enqu\u00eate des<br \/>\nmarques, enseignes et m\u00e9dias pr\u00e9f\u00e9r\u00e9s des familles s\u2019est tenue du<br \/>\n22 octobre au 7 d\u00e9cembre, avec la participation de 763 familles,<br \/>\navant la r\u00e9v\u00e9lation officielle des r\u00e9sultats.<\/p>\n<p>Gulli face \u00e0 un tournant d\u00e9cisif<\/p>\n<p>Aux yeux des familles, <strong>Gulli<\/strong> reste une valeur<br \/>\ns\u00fbre. La cha\u00eene a de nouveau \u00e9t\u00e9 sacr\u00e9e meilleure cha\u00eene de<br \/>\nt\u00e9l\u00e9vision familiale, une distinction qu\u2019elle d\u00e9croche sans<br \/>\ninterruption depuis 2022 selon les donn\u00e9es du label. Cette<br \/>\nreconnaissance souligne la place centrale occup\u00e9e par la chaine<br \/>\ndans le <strong>paysage audiovisuel jeunesse<\/strong>, gr\u00e2ce \u00e0<br \/>\n<a href=\"https:\/\/www.melty.fr\/divers\/films-de-noel-voici-la-liste-des-meilleurs-a-voir-en-famille-classes-par-age-pour-eviter-les-mauvaises-surprises-2284734.html\" target=\"_blank\" rel=\"noopener\"><br \/>\nune offre pens\u00e9e pour rassembler enfants et parents autour de<br \/>\ncontenus accessibles et f\u00e9d\u00e9rateurs<\/a>.<\/p>\n<p>Dans un communiqu\u00e9, <strong>Philippe Bony<\/strong>, pr\u00e9sident de<br \/>\nla cha\u00eene, a salu\u00e9 cette confiance renouvel\u00e9e. \u00ab\u00a0Nous sommes<br \/>\ntr\u00e8s heureux de cette reconnaissance renouvel\u00e9e pour 2026. C\u00a0\u00bbest<br \/>\nune belle preuve de confiance de la part de notre public. Cela nous<br \/>\nencourage \u00e0 continuer d&rsquo;offrir des programmes \u00e0 la fois<br \/>\ndivertissants et enrichissants pour les jeunes g\u00e9n\u00e9rations mais<br \/>\naussi pour toute la famille\u00a0\u00bb. Toutefois, une interrogation<br \/>\ndemeure, puisque Gulli amorcera un virage important \u00e0 partir du 5<br \/>\njanvier 2026, avec l\u2019arriv\u00e9e de contenus destin\u00e9s aux adultes.<\/p>\n<p>\u00ab\u00a0C&rsquo;est bien \u00e9videmment la pire id\u00e9e<br \/>\n!\u00a0\u00bb<\/p>\n<p>\u00c0 partir de janvier 2026, la grille de Gulli laissera une large<br \/>\nplace \u00e0 <strong>Un d\u00eener presque parfait<\/strong>, diffus\u00e9<br \/>\nde la mi journ\u00e9e jusqu\u2019\u00e0 la fin d\u2019apr\u00e8s midi puis de nouveau en<br \/>\nd\u00e9but de soir\u00e9e. Ce choix du groupe M6 marque une volont\u00e9 assum\u00e9e<br \/>\nd\u2019\u00e9largir la cible de la cha\u00eene vers un public adulte. Une<br \/>\norientation qui interroge, alors m\u00eame que le groupe dispose d\u00e9j\u00e0 de<br \/>\ncha\u00eenes comme W9 et 6ter sur la TNT.<\/p>\n<p>Sans surprise, cette \u00e9volution suscite une vague de r\u00e9actions<br \/>\nsur X. De nombreux internautes d\u00e9noncent <strong>une perte de<br \/>\nrep\u00e8res<\/strong> et expriment leur nostalgie d\u2019une \u00e9poque r\u00e9volue.<br \/>\n\u00ab\u00a0Il est loin le temps o\u00f9 gulli diffusait de vrais programmes,<br \/>\ndessins anim\u00e9s et \u00e9missions vraiment destin\u00e9s \u00e0 la jeunesse, o\u00f9 tu<br \/>\npouvais mettre gulli et ne pas \u00eatre d\u00e9\u00e7u de sa programmation,<br \/>\nmaintenant c\u2019est comme canal j et tiji, nul nul et nul\u00a0\u00bb.<\/p>\n<p>D\u2019autres pointent <strong>un non respect des<br \/>\nengagements<\/strong>. \u00ab\u00a0La chaine ne respecte pas du tout ses<br \/>\nengagements vis \u00e0 vis de l&rsquo;arcom. Gulli se d\u00e9finit comme une chaine<br \/>\njeunesse mais y&rsquo;a de moin en moin de dessins anim\u00e9s de qualit\u00e9<br \/>\njustement\u00a0\u00bb. <a href=\"https:\/\/www.melty.fr\/societe\/bfm-tv-sous-le-feu-des-critiques-a-t-elle-fait-appel-a-un-comedien-pour-plusieurs-reportages-2255668.html\" target=\"_blank\" rel=\"noopener\"><br \/>\nLes critiques se multiplient<\/a>. \u00ab\u00a0Oui c&rsquo;est bizarre en plus je<br \/>\ncrois que c&rsquo;est la seule cha\u00eene gratuite avec un public<br \/>\nraisonnablement jeune en moyenne Dommage\u00a0\u00bb ou encore \u00ab\u00a0M6<br \/>\nest entrain de tuer les cha\u00eenes jeunesse depuis des ann\u00e9es\u00a0\u00bb.<br \/>\nPour certains, le constat est sans appel. \u00ab\u00a0Et oui ils sont en<br \/>\ntrain de faire de gulli une cha\u00eene g\u00e9n\u00e9raliste et c&rsquo;est bien<br \/>\n\u00e9videmment la pire id\u00e9e\u00a0\u00bb.<\/p>\n","protected":false},"excerpt":{"rendered":"En 1985, Canal J ouvrait ses portes et devenait la premi\u00e8re cha\u00eene fran\u00e7aise enti\u00e8rement d\u00e9di\u00e9e aux enfants de&hellip;\n","protected":false},"author":2,"featured_media":620454,"comment_status":"","ping_status":"","sticky":false,"template":"","format":"standard","meta":{"footnotes":""},"categories":[1356],"tags":[58,59,1011,27,252,65861,1364],"class_list":{"0":"post-620453","1":"post","2":"type-post","3":"status-publish","4":"format-standard","5":"has-post-thumbnail","7":"category-television","8":"tag-divertissement","9":"tag-entertainment","10":"tag-fr","11":"tag-france","12":"tag-television","13":"tag-trend","14":"tag-tv"},"share_on_mastodon":{"url":"https:\/\/pubeurope.com\/@fr\/115776391953742153","error":""},"_links":{"self":[{"href":"https:\/\/www.europesays.com\/fr\/wp-json\/wp\/v2\/posts\/620453","targetHints":{"allow":["GET"]}}],"collection":[{"href":"https:\/\/www.europesays.com\/fr\/wp-json\/wp\/v2\/posts"}],"about":[{"href":"https:\/\/www.europesays.com\/fr\/wp-json\/wp\/v2\/types\/post"}],"author":[{"embeddable":true,"href":"https:\/\/www.europesays.com\/fr\/wp-json\/wp\/v2\/users\/2"}],"replies":[{"embeddable":true,"href":"https:\/\/www.europesays.com\/fr\/wp-json\/wp\/v2\/comments?post=620453"}],"version-history":[{"count":0,"href":"https:\/\/www.europesays.com\/fr\/wp-json\/wp\/v2\/posts\/620453\/revisions"}],"wp:featuredmedia":[{"embeddable":true,"href":"https:\/\/www.europesays.com\/fr\/wp-json\/wp\/v2\/media\/620454"}],"wp:attachment":[{"href":"https:\/\/www.europesays.com\/fr\/wp-json\/wp\/v2\/media?parent=620453"}],"wp:term":[{"taxonomy":"category","embeddable":true,"href":"https:\/\/www.europesays.com\/fr\/wp-json\/wp\/v2\/categories?post=620453"},{"taxonomy":"post_tag","embeddable":true,"href":"https:\/\/www.europesays.com\/fr\/wp-json\/wp\/v2\/tags?post=620453"}],"curies":[{"name":"wp","href":"https:\/\/api.w.org\/{rel}","templated":true}]}}