{"id":620493,"date":"2025-12-24T20:50:24","date_gmt":"2025-12-24T20:50:24","guid":{"rendered":"https:\/\/www.europesays.com\/fr\/620493\/"},"modified":"2025-12-24T20:50:24","modified_gmt":"2025-12-24T20:50:24","slug":"un-retour-acte-et-plusieurs-departs-en-bretagne-en-janvier","status":"publish","type":"post","link":"https:\/\/www.europesays.com\/fr\/620493\/","title":{"rendered":"un retour act\u00e9 et plusieurs d\u00e9parts en Bretagne en janvier ?"},"content":{"rendered":"<p data-start=\"81\" data-end=\"708\">D\u00e9cid\u00e9ment, le Stade Rennais n&rsquo;est pas avare en transferts \u00e0 l&rsquo;approche du mercato d&rsquo;hiver. <a href=\"https:\/\/www.foot-national.com\/mercato\/en-quete-dun-renfort-offensif-rennes-et-habib-beye-visent-un-crack-argentin-a-relancer-934008\" target=\"_blank\" rel=\"noopener\">Le club breton avance sur la piste du milieu de terrain argentin de Manchester City, Claudio Echeverri, dont le pr\u00eat au Bayer Leverkusen (Allemagne) a \u00e9t\u00e9 cass\u00e9<\/a>. Les Rouge et Noir pourraient \u00e9galement enregistrer un retour, certes non pr\u00e9vu, mais qui pourrait arriver rapidement. Selon le journaliste Nicolo Schira, l&rsquo;international danois (8 s\u00e9lections, 1 but) Albert Gr\u00f8nb\u00e6k ne ferait plus partie des plans du c\u00f4t\u00e9 de Genoa (Italie) et pourrait retourner en Bretagne d\u00e8s janvier, lui qui avait \u00e9t\u00e9 pr\u00eat\u00e9 par Rennes au club italien depuis l&rsquo;\u00e9t\u00e9.<\/p>\n<p>Plusieurs d\u00e9parts envisag\u00e9s cet hiver<\/p>\n<p data-start=\"755\" data-end=\"1313\" data-is-last-node=\"\" data-is-only-node=\"\">Le SRFC a activ\u00e9 plusieurs options en simultan\u00e9. Selon les informations d\u2019Ouest-France, et quelle que soit l\u2019issue pour Echeverri, le club devrait accueillir un renfort dans l&rsquo;entrejeu rennais, tandis que l\u2019international finlandais (70 s\u00e9lections, 2 buts) Glen Kamara est invit\u00e9 \u00e0 partir, lui qui n&rsquo;a disput\u00e9 que 26 minutes sous le maillot rennais cette saison. Toujours selon le m\u00e9dia local, il faudra \u00e9galement surveiller la situation de Ludovic Blas, qui aurait des envies d\u2019ailleurs apr\u00e8s \u00eatre pass\u00e9 de titulaire \u00e0 rempla\u00e7ant sous les ordres d\u2019Habib Beye.<\/p>\n<p>Partagez cette info avec vos amis et vos proches en cliquant ici<br \/>Rennes : un retour et plusieurs d\u00e9part en Bretagne cet hiver<\/p>\n<p>Le Stade Rennais pourrait voir Albert Gr\u00f8nb\u00e6k revenir de son pr\u00eat \u00e0 Genoa en janvier. Glen Kamara et Ludovic Blas sont susceptibles de partir, tandis que le club avance sur le dossier du milieu argentin Claudio Echeverri.<\/p>\n<p> <img decoding=\"async\" width=\"76\" height=\"76\" loading=\"lazy\" src=\"https:\/\/static.wui.fr\/images_v3\/avatar-footnational.png\" alt=\"Clement Fradique\"\/><\/p>\n","protected":false},"excerpt":{"rendered":"D\u00e9cid\u00e9ment, le Stade Rennais n&rsquo;est pas avare en transferts \u00e0 l&rsquo;approche du mercato d&rsquo;hiver. Le club breton avance&hellip;\n","protected":false},"author":2,"featured_media":620494,"comment_status":"","ping_status":"","sticky":false,"template":"","format":"standard","meta":{"footnotes":""},"categories":[2821],"tags":[1111,11,829,1777,674,1011,27,64961,73038,12,584,25],"class_list":{"0":"post-620493","1":"post","2":"type-post","3":"status-publish","4":"format-standard","5":"has-post-thumbnail","7":"category-rennes","8":"tag-actu","9":"tag-actualites","10":"tag-bretagne","11":"tag-eu","12":"tag-europe","13":"tag-fr","14":"tag-france","15":"tag-ligue-1-actus","16":"tag-ligue-1-mercato","17":"tag-news","18":"tag-rennes","19":"tag-republique-francaise"},"share_on_mastodon":{"url":"https:\/\/pubeurope.com\/@fr\/115776523205027560","error":""},"_links":{"self":[{"href":"https:\/\/www.europesays.com\/fr\/wp-json\/wp\/v2\/posts\/620493","targetHints":{"allow":["GET"]}}],"collection":[{"href":"https:\/\/www.europesays.com\/fr\/wp-json\/wp\/v2\/posts"}],"about":[{"href":"https:\/\/www.europesays.com\/fr\/wp-json\/wp\/v2\/types\/post"}],"author":[{"embeddable":true,"href":"https:\/\/www.europesays.com\/fr\/wp-json\/wp\/v2\/users\/2"}],"replies":[{"embeddable":true,"href":"https:\/\/www.europesays.com\/fr\/wp-json\/wp\/v2\/comments?post=620493"}],"version-history":[{"count":0,"href":"https:\/\/www.europesays.com\/fr\/wp-json\/wp\/v2\/posts\/620493\/revisions"}],"wp:featuredmedia":[{"embeddable":true,"href":"https:\/\/www.europesays.com\/fr\/wp-json\/wp\/v2\/media\/620494"}],"wp:attachment":[{"href":"https:\/\/www.europesays.com\/fr\/wp-json\/wp\/v2\/media?parent=620493"}],"wp:term":[{"taxonomy":"category","embeddable":true,"href":"https:\/\/www.europesays.com\/fr\/wp-json\/wp\/v2\/categories?post=620493"},{"taxonomy":"post_tag","embeddable":true,"href":"https:\/\/www.europesays.com\/fr\/wp-json\/wp\/v2\/tags?post=620493"}],"curies":[{"name":"wp","href":"https:\/\/api.w.org\/{rel}","templated":true}]}}