{"id":620499,"date":"2025-12-24T20:55:19","date_gmt":"2025-12-24T20:55:19","guid":{"rendered":"https:\/\/www.europesays.com\/fr\/620499\/"},"modified":"2025-12-24T20:55:19","modified_gmt":"2025-12-24T20:55:19","slug":"on-fait-le-point-sur-la-situation-des-artistes-de-lopera-de-nice-leur-alerte-lors-de-la-representation-de-casse-noisette","status":"publish","type":"post","link":"https:\/\/www.europesays.com\/fr\/620499\/","title":{"rendered":"on fait le point sur la situation des artistes de l\u2019op\u00e9ra de Nice leur alerte lors de la repr\u00e9sentation de \u00ab Casse-Noisette \u00bb"},"content":{"rendered":"<p class=\"fs-5 \">Les repr\u00e9sentations de Casse-Noisette, le c\u00e9l\u00e8bre ballet de Tcha\u00efkovsky, s\u2019encha\u00eenent <strong>\u00e0 guichet presque ferm\u00e9<\/strong> depuis le 17 d\u00e9cembre. Une date qui est celle de la premi\u00e8re repr\u00e9sentation de cette version modernis\u00e9e par le chor\u00e9graphe Benjamin Millepied.<\/p>\n<p class=\"fs-5 \">Mais aussi celle o\u00f9 <a href=\"https:\/\/www.nicematin.com\/culture\/modernise-par-benjamin-millepied-casse-noisette-enchante-l-opera-de-nice-10661527\" target=\"_blank\" rel=\"noopener\">les artistes de l\u2019op\u00e9ra de Nice ont lanc\u00e9 un cri d\u2019alerte<\/a> pour d\u00e9noncer <strong>la \u00ab grande pr\u00e9carit\u00e9 \u00bb des jeunes recrues<\/strong> avec des salaires proches du Smic (1).<\/p>\n<p class=\"fs-5 \">\u00ab Il y a trois ans, il y avait eu une mobilisation des trois corps de m\u00e9tier (orchestre, ch\u0153ur et ballet) pour d\u00e9noncer le manque de revalorisation salariale depuis quarante ans, rembobine Violaine Darmon, violon solo de l\u2019orchestre philharmonique de l\u2019op\u00e9ra. On avait alors obtenu un rattrapage partiel du retard avec une augmentation d\u2019environ 10 %. \u00bb<\/p>\n<p class=\"fs-5 \">La r\u00e9f\u00e9rente CGT poursuit : \u00ab \u00e0 ce moment-l\u00e0, le ballet gagnait<strong> \u00e0 peine plus de 1.600 euros net<\/strong>, un salaire bas quand on sait que Nice est la deuxi\u00e8me ville la plus ch\u00e8re de France. \u00bb<\/p>\n<p>        <img src=\"https:\/\/www.europesays.com\/fr\/wp-content\/uploads\/2025\/12\/1766609719_872_1a6a6c0_ftp-1-p9g8l4wqbtsa-80d50822d349664d528d50v-01254735.png\"   loading=\"lazy\" decoding=\"async\" alt=\"Casse-Noisette est jou\u00e9 jusqu\u2019au 31 d\u00e9cembre \u00e0 l\u2019Op\u00e9ra de Nice. \" class=\"img-fluid position-absolute w-100 object-fit-cover rounded-2\" width=\"600\" height=\"400\"\/><\/p>\n<p>                                                                                \u00ab On ne veut pas deux miettes de plus sur les salaires \u00bb<\/p>\n<p class=\"fs-5 \">Les artistes s\u2019\u00e9taient alors \u00ab engag\u00e9s \u00bb, \u00e0 ne pas attendre \u00e0 nouveau quarante ans pour agir. \u00ab Nous avons un statut contractuel tr\u00e8s particulier avec une grille de salaire comme pour la fonction publique, partage Violaine Darmon. Mais rien n\u2019a \u00e9t\u00e9 fait pendant trois ans. \u00bb<\/p>\n<p class=\"fs-5 \">Aujourd\u2019hui, tous d\u00e9plorent des acc\u00e8s difficiles au logement avec de faibles salaires. \u00ab Les solistes du ballet de Nice touchent <strong>jusqu\u2019\u00e0 1.000 euros de moins qu\u2019\u00e0 Toulouse<\/strong>, par exemple, souligne la musicienne. Il y a de nombreuses diff\u00e9rences salariales sur les postes les plus qualifi\u00e9s. Comment peut-on attirer des personnes de ce niveau-l\u00e0 dans ces conditions ? \u00bb<\/p>\n<p class=\"fs-5 \">La repr\u00e9sentante syndicale \u00e9voque \u00e9galement des salaires qui ne correspondent pas \u00e0 l\u2019anciennet\u00e9. \u00ab On a un sentiment de d\u00e9consid\u00e9ration. Et on ne veut pas obtenir seulement deux miettes de plus sur nos salaires. \u00bb<\/p>\n<p>                                                                                \u00ab L\u2019artistique ne devrait pas \u00eatre une variable d\u2019ajustement \u00bb<\/p>\n<p class=\"fs-5 \">Dans le viseur \u00e9galement :<strong> les contrats \u00e0 dur\u00e9e d\u00e9termin\u00e9e<\/strong>. \u00ab Le plus souvent, les jeunes danseurs passent six ans en CDD avant de pouvoir acc\u00e9der \u00e0 un CDI, r\u00e9v\u00e8le la violoniste. Et apr\u00e8s ces six ans, on leur dit parfois au revoir pour prendre d\u2019autres danseurs plus jeunes. \u00bb<\/p>\n<p class=\"fs-5 \">Autant de griefs qui ont pouss\u00e9 les artistes \u00e0 s\u2019exprimer devant le public, le 17 d\u00e9cembre. \u00ab Nous avons envoy\u00e9 un courrier au maire \u00e0 l\u2019automne pour entamer de nouvelles n\u00e9gociations salariales et le syndicat a propos\u00e9 de nouvelles grilles, fait savoir Violaine Darmon. L\u2019artistique ne devrait pas \u00eatre une variable d\u2019ajustement. Encore moins pour une ville qui ambitionne le label national. \u00bb<\/p>\n<p>                                                                                La Ville souhaite maintenir le dialogue<\/p>\n<p class=\"fs-5 \">\u00ab La Ville et son op\u00e9ra ont engag\u00e9 depuis 2023 une r\u00e9forme ambitieuse pour<strong> am\u00e9liorer les conditions de carri\u00e8re et de r\u00e9mun\u00e9ration des artistes<\/strong>, revendique le directeur de l\u2019op\u00e9ra de Nice. Alors qu\u2019un dialogue permanent a toujours \u00e9t\u00e9 maintenu avec les organisations syndicales, il est important de rappeler que des mesures concr\u00e8tes ont d\u00e9j\u00e0 \u00e9t\u00e9 mises en \u0153uvre. \u00bb<\/p>\n<p class=\"fs-5 \">Une revalorisation des salaires a \u00e9t\u00e9 op\u00e9r\u00e9e entre 2023 et janvier 2025 \u00ab en tenant compte de chaque corps de m\u00e9tier \u00bb, poursuit Bertrand Rossi, avec en moyenne \u00ab plus de 250 euros par mois pour les musiciens, plus de 137 euros pour les choristes, et jusqu\u2019\u00e0 328 euros pour les danseurs, soit un effort budg\u00e9taire annuel de 570.000 euros pour la collectivit\u00e9. \u00bb<\/p>\n<p class=\"fs-5 \">Des mesures \u00ab prises en lien avec les organisations syndicales \u00bb et qui \u00ab d\u00e9montrent le soutien ind\u00e9fectible de la Ville de Nice en faveur de l\u2019op\u00e9ra et de ses artistes, qui en 2024-2025 ont permis 365 \u00e9v\u00e9nements et l\u2019accueil de 80.000 spectateurs \u00bb, constate le directeur.<\/p>\n<p class=\"fs-5 \">Concernant l\u2019intervention des artistes lors de la premi\u00e8re et leurs revendications, Bertrand Rossi se veut rassurant : \u00ab Tr\u00e8s attach\u00e9s au dialogue social, nous sommes en train d\u2019\u00e9tudier ces propositions et sommes pr\u00eats \u00e0 en discuter. Nous souhaitons que le dialogue permanent, qui existe d\u00e9j\u00e0, soit maintenu \u00bb.<\/p>\n<p class=\"fs-5 \">\u00ab <strong>L\u2019op\u00e9ra est une fiert\u00e9 ni\u00e7oise<\/strong>. Il incarne notre ambition culturelle : exigeante, vivante, profond\u00e9ment ancr\u00e9e dans notre territoire et r\u00e9solument ouverte sur le monde \u00bb, conclut-il.<\/p>\n<p class=\"fs-6\">1. Salaire minimum interprofessionnel de croissance.<\/p>\n<p class=\"fs-6\">\u00ab Casse-Noisette \u00bb, jusqu\u2019au 31 d\u00e9cembre \u00e0 l\u2019op\u00e9ra de Nice. 19 \u00e0 47 euros. 04.92.17.40.40.<\/p>\n","protected":false},"excerpt":{"rendered":"Les repr\u00e9sentations de Casse-Noisette, le c\u00e9l\u00e8bre ballet de Tcha\u00efkovsky, s\u2019encha\u00eenent \u00e0 guichet presque ferm\u00e9 depuis le 17 d\u00e9cembre.&hellip;\n","protected":false},"author":2,"featured_media":620500,"comment_status":"","ping_status":"","sticky":false,"template":"","format":"standard","meta":{"footnotes":""},"categories":[2819],"tags":[1111,11,1777,674,1011,27,12,2401,882,25],"class_list":{"0":"post-620499","1":"post","2":"type-post","3":"status-publish","4":"format-standard","5":"has-post-thumbnail","7":"category-nice","8":"tag-actu","9":"tag-actualites","10":"tag-eu","11":"tag-europe","12":"tag-fr","13":"tag-france","14":"tag-news","15":"tag-nice","16":"tag-provence-alpes-cote-dazur","17":"tag-republique-francaise"},"share_on_mastodon":{"url":"https:\/\/pubeurope.com\/@fr\/115776542405363720","error":""},"_links":{"self":[{"href":"https:\/\/www.europesays.com\/fr\/wp-json\/wp\/v2\/posts\/620499","targetHints":{"allow":["GET"]}}],"collection":[{"href":"https:\/\/www.europesays.com\/fr\/wp-json\/wp\/v2\/posts"}],"about":[{"href":"https:\/\/www.europesays.com\/fr\/wp-json\/wp\/v2\/types\/post"}],"author":[{"embeddable":true,"href":"https:\/\/www.europesays.com\/fr\/wp-json\/wp\/v2\/users\/2"}],"replies":[{"embeddable":true,"href":"https:\/\/www.europesays.com\/fr\/wp-json\/wp\/v2\/comments?post=620499"}],"version-history":[{"count":0,"href":"https:\/\/www.europesays.com\/fr\/wp-json\/wp\/v2\/posts\/620499\/revisions"}],"wp:featuredmedia":[{"embeddable":true,"href":"https:\/\/www.europesays.com\/fr\/wp-json\/wp\/v2\/media\/620500"}],"wp:attachment":[{"href":"https:\/\/www.europesays.com\/fr\/wp-json\/wp\/v2\/media?parent=620499"}],"wp:term":[{"taxonomy":"category","embeddable":true,"href":"https:\/\/www.europesays.com\/fr\/wp-json\/wp\/v2\/categories?post=620499"},{"taxonomy":"post_tag","embeddable":true,"href":"https:\/\/www.europesays.com\/fr\/wp-json\/wp\/v2\/tags?post=620499"}],"curies":[{"name":"wp","href":"https:\/\/api.w.org\/{rel}","templated":true}]}}