{"id":620501,"date":"2025-12-24T20:57:13","date_gmt":"2025-12-24T20:57:13","guid":{"rendered":"https:\/\/www.europesays.com\/fr\/620501\/"},"modified":"2025-12-24T20:57:13","modified_gmt":"2025-12-24T20:57:13","slug":"eric-ciotti-reclame-un-renforcement-de-la-presence-policiere-pour-lutter-contre-des-tirs-de-mortiers-dartifice-dans-plusieurs-quartiers-de-nice","status":"publish","type":"post","link":"https:\/\/www.europesays.com\/fr\/620501\/","title":{"rendered":"\u00c9ric Ciotti r\u00e9clame \u00ab\u00a0un renforcement de la pr\u00e9sence\u00a0\u00bb polici\u00e8re pour lutter contre des tirs de mortiers d&rsquo;artifice dans plusieurs quartiers de Nice"},"content":{"rendered":"<p>Le d\u00e9put\u00e9 UDR \u00c9ric Ciotti a \u00e9crit une lettre au pr\u00e9fet des Alpes-Maritimes pour lui demander d&rsquo;agir contre les tirs r\u00e9p\u00e9t\u00e9s de mortiers et de feux d&rsquo;artifice dans plusieurs quartiers de Nice. Des \u00ab\u00a0nuisances qui p\u00e8sent lourdement sur le quotidien des riverains\u00a0\u00bb, pointe le candidat \u00e0 la mairie de la capitale de la C\u00f4te d&rsquo;Azur.<\/p>\n<p><a href=\"https:\/\/www.bfmtv.com\/cote-d-azur\/je-vais-gagner-cette-election-eric-ciotti-lance-son-duel-face-a-christian-estrosi-pour-les-municipales-de-nice_AV-202508280422.html\" title=\"&quot;Je vais gagner cette \u00e9lection&quot;: \u00c9ric Ciotti lance son duel face \u00e0 Christian Estrosi pour les municipales de Nice\" class=\"internal_link\" target=\"_blank\" rel=\"noopener\">Candidat \u00e0 la mairie de Nice, \u00c9ric Ciotti<\/a> a \u00e9crit ce mardi 23 d\u00e9cembre au pr\u00e9fet des Alpes-Maritimes, Laurent Hottiau, afin de lui demander \u00ab\u00a0un renforcement de la pr\u00e9sence et des interventions des forces de l&rsquo;ordre\u00a0\u00bb dans les quartiers des Moulins, de l&rsquo;Ariane et de Nice Nord, lesquels sont \u00ab\u00a0confront\u00e9s \u00e0 des tirs fr\u00e9quents de mortiers et de feux d&rsquo;artifice\u00a0\u00bb, note le d\u00e9put\u00e9 Union des droites pour la R\u00e9publique dans sa lettre au pr\u00e9fet.<\/p>\n<p>\u00ab\u00a0Ces nuisances p\u00e8sent lourdement sur le quotidien des riverains\u00a0\u00bb et affecte \u00ab\u00a0le sommeil des familles, des personnes \u00e2g\u00e9es et des enfants\u00a0\u00bb, ajoute \u00c9ric Ciotti. Ce dernier d\u00e9nonce \u00e9galement \u00ab\u00a0un climat de tension et de fatigue leur devenant insupportable\u00a0\u00bb.<\/p>\n<p>Un agent de s\u00e9curit\u00e9 priv\u00e9 bless\u00e9<\/p>\n<p>Le candidat aux municipales rappelle dans cette lettre qu&rsquo;un agent de s\u00e9curit\u00e9 priv\u00e9 a r\u00e9cemment \u00e9t\u00e9 bless\u00e9 par des <a href=\"https:\/\/www.bfmtv.com\/cote-d-azur\/nouvel-an-a-nice-un-policier-legerement-blesse-apres-des-tirs-de-mortiers-d-artifice-a-l-ariane_AN-202501010067.html\" title=\"Nouvel An \u00e0 Nice: un policier l\u00e9g\u00e8rement bless\u00e9 apr\u00e8s des tirs de mortiers d&#039;artifice \u00e0 l&#039;Ariane\" class=\"internal_link\" target=\"_blank\" rel=\"noopener\">tirs de mortiers \u00e0 Nice<\/a>.<\/p>\n<blockquote class=\"embed embed_quote\"><p>\u00ab\u00a0Ces comportements suscitent des inqui\u00e9tudes l\u00e9gitimes en mati\u00e8re de s\u00e9curit\u00e9\u00a0\u00bb, pointe le d\u00e9put\u00e9 UDR des Alpes-Maritimes.<\/p><\/blockquote>\n<p>De fait, en plus d&rsquo;une plus grande pr\u00e9sence polici\u00e8re dans ces quartiers, \u00c9ric Ciotti demande \u00ab\u00a0une vigilance accrue quant \u00e0 l&rsquo;application de l&rsquo;interdiction des artifices, notamment \u00e0 l&rsquo;approche des f\u00eates de fin d&rsquo;ann\u00e9e\u00a0\u00bb, et esp\u00e8re que les futures actions prises par le pr\u00e9fet \u00ab\u00a0contribueront \u00e0 apaiser durablement la situation\u00a0\u00bb.<\/p>\n<p>\u00c0 Nice, \u00ab\u00a0un arr\u00eat\u00e9 pr\u00e9fectoral interdit la cession, la d\u00e9tention, le transport et l&rsquo;utilisation d&rsquo;artifices\u00a0\u00bb du 24 d\u00e9cembre au 5 janvier, rappelle \u00c9ric Ciotti dans sa lettre.<\/p>\n","protected":false},"excerpt":{"rendered":"Le d\u00e9put\u00e9 UDR \u00c9ric Ciotti a \u00e9crit une lettre au pr\u00e9fet des Alpes-Maritimes pour lui demander d&rsquo;agir contre&hellip;\n","protected":false},"author":2,"featured_media":186366,"comment_status":"","ping_status":"","sticky":false,"template":"","format":"standard","meta":{"footnotes":""},"categories":[2819],"tags":[1111,11,1777,674,1011,27,12,2401,882,25],"class_list":{"0":"post-620501","1":"post","2":"type-post","3":"status-publish","4":"format-standard","5":"has-post-thumbnail","7":"category-nice","8":"tag-actu","9":"tag-actualites","10":"tag-eu","11":"tag-europe","12":"tag-fr","13":"tag-france","14":"tag-news","15":"tag-nice","16":"tag-provence-alpes-cote-dazur","17":"tag-republique-francaise"},"share_on_mastodon":{"url":"","error":""},"_links":{"self":[{"href":"https:\/\/www.europesays.com\/fr\/wp-json\/wp\/v2\/posts\/620501","targetHints":{"allow":["GET"]}}],"collection":[{"href":"https:\/\/www.europesays.com\/fr\/wp-json\/wp\/v2\/posts"}],"about":[{"href":"https:\/\/www.europesays.com\/fr\/wp-json\/wp\/v2\/types\/post"}],"author":[{"embeddable":true,"href":"https:\/\/www.europesays.com\/fr\/wp-json\/wp\/v2\/users\/2"}],"replies":[{"embeddable":true,"href":"https:\/\/www.europesays.com\/fr\/wp-json\/wp\/v2\/comments?post=620501"}],"version-history":[{"count":0,"href":"https:\/\/www.europesays.com\/fr\/wp-json\/wp\/v2\/posts\/620501\/revisions"}],"wp:featuredmedia":[{"embeddable":true,"href":"https:\/\/www.europesays.com\/fr\/wp-json\/wp\/v2\/media\/186366"}],"wp:attachment":[{"href":"https:\/\/www.europesays.com\/fr\/wp-json\/wp\/v2\/media?parent=620501"}],"wp:term":[{"taxonomy":"category","embeddable":true,"href":"https:\/\/www.europesays.com\/fr\/wp-json\/wp\/v2\/categories?post=620501"},{"taxonomy":"post_tag","embeddable":true,"href":"https:\/\/www.europesays.com\/fr\/wp-json\/wp\/v2\/tags?post=620501"}],"curies":[{"name":"wp","href":"https:\/\/api.w.org\/{rel}","templated":true}]}}