{"id":620510,"date":"2025-12-24T21:24:53","date_gmt":"2025-12-24T21:24:53","guid":{"rendered":"https:\/\/www.europesays.com\/fr\/620510\/"},"modified":"2025-12-24T21:24:53","modified_gmt":"2025-12-24T21:24:53","slug":"du-son-du-cafe-des-sandwichs-lambiance-du-futur-33-tours-cafe-sannonce-decontractee-dans-le-vieux-lille-24-12-2025","status":"publish","type":"post","link":"https:\/\/www.europesays.com\/fr\/620510\/","title":{"rendered":"Du son, du caf\u00e9, des sandwichs&#8230; l&rsquo;ambiance du futur 33 tours caf\u00e9 s&rsquo;annonce d\u00e9contract\u00e9e dans le Vieux-Lille &#8211; 24\/12\/2025"},"content":{"rendered":"<p>\n        Un nouveau coffee shop va voir le jour dans le Vieux-Lille prochainement. Son nom ? 33 tours caf\u00e9. On vous pr\u00e9sente le concept o\u00f9 vous pourrez boire un caf\u00e9, manger un bout mais pas que.<\/p>\n<p>Du son, du caf\u00e9, des gros dwichs et des rolls\u2026 c\u2019est le projet du 33 tours caf\u00e9, le coffee shop qui ouvrira d\u00e9but 2026 dans le Vieux-Lille. \u00c0 la g\u00e9n\u00e8se du caf\u00e9, on retrouve Pauline et Mehdi, deux ancien\u00b7nes du groupe Mama Shelter. Apr\u00e8s avoir baign\u00e9 dans la restauration pour les autres, le couple a voulu ouvrir un lieu qui lui ressemble.<\/p>\n<p>\u00c7a donne 33 tours caf\u00e9, un coffee shop o\u00f9 la musique aura toute sa place. \u00ab\u00a0C&rsquo;est ce qui nous lie\u00a0\u00bb, avance Pauline. \u00ab\u00a0C&rsquo;est important la musique dans un lieu et puis \u00e7a donne le rythme de la journ\u00e9e pour nous qui y travaillons\u00a0\u00bb, ajoute Mehdi. C\u00f4t\u00e9 playlist, s&rsquo;il y aura de tout (rock, funk, soul, ra\u00ef&#8230;), le hip-hop et le RnB domineront.\u00a0<\/p>\n<p>La musique comme fil conducteur<\/p>\n<p>Mais le concept va bien plus loin qu&rsquo;une platine qui tourne. \u00ab\u00a0On a envie de partager et de cr\u00e9er des \u00e9v\u00e9nements autour de la musique.\u00a0\u00bb Un mur \u00e0 vinyles sera affich\u00e9 dans le coffee shop o\u00f9 des artistes locaux et \u00e9mergents pourront \u00e9galement \u00eatre mis en avant. \u00ab\u00a0Nous ne sommes ferm\u00e9s \u00e0 rien. Si quelqu&rsquo;un vient nous voir, que ce qu&rsquo;il fait nous parle et que \u00e7a colle avec le lieu, on l&rsquo;accueillera volontiers\u00a0\u00bb, explique le duo. Des events ponctuels seront probablement programm\u00e9s au fil des mois comme des vinyls markets. \u00ab\u00a0On va potentiellement bosser <a target=\"_blank\" href=\"https:\/\/www.vozer.fr\/2024\/09\/28\/le-flow-de-lille-fete-ses-dix-ans-avec-panache-debut-octobre\/\" rel=\"noopener\">avec le Flow<\/a> et Besides Records\u00a0\u00bb, glisse Mehdi.<\/p>\n<p>Mais les deux g\u00e9rants pr\u00e9viennent : \u00ab\u00a0\u00c7a ne sera pas un clubhouse\u00a0\u00bb. Le lieu sera \u00e9galement tout ce qu&rsquo;on attend d&rsquo;un coffee shop : un endroit o\u00f9 on peut se poser, discuter ou encore travailler.<\/p>\n<p>  Caf\u00e9, vin et bi\u00e8re<\/p>\n<p>Ce sera \u00e9galement un spot o\u00f9 on mange et on boit bien. \u00c0 la carte du 33 tours, vous retrouverez \u00ab\u00a0tous les classiques du coffee shop\u00a0\u00bb, r\u00e9sume Pauline, avec quelques boissons signature \u00e0 l&rsquo;instar du peanut butter caf\u00e9, th\u00e9s maison et d&rsquo;autres recettes de matcha. \u00ab\u00a0Il y aura des d\u00e9clinaisons en fonction des saisons\u00a0\u00bb, pr\u00e9cise Mehdi qui s&rsquo;est professionnalis\u00e9 dans le domaine chez Caf\u00e9 Kitsun\u00e9 \u00e0 Paris. \u00ab\u00a0J&rsquo;avais besoin de conna\u00eetre le produit, d\u00e9velopper mon savoir-faire.\u00a0\u00bb\u00a0<\/p>\n<p>Et pour le caf\u00e9 s\u00e9lectionn\u00e9, les g\u00e9rants ont pr\u00e9vu un vrai line-up de pays. Pour commencer, ce sera du caf\u00e9 belge avant de partir dans des contr\u00e9es danoises, espagnoles et fran\u00e7aises. \u00ab\u00a0On veut faire d\u00e9couvrir des choses diff\u00e9rentes \u00e0 ceux qui aiment le caf\u00e9. On proposera 3-4 torr\u00e9facteurs pendant l&rsquo;ann\u00e9e\u00a0\u00bb, d\u00e9taille Pauline tout en insistant : \u00ab\u00a0On ne fera pas payer un caf\u00e9 3\u20ac parce qu&rsquo;on est dans un coffee shop. On veut faire de la qualit\u00e9 mais pas \u00eatre inabordable.\u00a0\u00bb<\/p>\n<p>Et celles et ceux qui n&rsquo;aiment pas le caf\u00e9, rassurez-vous. Le 33 tours a tout pr\u00e9vu, le coffee shop servira aussi du vin et de la bi\u00e8re. \u00ab\u00a0On veut \u00eatre le before du before, sourit la coresponsable. Le caf\u00e9 pourra vivre de mani\u00e8re diff\u00e9rente au fil de la journ\u00e9e. Et pour ceux qui voudront boire une bi\u00e8re en milieu d&rsquo;apr\u00e8m, ils pourront\u00a0\u00bb. Le spot fermera ses portes entre 19 et 20h. \u00ab\u00a0On a 17 places assises \u00e0 l&rsquo;int\u00e9rieur et une quinzaine dehors, dans notre cour int\u00e9rieure.\u00a0\u00bb<\/p>\n<p>Pour accompagner toutes ces boissons, vous pourrez \u00e9galement manger. La team sal\u00e9e, vous aurez au choix 4 sandwichs, toujours avec du pain sando (pain de mie brioch\u00e9 \u00e0 la japonaise), fourni par <a target=\"_blank\" href=\"https:\/\/www.vozer.fr\/2020\/03\/17\/brood-la-neo-boulangerie-alternative-avec-tous-ses-pains-naturels\/\" rel=\"noopener\">la boulangerie Brood<\/a>. \u00c0 l&rsquo;ouverture, les recettes seront : b\u0153uf effiloch\u00e9 infus\u00e9 au sirop d&rsquo;\u00e9rable, pickles de concombre, oignons caram\u00e9lis\u00e9s ; poulet croustillant, spicy mayo et choux ; grilled cheese et une recette \u00e0 base de poisson. Oui, nous aussi \u00e7a nous donne envie.<\/p>\n<p>La team sucr\u00e9e n&rsquo;est pas en reste. Des rolls \u00e0 la cannelle et aux fruits sont d&rsquo;ores et d\u00e9j\u00e0 pr\u00e9vus tout comme une brioche maison, un granola bowl \u00ab\u00a0fa\u00e7on tiramisu\u00a0\u00bb et plusieurs cakes. \u00ab\u00a0Tout est fait maison avec des fournisseurs locaux.\u00a0\u00bb<\/p>\n<p>Jusqu&rsquo;\u00e0 la d\u00e9co qui a \u00e9t\u00e9 command\u00e9e au design store Momentum qui se trouve juste en face de leur local. Pour la d\u00e9couvrir, il faudra patienter encore quelques semaines. L&rsquo;ouverture est pr\u00e9vue pour f\u00e9vrier 2026. \u00ab\u00a0Pour faire patienter, on d\u00e9voilera la liste du menu au fur et \u00e0 mesure sur nos r\u00e9seaux.\u00a0\u00bb Le lien du compte Instagram se trouve dans les infos pratiques. \u00ab\u00a0On a trop h\u00e2te d&rsquo;ouvrir et d&rsquo;\u00e9changer avec les gens\u00a0\u00bb, reconnaissent Pauline et Mehdi.\u00a0<\/p>\n<p>Vous pourrez retrouver le 33 tours caf\u00e9 au 33 rue des Trois Mollettes \u00e0 Lille, pas tr\u00e8s loin de La Treille. \u00ab\u00a0Un pur hasard qu&rsquo;on soit au 33, le nom \u00e9tait d\u00e9j\u00e0 choisi avant de trouver le lieu\u00a0\u00bb, glisse Pauline. Comme quoi, c&rsquo;\u00e9tait \u00e9crit.\u00a0<\/p>\n","protected":false},"excerpt":{"rendered":"Un nouveau coffee shop va voir le jour dans le Vieux-Lille prochainement. Son nom ? 33 tours caf\u00e9.&hellip;\n","protected":false},"author":2,"featured_media":620512,"comment_status":"","ping_status":"","sticky":false,"template":"","format":"standard","meta":{"footnotes":""},"categories":[2815],"tags":[1111,11,1777,674,1011,27,811,1307,12,25],"class_list":{"0":"post-620510","1":"post","2":"type-post","3":"status-publish","4":"format-standard","5":"has-post-thumbnail","7":"category-lille","8":"tag-actu","9":"tag-actualites","10":"tag-eu","11":"tag-europe","12":"tag-fr","13":"tag-france","14":"tag-hauts-de-france","15":"tag-lille","16":"tag-news","17":"tag-republique-francaise"},"share_on_mastodon":{"url":"https:\/\/pubeurope.com\/@fr\/115776659329576530","error":""},"_links":{"self":[{"href":"https:\/\/www.europesays.com\/fr\/wp-json\/wp\/v2\/posts\/620510","targetHints":{"allow":["GET"]}}],"collection":[{"href":"https:\/\/www.europesays.com\/fr\/wp-json\/wp\/v2\/posts"}],"about":[{"href":"https:\/\/www.europesays.com\/fr\/wp-json\/wp\/v2\/types\/post"}],"author":[{"embeddable":true,"href":"https:\/\/www.europesays.com\/fr\/wp-json\/wp\/v2\/users\/2"}],"replies":[{"embeddable":true,"href":"https:\/\/www.europesays.com\/fr\/wp-json\/wp\/v2\/comments?post=620510"}],"version-history":[{"count":0,"href":"https:\/\/www.europesays.com\/fr\/wp-json\/wp\/v2\/posts\/620510\/revisions"}],"wp:featuredmedia":[{"embeddable":true,"href":"https:\/\/www.europesays.com\/fr\/wp-json\/wp\/v2\/media\/620512"}],"wp:attachment":[{"href":"https:\/\/www.europesays.com\/fr\/wp-json\/wp\/v2\/media?parent=620510"}],"wp:term":[{"taxonomy":"category","embeddable":true,"href":"https:\/\/www.europesays.com\/fr\/wp-json\/wp\/v2\/categories?post=620510"},{"taxonomy":"post_tag","embeddable":true,"href":"https:\/\/www.europesays.com\/fr\/wp-json\/wp\/v2\/tags?post=620510"}],"curies":[{"name":"wp","href":"https:\/\/api.w.org\/{rel}","templated":true}]}}