{"id":620513,"date":"2025-12-24T21:27:30","date_gmt":"2025-12-24T21:27:30","guid":{"rendered":"https:\/\/www.europesays.com\/fr\/620513\/"},"modified":"2025-12-24T21:27:30","modified_gmt":"2025-12-24T21:27:30","slug":"projection-du-film-nandi-de-ben-flinois","status":"publish","type":"post","link":"https:\/\/www.europesays.com\/fr\/620513\/","title":{"rendered":"Projection du film NANDI de Ben Flinois"},"content":{"rendered":"<p><strong>LE MERCREDI 25 MARS 2026<\/strong><br \/>Auditorium du Palais des Beaux-Arts de Lille, 18 bis rue de Valmy<\/p>\n<\/p>\n<p><strong>R\u00c9SUM\u00c9<\/strong><br \/>\u00ab Les meilleures choses de la vie ne tombent pas du ciel \u00bb<br \/>Du magn\u00e9tisme des temples \u00e0 l&rsquo;immensit\u00e9 des plages indiennes, Nandi nous partage la rencontre entre un ma\u00eetre, Suresh, et son disciple, Pascal. Le premier ch\u00e9rissant son h\u00e9ritage jour apr\u00e8s jour, tandis que le second, se retrouve \u00e0 l\u2019aube d\u2019un nouveau d\u00e9part.<br \/>Mais le temps de l\u2019apprentissage n\u2019est pas fig\u00e9\u2026 La travers\u00e9e vers l\u2019inconnu peut s\u2019av\u00e9rer mouvement\u00e9e pour qui d\u00e9sire acc\u00e9der \u00e0 ce miracle d\u2019une musique qui n\u2019existe que lorsqu\u2019elle est jou\u00e9e.<br \/>Entre qu\u00eates et voyages, leurs histoires personnelles qui s\u2019entrem\u00ealent deviennent une \u00e9chapp\u00e9e entre r\u00eave, souvenir et r\u00e9alit\u00e9.\u00a0<br \/> <strong>CR\u00c9DITS<\/strong><br \/>Production : B Pictures<br \/> R\u00e9alisation : Ben Flinois<br \/> Montage : Antoine Smith, Ben Flinois<br \/> Etalonnage : Adrien Aymes<br \/> Prise de son : Didier Ducrocq<br \/> Mixage : Didier Ducrocq &#8211; Les 2 Ateliers<br \/>Musique Originale : Pascal Lovergne, Suresh Vaidyanathan, Stefan Orins<br \/><strong>Un film soutenu par LE FRESNOY Studio National des Arts Contemporains.<\/strong><\/p>\n","protected":false},"excerpt":{"rendered":"LE MERCREDI 25 MARS 2026Auditorium du Palais des Beaux-Arts de Lille, 18 bis rue de Valmy R\u00c9SUM\u00c9\u00ab Les&hellip;\n","protected":false},"author":2,"featured_media":620514,"comment_status":"","ping_status":"","sticky":false,"template":"","format":"standard","meta":{"footnotes":""},"categories":[2815],"tags":[1111,11,1777,674,1011,27,811,1307,12,25],"class_list":{"0":"post-620513","1":"post","2":"type-post","3":"status-publish","4":"format-standard","5":"has-post-thumbnail","7":"category-lille","8":"tag-actu","9":"tag-actualites","10":"tag-eu","11":"tag-europe","12":"tag-fr","13":"tag-france","14":"tag-hauts-de-france","15":"tag-lille","16":"tag-news","17":"tag-republique-francaise"},"share_on_mastodon":{"url":"https:\/\/pubeurope.com\/@fr\/115776667154142662","error":""},"_links":{"self":[{"href":"https:\/\/www.europesays.com\/fr\/wp-json\/wp\/v2\/posts\/620513","targetHints":{"allow":["GET"]}}],"collection":[{"href":"https:\/\/www.europesays.com\/fr\/wp-json\/wp\/v2\/posts"}],"about":[{"href":"https:\/\/www.europesays.com\/fr\/wp-json\/wp\/v2\/types\/post"}],"author":[{"embeddable":true,"href":"https:\/\/www.europesays.com\/fr\/wp-json\/wp\/v2\/users\/2"}],"replies":[{"embeddable":true,"href":"https:\/\/www.europesays.com\/fr\/wp-json\/wp\/v2\/comments?post=620513"}],"version-history":[{"count":0,"href":"https:\/\/www.europesays.com\/fr\/wp-json\/wp\/v2\/posts\/620513\/revisions"}],"wp:featuredmedia":[{"embeddable":true,"href":"https:\/\/www.europesays.com\/fr\/wp-json\/wp\/v2\/media\/620514"}],"wp:attachment":[{"href":"https:\/\/www.europesays.com\/fr\/wp-json\/wp\/v2\/media?parent=620513"}],"wp:term":[{"taxonomy":"category","embeddable":true,"href":"https:\/\/www.europesays.com\/fr\/wp-json\/wp\/v2\/categories?post=620513"},{"taxonomy":"post_tag","embeddable":true,"href":"https:\/\/www.europesays.com\/fr\/wp-json\/wp\/v2\/tags?post=620513"}],"curies":[{"name":"wp","href":"https:\/\/api.w.org\/{rel}","templated":true}]}}