{"id":620532,"date":"2025-12-24T21:41:28","date_gmt":"2025-12-24T21:41:28","guid":{"rendered":"https:\/\/www.europesays.com\/fr\/620532\/"},"modified":"2025-12-24T21:41:28","modified_gmt":"2025-12-24T21:41:28","slug":"55-c-au-canada-et","status":"publish","type":"post","link":"https:\/\/www.europesays.com\/fr\/620532\/","title":{"rendered":"&#8211; 55 \u00b0C au Canada et"},"content":{"rendered":"<p>Il y a une semaine, l&rsquo;ouest canadien \u00e9tait confront\u00e9 \u00e0 une douceur proche des records pour la saison. Le <a href=\"https:\/\/www.futura-sciences.com\/sciences\/definitions\/astronomie-mercure-3722\/\" target=\"_blank\" rel=\"noopener\">mercure<\/a> est, en effet, mont\u00e9 jusqu&rsquo;\u00e0 18 \u00b0C en Colombie-Britannique entre le 15 et le 16 d\u00e9cembre, avant de faire un plongeon vertigineux. Les ondulations du <a href=\"https:\/\/www.futura-sciences.com\/planete\/actualites\/rechauffement-climatique-climat-jet-stream-il-train-devenir-fou-93577\/\" title=\"Climat : le jet stream est-il en train de devenir fou ?\" target=\"_blank\" rel=\"noopener\">jet stream<\/a>, ce courant de haute altitude qui s\u00e9pare l&rsquo;<a href=\"https:\/\/www.futura-sciences.com\/sciences\/definitions\/chimie-air-4452\/\" target=\"_blank\" rel=\"noopener\">air<\/a> froid (au nord de l&rsquo;h\u00e9misph\u00e8re) de l&rsquo;air doux (au sud de l&rsquo;h\u00e9misph\u00e8re), ont \u00e9t\u00e9 tr\u00e8s marqu\u00e9es ces derni\u00e8res semaines. Une boucle du jet-stream est descendue tr\u00e8s au sud de l&rsquo;Am\u00e9rique du Nord, entra\u00eenant alors l&rsquo;air polaire de l&rsquo;Arctique.<\/p>\n<p class=\"fs-media\">\n<p><img decoding=\"async\" data-imgid=\"full\" src=\"https:\/\/www.europesays.com\/fr\/wp-content\/uploads\/2025\/12\/jet stream 24 dec.jpg\" width=\"1080\" height=\"766\" alt=\"\" loading=\"lazy\"\/><br \/>\nLes ondulations du jet-stream entre l&rsquo;Am\u00e9rique du Nord et l&rsquo;Europe ce 24 d\u00e9cembre.\u00a0\u00a9 Net Weather, Nullschool<\/p>\n<p>Le seuil des &#8211; 50 \u00b0C est atteint quotidiennement au <a href=\"https:\/\/www.futura-sciences.com\/planete\/dossiers\/developpement-durable-dernier-trappeur-515\/page\/10\/\" title=\"Yukon : splendeur du grand nord canadien\" target=\"_blank\" rel=\"noopener\">Yukon<\/a> depuis pr\u00e8s d&rsquo;une semaine. D&rsquo;apr\u00e8s les relev\u00e9s de <a href=\"https:\/\/x.com\/ThierryGooseBC\" title=\"profil X\">Thierry Goose<\/a>, sp\u00e9cialiste canadien du climat, le <a href=\"https:\/\/www.futura-sciences.com\/planete\/actualites\/incendie-incendies-canada-scientifiques-ont-decouvert-arctique-bascule-nouvelle-ere-122692\/\" title=\"Incendies au Canada : les scientifiques ont d\u00e9couvert que l\u2019Arctique a bascul\u00e9 dans une nouvelle \u00e8re\" target=\"_blank\" rel=\"noopener\">Canada<\/a> a connu le 23 d\u00e9cembre sa temp\u00e9rature la plus basse enregistr\u00e9e depuis 1975\u00a0: &#8211; 55, 7 \u00b0C \u00e0 Braeburn au Yukon. Le territoire du Yukon connait actuellement l&rsquo;un de ses hivers les plus froids enregistr\u00e9s depuis le d\u00e9but des relev\u00e9s <a href=\"https:\/\/www.futura-sciences.com\/planete\/definitions\/climatologie-meteorologie-14486\/\" target=\"_blank\" rel=\"noopener\">m\u00e9t\u00e9o<\/a>.<\/p>\n<blockquote class=\"twitter-tweet\" data-dnt=\"true\">\n<p lang=\"en\" dir=\"ltr\">Warmest Christmas ???? on record?!<br \/>Watch as two smaller heat domes combine to form a Huge Christmas Heat Dome &#8211; the most intense on record in the Nation\u2019s middle.<br \/>Half of US States will set heat records. 100s will fall!<br \/>The only escape will be the West Coast and Northeast. <a href=\"https:\/\/t.co\/XbSeKsbROF\">pic.twitter.com\/XbSeKsbROF<\/a><\/p>\n<p>\u2014 Jeff Berardelli (@WeatherProf) <a href=\"https:\/\/twitter.com\/WeatherProf\/status\/2003254896292929694?ref_src=twsrc%5Etfw\" target=\"_blank\" rel=\"noopener\">December 23, 2025<\/a><\/p><\/blockquote>\n<p>De l&rsquo;autre c\u00f4t\u00e9 de l&rsquo;h\u00e9misph\u00e8re Nord, en Russie, les temp\u00e9ratures sont \u00e9galement exceptionnelles\u00a0: il a fait &#8211; 58,8 \u00b0C \u00e0 Delyankir en Sib\u00e9rie le 23 d\u00e9cembre. Selon Thierry Gosse, il s&rsquo;agit de la temp\u00e9rature la plus basse enregistr\u00e9e depuis l&rsquo;<a href=\"https:\/\/www.futura-sciences.com\/planete\/definitions\/saison-automne-16758\/\" target=\"_blank\" rel=\"noopener\">automne<\/a> sur l&rsquo;h\u00e9misph\u00e8re Nord. \u00a0\u00a0<\/p>\n<p class=\"fs-media\">\n<p><img decoding=\"async\" data-imgid=\"full\" src=\"https:\/\/www.europesays.com\/fr\/wp-content\/uploads\/2025\/12\/gfs_world-wt_t2anom_d1-3.png\" width=\"1080\" height=\"779\" alt=\"\" loading=\"lazy\"\/><br \/>\nLa carte des anomalies de temp\u00e9ratures dans le monde ce 24 d\u00e9cembre : en bleu les zones plus froides que la normale, en rouge les zones plus chaudes que la normale. \u00a9 Climate Reanalyzer<\/p>\n<p>Une chaleur record aux \u00c9tats-Unis et une grande douceur en Scandinavie<\/p>\n<p>Les gigantesques boucles du jet-stream peuvent pi\u00e9ger de l&rsquo;air froid, mais par effet rebond, elles pi\u00e8gent aussi de l&rsquo;air chaud sur d&rsquo;autres r\u00e9gions. C&rsquo;est exactement ce qui se produit aux \u00c9tats-Unis ces jours-ci\u00a0: le pays pourrait m\u00eame conna\u00eetre son jour de No\u00ebl le plus doux jamais enregistr\u00e9 (depuis le d\u00e9but des relev\u00e9s m\u00e9t\u00e9o).<\/p>\n<p>Les ondulations du courant jet sont \u00e0 l&rsquo;origine d&rsquo;un v\u00e9ritable \u00ab\u00a0<a href=\"https:\/\/www.futura-sciences.com\/planete\/definitions\/environnement-dome-chaleur-20936\/#:~:text=Un%20d%C3%B4me%20de%20chaleur%20est,la%20surface%20de%20la%20Terre.\" title=\"D\u00f4me de chaleur\" target=\"_blank\" rel=\"noopener\">d\u00f4me de chaleur<\/a>\u00a0\u00bb\u00a0: selon le <a href=\"https:\/\/www.futura-sciences.com\/formation\/metiers\/metiers-meteorologue-40\/\" target=\"_blank\" rel=\"noopener\">m\u00e9t\u00e9orologue<\/a> am\u00e9ricain <a href=\"https:\/\/x.com\/WeatherProf\" title=\"profil X\">Jeff Berardelli<\/a>, pr\u00e8s de la moiti\u00e9 du pays pourrait conna\u00eetre une douceur record le 25 d\u00e9cembre\u00a0! Des temp\u00e9ratures de 20 \u00e0 25 \u00b0C sont pr\u00e9vues au sud-est des \u00c9tats-Unis et sur les grandes plaines. Localement, la barre des 30 \u00b0C pourra peut-\u00eatre m\u00eame \u00eatre atteinte ou d\u00e9pass\u00e9e. Seules les\u00a0c\u00f4tes ouest et nord-est du pays b\u00e9n\u00e9ficieront de temp\u00e9ratures plus proches des normales.<\/p>\n<blockquote class=\"twitter-tweet\" data-dnt=\"true\">\n<p lang=\"en\" dir=\"ltr\">It\u2019s wild!<br \/>-70\u00b0F in Canada today. The coldest December reading in 50+ years (since 1975!)<br \/>Meanwhile the US is En Fuego with 100s of record highs!<br \/>Dallas hit 81 today. And the contrast is huge, over 150\u00b0F across North America.<br \/>H\/T ???? to <a href=\"https:\/\/twitter.com\/ThierryGooseBC?ref_src=twsrc%5Etfw\" target=\"_blank\" rel=\"noopener\">@ThierryGooseBC<\/a> <a href=\"https:\/\/t.co\/aenrAMMAcz\">pic.twitter.com\/aenrAMMAcz<\/a><\/p>\n<p>\u2014 Jeff Berardelli (@WeatherProf) <a href=\"https:\/\/twitter.com\/WeatherProf\/status\/2003581407202017693?ref_src=twsrc%5Etfw\" target=\"_blank\" rel=\"noopener\">December 23, 2025<\/a><\/p><\/blockquote>\n<p>En Europe, la situation est contrast\u00e9e\u00a0: alors que la France est concern\u00e9e par un temps <a href=\"https:\/\/www.futura-sciences.com\/planete\/actualites\/meteorologie-preparez-vous-noel-plus-froid-depuis-15-ans-129477\/\" title=\"Pr\u00e9parez-vous au No\u00ebl le plus froid depuis 15 ans !\" target=\"_blank\" rel=\"noopener\">froid<\/a>, inf\u00e9rieur aux moyennes de saison (mais \u00e0 priori sans record marquant), les pays scandinaves se trouvent sous la douceur. Il fera 1 \u00e0 8 \u00b0C en Norv\u00e8ge l&rsquo;apr\u00e8s-midi du 25 d\u00e9cembre, 2 \u00e0 8 \u00b0C en Su\u00e8de et 1 \u00e0 6 \u00b0C en Finlande. Au nord de ces pays scandinaves, la temp\u00e9rature sera localement sup\u00e9rieure de 8 \u00b0C aux normales de saison, de quoi d\u00e9boussoler le P\u00e8re No\u00ebl !\u00a0<\/p>\n<p><script async src=\"https:\/\/platform.twitter.com\/widgets.js\" charset=\"utf-8\"><\/script><\/p>\n","protected":false},"excerpt":{"rendered":"Il y a une semaine, l&rsquo;ouest canadien \u00e9tait confront\u00e9 \u00e0 une douceur proche des records pour la saison.&hellip;\n","protected":false},"author":2,"featured_media":620533,"comment_status":"","ping_status":"","sticky":false,"template":"","format":"standard","meta":{"footnotes":""},"categories":[1591],"tags":[73043,73044,11,35330,70089,73042,6698,1129,73041,1887,6736,8527,12,1885,1886,132,2648,66834],"class_list":{"0":"post-620532","1":"post","2":"type-post","3":"status-publish","4":"format-standard","5":"has-post-thumbnail","7":"category-russie","8":"tag-abaissement-des-temperatures","9":"tag-accroissement-temperature","10":"tag-actualites","11":"tag-adaptation-au-changement-climatique","12":"tag-anomalie-de-temperature","13":"tag-attenuation-du-rechauffement-climatique","14":"tag-canicule","15":"tag-climat","16":"tag-consequence-du-changement-climatique","17":"tag-federation-de-russie","18":"tag-hiver","19":"tag-meteorologie","20":"tag-news","21":"tag-russia","22":"tag-russian-federation","23":"tag-russie","24":"tag-temperature","25":"tag-vague-de-froid"},"share_on_mastodon":{"url":"https:\/\/pubeurope.com\/@fr\/115776722577813085","error":""},"_links":{"self":[{"href":"https:\/\/www.europesays.com\/fr\/wp-json\/wp\/v2\/posts\/620532","targetHints":{"allow":["GET"]}}],"collection":[{"href":"https:\/\/www.europesays.com\/fr\/wp-json\/wp\/v2\/posts"}],"about":[{"href":"https:\/\/www.europesays.com\/fr\/wp-json\/wp\/v2\/types\/post"}],"author":[{"embeddable":true,"href":"https:\/\/www.europesays.com\/fr\/wp-json\/wp\/v2\/users\/2"}],"replies":[{"embeddable":true,"href":"https:\/\/www.europesays.com\/fr\/wp-json\/wp\/v2\/comments?post=620532"}],"version-history":[{"count":0,"href":"https:\/\/www.europesays.com\/fr\/wp-json\/wp\/v2\/posts\/620532\/revisions"}],"wp:featuredmedia":[{"embeddable":true,"href":"https:\/\/www.europesays.com\/fr\/wp-json\/wp\/v2\/media\/620533"}],"wp:attachment":[{"href":"https:\/\/www.europesays.com\/fr\/wp-json\/wp\/v2\/media?parent=620532"}],"wp:term":[{"taxonomy":"category","embeddable":true,"href":"https:\/\/www.europesays.com\/fr\/wp-json\/wp\/v2\/categories?post=620532"},{"taxonomy":"post_tag","embeddable":true,"href":"https:\/\/www.europesays.com\/fr\/wp-json\/wp\/v2\/tags?post=620532"}],"curies":[{"name":"wp","href":"https:\/\/api.w.org\/{rel}","templated":true}]}}