{"id":620544,"date":"2025-12-24T21:47:15","date_gmt":"2025-12-24T21:47:15","guid":{"rendered":"https:\/\/www.europesays.com\/fr\/620544\/"},"modified":"2025-12-24T21:47:15","modified_gmt":"2025-12-24T21:47:15","slug":"les-etats-unis-font-de-la-retorsion-envers-lue-en-interdisant-des-visas-regarder-le-documentaire-complet","status":"publish","type":"post","link":"https:\/\/www.europesays.com\/fr\/620544\/","title":{"rendered":"Les \u00c9tats-Unis font de la r\u00e9torsion envers l&rsquo;UE en interdisant des visas &#8211; Regarder le documentaire complet"},"content":{"rendered":"<p>L&rsquo;administration a pris des sanctions contre cinq personnalit\u00e9s europ\u00e9ennes, dont l&rsquo;ancien Commissaire europ\u00e9en Thierry Breton. Ils sont tous interdits d&rsquo;entr\u00e9e aux \u00c9tats-Unis, accus\u00e9s par les autorit\u00e9s am\u00e9ricaines d&rsquo;\u00eatre des id\u00e9ologues qui exercent de la censure au d\u00e9triment des int\u00e9r\u00eats am\u00e9ricains. Selon Thierry Breton, ces mesures constituent un acte de r\u00e9torsion\u00a0pour son engagement dans la r\u00e9gulation du num\u00e9rique et de la tech dans l&rsquo;Union europ\u00e9enne.<\/p>\n","protected":false},"excerpt":{"rendered":"L&rsquo;administration a pris des sanctions contre cinq personnalit\u00e9s europ\u00e9ennes, dont l&rsquo;ancien Commissaire europ\u00e9en Thierry Breton. Ils sont tous&hellip;\n","protected":false},"author":2,"featured_media":620545,"comment_status":"","ping_status":"","sticky":false,"template":"","format":"standard","meta":{"footnotes":""},"categories":[1586],"tags":[11,1777,674,1779,1011,27,12,25,1778,364],"class_list":{"0":"post-620544","1":"post","2":"type-post","3":"status-publish","4":"format-standard","5":"has-post-thumbnail","7":"category-europe","8":"tag-actualites","9":"tag-eu","10":"tag-europe","11":"tag-european-union","12":"tag-fr","13":"tag-france","14":"tag-news","15":"tag-republique-francaise","16":"tag-ue","17":"tag-union-europeenne"},"share_on_mastodon":{"url":"https:\/\/pubeurope.com\/@fr\/115776745976406688","error":""},"_links":{"self":[{"href":"https:\/\/www.europesays.com\/fr\/wp-json\/wp\/v2\/posts\/620544","targetHints":{"allow":["GET"]}}],"collection":[{"href":"https:\/\/www.europesays.com\/fr\/wp-json\/wp\/v2\/posts"}],"about":[{"href":"https:\/\/www.europesays.com\/fr\/wp-json\/wp\/v2\/types\/post"}],"author":[{"embeddable":true,"href":"https:\/\/www.europesays.com\/fr\/wp-json\/wp\/v2\/users\/2"}],"replies":[{"embeddable":true,"href":"https:\/\/www.europesays.com\/fr\/wp-json\/wp\/v2\/comments?post=620544"}],"version-history":[{"count":0,"href":"https:\/\/www.europesays.com\/fr\/wp-json\/wp\/v2\/posts\/620544\/revisions"}],"wp:featuredmedia":[{"embeddable":true,"href":"https:\/\/www.europesays.com\/fr\/wp-json\/wp\/v2\/media\/620545"}],"wp:attachment":[{"href":"https:\/\/www.europesays.com\/fr\/wp-json\/wp\/v2\/media?parent=620544"}],"wp:term":[{"taxonomy":"category","embeddable":true,"href":"https:\/\/www.europesays.com\/fr\/wp-json\/wp\/v2\/categories?post=620544"},{"taxonomy":"post_tag","embeddable":true,"href":"https:\/\/www.europesays.com\/fr\/wp-json\/wp\/v2\/tags?post=620544"}],"curies":[{"name":"wp","href":"https:\/\/api.w.org\/{rel}","templated":true}]}}