{"id":620560,"date":"2025-12-24T22:01:19","date_gmt":"2025-12-24T22:01:19","guid":{"rendered":"https:\/\/www.europesays.com\/fr\/620560\/"},"modified":"2025-12-24T22:01:19","modified_gmt":"2025-12-24T22:01:19","slug":"avant-que-la-maison-de-ses-grands-parents-soit-vendue-cette-decoratrice-dinterieur-decide-de-garder-un-souvenir-precieux","status":"publish","type":"post","link":"https:\/\/www.europesays.com\/fr\/620560\/","title":{"rendered":"Avant que la maison de ses grands-parents soit vendue, cette d\u00e9coratrice d&rsquo;int\u00e9rieur d\u00e9cide de garder un souvenir pr\u00e9cieux"},"content":{"rendered":"<p>\n                            La vente d&rsquo;une maison d&rsquo;enfance est toujours un moment charg\u00e9 d&rsquo;\u00e9motion. Pour cette d\u00e9coratrice d&rsquo;int\u00e9rieur, il \u00e9tait important de pr\u00e9server un souvenir unique de cet endroit avant qu&rsquo;il ne disparaisse.<\/p>\n<p data-end=\"681\" data-start=\"415\">La vente d&rsquo;une maison de son enfance est toujours un moment d\u00e9licat. Alors cette d\u00e9coratrice a eu une excellente id\u00e9e pour ne rien oublier. Quand on a jou\u00e9, rigol\u00e9, pass\u00e9 de nombreuses vacances et r\u00e9alis\u00e9 ses premi\u00e8res exp\u00e9riences dans une maison de famille, on y est forc\u00e9ment attach\u00e9. Et si un jour, il est question de la vendre et ne plus jamais pouvoir s&rsquo;y rendre, c&rsquo;est \u00e9videmment un d\u00e9chirement.<\/p>\n<p data-end=\"681\" data-start=\"415\">\u00ab\u00a0Nos maisons sont la troisi\u00e8me enveloppe de notre corps, apr\u00e8s la peau et les v\u00eatements\u00a0\u00bb, explique Patrick Avrane dans Notre Temps. Ce psychanalyste et \u00e9crivain, auteur de Maisons, quand l&rsquo;inconscient habite les lieux et H\u00e9riter\u00a0: Une histoire de famille (\u00e9ditions PUF), met en lumi\u00e8re l&rsquo;importance de ces lieux qui nous fa\u00e7onnent profond\u00e9ment. Si une maison est si importante \u00e0 nos yeux, c&rsquo;est qu&rsquo;elle nous relie \u00e0 nos proches, \u00e0 nos souvenirs, et \u00e0 notre histoire personnelle et familiale. \u00ab\u00a0Avec la maison familiale, surgit un rapport particulier au temps. Elle rattache aux anc\u00eatres et \u00e0 la g\u00e9n\u00e9alogie\u00a0\u00bb, poursuit Patrick Avrane. Elle devient un ancrage dans l&rsquo;histoire familiale, un lien qui m\u00eale intime et collectif, et qui traverse souvent les g\u00e9n\u00e9rations.<\/p>\n<p data-end=\"681\" data-start=\"415\">C&rsquo;est pr\u00e9cis\u00e9ment ce lien profond que Mar\u00e9va Georges ressent en disant \u00ab\u00a0au revoir\u00a0\u00bb \u00e0 la maison de ses grands-parents. \u00ab\u00a0M\u00eame si \u00e7a fait quelques ann\u00e9es que plus personne n&rsquo;y vit, c&rsquo;est une page qui se tourne\u00a0\u00bb, \u00e9crit-elle. Son grand-p\u00e8re a d\u00e9cid\u00e9 de s&rsquo;en s\u00e9parer avant qu&rsquo;elle ne se d\u00e9grade davantage, et ce fut pour Mar\u00e9va une mani\u00e8re de marquer la fin d&rsquo;un chapitre.<\/p>\n<p><img decoding=\"async\" alt=\"\" src=\"https:\/\/www.europesays.com\/fr\/wp-content\/uploads\/2025\/12\/40058770.jpg\"\/><br \/>\n\u00a9\u00a0viktoriia88 &#8211; 123RF<\/p>\n<p data-end=\"681\" data-start=\"415\">Pour garder un souvenir vivant de cet endroit si cher \u00e0 son c\u0153ur, elle a enregistr\u00e9 une vid\u00e9o dans laquelle elle ouvre les tiroirs, les placards, appuie sur les vieux interrupteurs, ferme les portes et tire les chaises en bois sur le parquet. Elle a voulu enregistrer les sons de la maison de ses grands-parents avant qu&rsquo;elle ne soit vendue. Ce geste est pour elle une fa\u00e7on d&rsquo;ancrer d\u00e9finitivement ce lieu dans sa m\u00e9moire, un souvenir qu&rsquo;elle pourra r\u00e9\u00e9couter autant de fois qu&rsquo;elle le souhaite.<\/p>\n<p data-end=\"681\" data-start=\"415\">Les sons de cette maison, \u00e0 la fois familiers et uniques, gardent une trace de son histoire. En les enregistrant, Mar\u00e9va\u00a0de @villamiah_renovation conserve un souvenir auditif de l&rsquo;endroit, capturant l&rsquo;atmosph\u00e8re de la maison \u00e0 travers ses bruits quotidiens. M\u00eame apr\u00e8s la vente, ces sons lui permettront de se replonger dans cet univers, toujours pr\u00e9sent dans sa m\u00e9moire.<\/p>\n","protected":false},"excerpt":{"rendered":"La vente d&rsquo;une maison d&rsquo;enfance est toujours un moment charg\u00e9 d&rsquo;\u00e9motion. Pour cette d\u00e9coratrice d&rsquo;int\u00e9rieur, il \u00e9tait important&hellip;\n","protected":false},"author":2,"featured_media":620561,"comment_status":"","ping_status":"","sticky":false,"template":"","format":"standard","meta":{"footnotes":""},"categories":[1358],"tags":[1348,1384,1385,73048,51761,1386,58,59,51763,1011,27,51766,51767,51872],"class_list":{"0":"post-620560","1":"post","2":"type-post","3":"status-publish","4":"format-standard","5":"has-post-thumbnail","7":"category-arts-et-design","8":"tag-arts","9":"tag-arts-and-design","10":"tag-arts-et-design","11":"tag-cms-journaldesfemmes-3243184","12":"tag-controller-content","13":"tag-design","14":"tag-divertissement","15":"tag-entertainment","16":"tag-format-papier","17":"tag-fr","18":"tag-france","19":"tag-les-histoires-du-jdf","20":"tag-parallaxeinfeed","21":"tag-styles-et-tendances"},"share_on_mastodon":{"url":"https:\/\/pubeurope.com\/@fr\/115776801016677356","error":""},"_links":{"self":[{"href":"https:\/\/www.europesays.com\/fr\/wp-json\/wp\/v2\/posts\/620560","targetHints":{"allow":["GET"]}}],"collection":[{"href":"https:\/\/www.europesays.com\/fr\/wp-json\/wp\/v2\/posts"}],"about":[{"href":"https:\/\/www.europesays.com\/fr\/wp-json\/wp\/v2\/types\/post"}],"author":[{"embeddable":true,"href":"https:\/\/www.europesays.com\/fr\/wp-json\/wp\/v2\/users\/2"}],"replies":[{"embeddable":true,"href":"https:\/\/www.europesays.com\/fr\/wp-json\/wp\/v2\/comments?post=620560"}],"version-history":[{"count":0,"href":"https:\/\/www.europesays.com\/fr\/wp-json\/wp\/v2\/posts\/620560\/revisions"}],"wp:featuredmedia":[{"embeddable":true,"href":"https:\/\/www.europesays.com\/fr\/wp-json\/wp\/v2\/media\/620561"}],"wp:attachment":[{"href":"https:\/\/www.europesays.com\/fr\/wp-json\/wp\/v2\/media?parent=620560"}],"wp:term":[{"taxonomy":"category","embeddable":true,"href":"https:\/\/www.europesays.com\/fr\/wp-json\/wp\/v2\/categories?post=620560"},{"taxonomy":"post_tag","embeddable":true,"href":"https:\/\/www.europesays.com\/fr\/wp-json\/wp\/v2\/tags?post=620560"}],"curies":[{"name":"wp","href":"https:\/\/api.w.org\/{rel}","templated":true}]}}