{"id":620568,"date":"2025-12-24T22:06:13","date_gmt":"2025-12-24T22:06:13","guid":{"rendered":"https:\/\/www.europesays.com\/fr\/620568\/"},"modified":"2025-12-24T22:06:13","modified_gmt":"2025-12-24T22:06:13","slug":"lepidemie-de-grippe-continue-de-sintensifier-en-france-le-pic-probablement-imminent","status":"publish","type":"post","link":"https:\/\/www.europesays.com\/fr\/620568\/","title":{"rendered":"L\u2019\u00e9pid\u00e9mie de grippe continue de s\u2019intensifier en France, le pic probablement imminent"},"content":{"rendered":"<p>                             Par Le Figaro avec AFP<\/p>\n<p>                Le 24 d\u00e9cembre 2025 \u00e0 17h44<\/p>\n<p>    Plus de 17.000 d\u00e9c\u00e8s caus\u00e9s par a grippe ont \u00e9t\u00e9 recens\u00e9s durant la saison 2024\/2025.<br \/>\n                Hannah MCKAY \/ REUTERS<\/p>\n<p>\n    Depuis plusieurs semaines, l\u2019\u00e9pid\u00e9mie de grippe saisonni\u00e8re a gagn\u00e9 toute la m\u00e9tropole. Elle frappe aussi l\u2019essentiel des r\u00e9gions outre-mer \u00e0 part la R\u00e9union, mais celle-ci, d\u00e9j\u00e0 frapp\u00e9e par une premi\u00e8re vague, semble aussi menac\u00e9e par une reprise.<\/p>\n<p class=\"fig-paragraph\">L&rsquo;\u00e9pid\u00e9mie de\u00a0<a href=\"http:\/\/sante.lefigaro.fr\/social\/sante-publique\/epidemie-de-grippe-est-il-trop-tard-pour-se-faire-vacciner-20251219\" data-fig-type=\"Article\" data-gtm-custom-categorie=\"navigation\" data-gtm-custom-action=\"crossclick\" data-gtm-custom-label=\"Contextuel\" data-gtm-event=\"customEventSPE\" data-fig-domain=\"SANTE\" target=\"_blank\" rel=\"noopener\">grippe<\/a>\u00a0continue de s&rsquo;intensifier en France mais reste pour l&rsquo;heure \u00abmod\u00e9r\u00e9e\u00bb, selon un bilan publi\u00e9 mercredi par l&rsquo;agence de sant\u00e9 publique, le pic \u00e9pid\u00e9mique devant \u00eatre atteint d&rsquo;ici \u00e0 d\u00e9but janvier, d&rsquo;apr\u00e8s de nouvelles mod\u00e9lisations.<\/p>\n<p class=\"fig-paragraph\">La semaine derni\u00e8re, achev\u00e9e le 21 d\u00e9cembre, \u00abl&rsquo;activit\u00e9 grippale poursuivait sa progression dans l&rsquo;ensemble des r\u00e9gions hexagonales, toutes en \u00e9pid\u00e9mie\u00bb, a r\u00e9sum\u00e9 Sant\u00e9 publique France (SpF) dans un bilan hebdomadaire. Depuis plusieurs semaines, l&rsquo;\u00e9pid\u00e9mie de grippe saisonni\u00e8re a gagn\u00e9 toute la m\u00e9tropole. Elle frappe aussi l&rsquo;essentiel des r\u00e9gions outre-mer \u00e0 part la\u00a0<a href=\"http:\/\/www.lefigaro.fr\/voyages\/selection\/dossier\/voyage-a-la-reunion-nos-circuits-hotels-et-sejours-sur-mesure\" data-fig-type=\"Topic\" rel=\"sponsored noopener\" data-gtm-custom-categorie=\"navigation\" data-gtm-custom-action=\"crossclick\" data-gtm-custom-label=\"Contextuel\" data-gtm-event=\"customEventSPE\" data-fig-domain=\"LEFIGARO\" target=\"_blank\">R\u00e9union<\/a>, mais celle-ci, d\u00e9j\u00e0 frapp\u00e9e par une premi\u00e8re vague, semble aussi menac\u00e9e par une reprise.<\/p>\n<p>                                                                <a class=\"fig-a11y-skip\" href=\"#fig-a11y-skip-main-inarticle\" data-module=\"a11y-skip\" data-context=\"was @visible\"><br \/>\n    Passer la publicit\u00e9<br \/>\n<\/a>            <\/p>\n<p class=\"fig-paragraph\">Apr\u00e8s une saison 2024\/2025 particuli\u00e8rement s\u00e9v\u00e8re en mati\u00e8re de mortalit\u00e9, plus de 17.000 d\u00e9c\u00e8s, il est trop t\u00f4t pour se faire une id\u00e9e de l&rsquo;\u00e9pid\u00e9mie actuelle, mais elle donne lieu pour l&rsquo;heure \u00e0 \u00abune activit\u00e9 mod\u00e9r\u00e9e\u00bb en ville comme \u00e0 l&rsquo;h\u00f4pital, selon Sant\u00e9 publique France.<\/p>\n<p>                                                                L\u2019Institut estime ainsi que l\u2019\u00e9pid\u00e9mie a de grandes chances d\u2019atteindre son pic la derni\u00e8re semaine de 2025<\/p>\n<p class=\"fig-paragraph\">Signe n\u00e9anmoins d&rsquo;une certaine tension, des m\u00e9decins ont \u00e9t\u00e9 r\u00e9quisitionn\u00e9s par la pr\u00e9fecture dans les Bouches-du-Rh\u00f4ne pour faire face aux\u00a0<a href=\"http:\/\/www.lefigaro.fr\/flash-actu\/epidemies-hivernales-braun-evoque-une-situation-critique-20221223\" data-fig-type=\"NewsFlash\" data-gtm-custom-categorie=\"navigation\" data-gtm-custom-action=\"crossclick\" data-gtm-custom-label=\"Contextuel\" data-gtm-event=\"customEventSPE\" data-fig-domain=\"LEFIGARO\" target=\"_blank\" rel=\"noopener\">\u00e9pid\u00e9mies hivernales,<\/a>\u00a0notamment la grippe, en p\u00e9riode de cong\u00e9s pour de nombreux soignants. Et \u00abil est probable que le recours aux soins pour grippe s&rsquo;accentue de fa\u00e7on importante cette semaine dans l&rsquo;ensemble des r\u00e9gions hexagonales, avec un fort impact \u00e0 anticiper \u00e0 l&rsquo;h\u00f4pital durant la p\u00e9riodes des cong\u00e9s de fin d&rsquo;ann\u00e9e\u00bb, a pr\u00e9venu l&rsquo;Institut Pasteur dans des mod\u00e9lisations hebdomadaires. Celles-ci mettent \u00e0 jour de pr\u00e9c\u00e9dentes pr\u00e9visions, publi\u00e9es la semaine derni\u00e8re et constituant les premi\u00e8res mod\u00e9lisations d&rsquo;une \u00e9pid\u00e9mie de grippe en France, et restent largement dans la lign\u00e9e de celles-ci.<\/p>\n<p class=\"fig-paragraph\">L&rsquo;Institut estime ainsi que l&rsquo;\u00e9pid\u00e9mie a de grandes chances d&rsquo;atteindre son pic la derni\u00e8re semaine de 2025 (72,5% de probabilit\u00e9) et devrait, sinon, le faire lors des premiers jours de 2026 (22,5%). Une autre grande \u00e9pid\u00e9mie hivernale, la\u00a0<a href=\"https:\/\/www.lefigaro.fr\/story\/lheure-de-verite-pour-sebastien-lecornu-renault-va-construire-des-ford-electriques-epidemie-de-bronchiolite-les-5-infos-a-connaitre-ce-9-decembre-18249\" data-fig-type=\"Story\" data-gtm-custom-categorie=\"navigation\" data-gtm-custom-action=\"crossclick\" data-gtm-custom-label=\"Contextuel\" data-gtm-event=\"customEventSPE\" data-fig-domain=\"LEFIGARO\" target=\"_blank\" rel=\"noopener\">bronchiolite<\/a>, semble, elle, en train d&rsquo;atteindre son pic.<\/p>\n<p class=\"fig-paragraph\">Pour cette maladie, qui frappe essentiellement les b\u00e9b\u00e9s et est g\u00e9n\u00e9ralement caus\u00e9e par le virus respiratoire syncytial (VRS), les indicateurs commencent \u00ab\u00e0 diminuer en ville, \u00e0 des niveaux proches de ceux observ\u00e9s la saison pr\u00e9c\u00e9dente \u00e0 la m\u00eame p\u00e9riode\u00bb, explique SpF. \u00abUne tendance \u00e0 la stabilisation (est) observ\u00e9e pour les passages aux urgences, tandis que les hospitalisations apr\u00e8s passage (sont) en baisse\u00bb, pr\u00e9cise l&rsquo;agence.<\/p>\n","protected":false},"excerpt":{"rendered":"Par Le Figaro avec AFP Le 24 d\u00e9cembre 2025 \u00e0 17h44 Plus de 17.000 d\u00e9c\u00e8s caus\u00e9s par a&hellip;\n","protected":false},"author":2,"featured_media":620569,"comment_status":"","ping_status":"","sticky":false,"template":"","format":"standard","meta":{"footnotes":""},"categories":[10],"tags":[8704,47,8699,8707,8706,4988,1011,27,29786,8705,72,8700,5362,226,224,8701,225,8702,298,71,8703,801,227],"class_list":{"0":"post-620568","1":"post","2":"type-post","3":"status-publish","4":"format-standard","5":"has-post-thumbnail","7":"category-sante","8":"tag-actu-sante","9":"tag-actualite","10":"tag-actualite-sante","11":"tag-conseil-medical","12":"tag-conseils-medicaux","13":"tag-forme","14":"tag-fr","15":"tag-france","16":"tag-grippe","17":"tag-guide-des-medicaments","18":"tag-health","19":"tag-info-sante","20":"tag-magazine-sante","21":"tag-maladie","22":"tag-medecine","23":"tag-medical","24":"tag-medicament","25":"tag-nutrition-et-sante","26":"tag-psychologie","27":"tag-sante","28":"tag-sexualite","29":"tag-social","30":"tag-traitement"},"share_on_mastodon":{"url":"","error":""},"_links":{"self":[{"href":"https:\/\/www.europesays.com\/fr\/wp-json\/wp\/v2\/posts\/620568","targetHints":{"allow":["GET"]}}],"collection":[{"href":"https:\/\/www.europesays.com\/fr\/wp-json\/wp\/v2\/posts"}],"about":[{"href":"https:\/\/www.europesays.com\/fr\/wp-json\/wp\/v2\/types\/post"}],"author":[{"embeddable":true,"href":"https:\/\/www.europesays.com\/fr\/wp-json\/wp\/v2\/users\/2"}],"replies":[{"embeddable":true,"href":"https:\/\/www.europesays.com\/fr\/wp-json\/wp\/v2\/comments?post=620568"}],"version-history":[{"count":0,"href":"https:\/\/www.europesays.com\/fr\/wp-json\/wp\/v2\/posts\/620568\/revisions"}],"wp:featuredmedia":[{"embeddable":true,"href":"https:\/\/www.europesays.com\/fr\/wp-json\/wp\/v2\/media\/620569"}],"wp:attachment":[{"href":"https:\/\/www.europesays.com\/fr\/wp-json\/wp\/v2\/media?parent=620568"}],"wp:term":[{"taxonomy":"category","embeddable":true,"href":"https:\/\/www.europesays.com\/fr\/wp-json\/wp\/v2\/categories?post=620568"},{"taxonomy":"post_tag","embeddable":true,"href":"https:\/\/www.europesays.com\/fr\/wp-json\/wp\/v2\/tags?post=620568"}],"curies":[{"name":"wp","href":"https:\/\/api.w.org\/{rel}","templated":true}]}}