{"id":620597,"date":"2025-12-24T22:27:21","date_gmt":"2025-12-24T22:27:21","guid":{"rendered":"https:\/\/www.europesays.com\/fr\/620597\/"},"modified":"2025-12-24T22:27:21","modified_gmt":"2025-12-24T22:27:21","slug":"le-pont-flaubert-leve-dans-la-nuit-de-dimanche-a-lundi-pour-larrivee-du-voilier-le-francais","status":"publish","type":"post","link":"https:\/\/www.europesays.com\/fr\/620597\/","title":{"rendered":"le pont Flaubert lev\u00e9 dans la nuit de dimanche \u00e0 lundi pour l\u2019arriv\u00e9e du voilier \u201cLe Fran\u00e7ais\u201d"},"content":{"rendered":"<p>\t\t\t\t\t Le c\u00e9l\u00e8bre voilier d\u2019exp\u00e9dition polaire \u00ab Le Fran\u00e7ais \u00bb fera escale \u00e0 Rouen en d\u00e9but de semaine prochaine. Pour permettre son passage, le pont Flaubert sera lev\u00e9 dans la nuit du dimanche 4 au lundi 5 janvier, entra\u00eenant la fermeture compl\u00e8te de la RN1338. <\/p>\n<p><strong>L\u2019axe sera coup\u00e9 de 23h30 \u00e0 2h30, dans les deux sens de circulation<\/strong>. Des d\u00e9viations , une pour les v\u00e9hicules de tourisme, une autre pour les poids lourds, seront activ\u00e9es durant toute la dur\u00e9e de l\u2019op\u00e9ration. <\/p>\n<p>La mesure, annonc\u00e9e par la direction interd\u00e9partementale des routes Nord-Ouest, vise \u00e0 s\u00e9curiser la man\u0153uvre et \u00e0 garantir la fluidit\u00e9 du trafic autour du pont. Les usagers sont invit\u00e9s \u00e0 anticiper leurs d\u00e9placements. <br \/>\u00a0\n\t\t\t\t <\/p>\n","protected":false},"excerpt":{"rendered":"Le c\u00e9l\u00e8bre voilier d\u2019exp\u00e9dition polaire \u00ab Le Fran\u00e7ais \u00bb fera escale \u00e0 Rouen en d\u00e9but de semaine prochaine.&hellip;\n","protected":false},"author":2,"featured_media":620598,"comment_status":"","ping_status":"","sticky":false,"template":"","format":"standard","meta":{"footnotes":""},"categories":[9587],"tags":[1111,11,1777,674,1011,27,12,5161,9617,25,9590,5163],"class_list":{"0":"post-620597","1":"post","2":"type-post","3":"status-publish","4":"format-standard","5":"has-post-thumbnail","7":"category-rouen","8":"tag-actu","9":"tag-actualites","10":"tag-eu","11":"tag-europe","12":"tag-fr","13":"tag-france","14":"tag-news","15":"tag-normandie","16":"tag-pont-flaubert","17":"tag-republique-francaise","18":"tag-rouen","19":"tag-seine-maritime"},"share_on_mastodon":{"url":"https:\/\/pubeurope.com\/@fr\/115776903356289359","error":""},"_links":{"self":[{"href":"https:\/\/www.europesays.com\/fr\/wp-json\/wp\/v2\/posts\/620597","targetHints":{"allow":["GET"]}}],"collection":[{"href":"https:\/\/www.europesays.com\/fr\/wp-json\/wp\/v2\/posts"}],"about":[{"href":"https:\/\/www.europesays.com\/fr\/wp-json\/wp\/v2\/types\/post"}],"author":[{"embeddable":true,"href":"https:\/\/www.europesays.com\/fr\/wp-json\/wp\/v2\/users\/2"}],"replies":[{"embeddable":true,"href":"https:\/\/www.europesays.com\/fr\/wp-json\/wp\/v2\/comments?post=620597"}],"version-history":[{"count":0,"href":"https:\/\/www.europesays.com\/fr\/wp-json\/wp\/v2\/posts\/620597\/revisions"}],"wp:featuredmedia":[{"embeddable":true,"href":"https:\/\/www.europesays.com\/fr\/wp-json\/wp\/v2\/media\/620598"}],"wp:attachment":[{"href":"https:\/\/www.europesays.com\/fr\/wp-json\/wp\/v2\/media?parent=620597"}],"wp:term":[{"taxonomy":"category","embeddable":true,"href":"https:\/\/www.europesays.com\/fr\/wp-json\/wp\/v2\/categories?post=620597"},{"taxonomy":"post_tag","embeddable":true,"href":"https:\/\/www.europesays.com\/fr\/wp-json\/wp\/v2\/tags?post=620597"}],"curies":[{"name":"wp","href":"https:\/\/api.w.org\/{rel}","templated":true}]}}