{"id":620599,"date":"2025-12-24T22:28:23","date_gmt":"2025-12-24T22:28:23","guid":{"rendered":"https:\/\/www.europesays.com\/fr\/620599\/"},"modified":"2025-12-24T22:28:23","modified_gmt":"2025-12-24T22:28:23","slug":"une-grande-chaine-va-les-reprendre","status":"publish","type":"post","link":"https:\/\/www.europesays.com\/fr\/620599\/","title":{"rendered":"une grande cha\u00eene va les reprendre"},"content":{"rendered":"<p>                    Par<br \/>\n        <strong><br \/>\n            <a href=\"https:\/\/actu.fr\/auteur\/lisa-rodrigues\" title=\"Consulter tous les articles de Lisa Rodrigues\" target=\"_blank\" rel=\"noopener\">Lisa Rodrigues<\/a><br \/>\n                    <\/strong><\/p>\n<p>        Publi\u00e9 le<\/p>\n<p>            24 d\u00e9c. 2025 \u00e0 15h56        <\/p>\n<p>C\u2019\u00e9tait annonc\u00e9, c\u2019est d\u00e9sormais officiel : la cha\u00eene de d\u00e9coration et produits pour la maison \u00e0 petits prix <a href=\"https:\/\/actu.fr\/tag\/gifi\" target=\"_blank\" rel=\"noopener\">Gifi<\/a> vend <strong>une trentaine de ses magasins<\/strong> en France. Une strat\u00e9gie pour tenter de redresser la barre financi\u00e8re de l\u2019entreprise, en grande difficult\u00e9 financi\u00e8re.<\/p>\n<p class=\" wall-content\">On conna\u00eet d\u00e9j\u00e0 l\u2019identit\u00e9 du repreneur de ces magasins : il s\u2019agit de <strong>Grand Frais<\/strong>, cha\u00eene de produits alimentaires, qui elle, est en plein d\u00e9veloppement.<\/p>\n<p class=\" wall-content\">Les changements de propri\u00e9taires devraient survenir <strong>\u00e0 partir de juin 2026<\/strong>. En <a href=\"https:\/\/actu.fr\/auvergne-rhone-alpes\/isere_38\" target=\"_blank\" rel=\"noopener\">Is\u00e8re<\/a>, cela concerne deux magasins.<\/p>\n<p>Des magasins repris en g\u00e9rance-mandat<\/p>\n<p class=\" wall-content\">Les deux adresses is\u00e9roises seront c\u00e9d\u00e9s \u00e0 Grand Frais sous forme de g\u00e9rance-mandat, selon <a href=\"https:\/\/www.lsa-conso.fr\/vente-de-magasins-gifi-a-grand-frais-decouvrez-la-liste-des-32-qui-vont-changer-d-enseigne-en-2026,463786\" target=\"_blank\" rel=\"noopener\">le m\u00e9dia sp\u00e9cialis\u00e9 LSA<\/a>.<\/p>\n<p class=\" wall-content\">Il y a d\u2019abord celui de <strong>Pont-de-Beauvoisin<\/strong>. Il est id\u00e9alement situ\u00e9 dans la zone d\u2019activit\u00e9 La Baronnie, \u00e0 la fronti\u00e8re entre la Savoie et l\u2019Is\u00e8re.<\/p>\n<p>    <a href=\"https:\/\/www.google.com\/maps\/embed?pb=!1m18!1m12!1m3!1d3915.345165462976!2d5.680896264364318!3d45.53064651777692!2m3!1f0!2f0!3f0!3m2!1i1024!2i768!4f13.1!3m3!1m2!1s0x478b1d7e43d20895%3A0x3154eeaea0575dd6!2sGiFi%20LE%20PONT%20DE%20BEAUVOISIN!5e0!3m2!1sfr!2sfr!4v1766583433841!5m2!1sfr!2sfr\" title=\"Ouvrie le lien\" target=\"_blank\" rel=\"noopener\">Cliquez ici pour visualiser le contenu<\/a><\/p>\n<p class=\" wall-content\">Il deviendra le premier Grand Frais de cette zone, \u00e0 \u00e9quidistance entre celui de <a href=\"https:\/\/actu.fr\/auvergne-rhone-alpes\/bourgoin-jallieu_38053\" target=\"_blank\" rel=\"noopener\">Bourgoin-Jallieu<\/a> en Is\u00e8re et celui de Saint-Alban-Leysse en Savoie.<\/p>\n<p>Votre r\u00e9gion, votre actu !<\/p>\n<p>Recevez chaque jour les infos qui comptent pour vous.<\/p>\n<p>\t<a href=\"https:\/\/actu.fr\/newsletter\" class=\"ac-btn ac-btn--corner ac-btn--medium ac-btn--blue800\" target=\"_blank\" rel=\"noopener\">S&rsquo;incrire<\/a><br \/>\nHuit magasins Gifi restants en Is\u00e8re<\/p>\n<p class=\" wall-content\">Le deuxi\u00e8me Gifi is\u00e9rois qui va se transformer en Grand Frais est celui de <strong>Fontaine<\/strong>, pr\u00e8s de <a href=\"https:\/\/actu.fr\/auvergne-rhone-alpes\/grenoble_38185\" target=\"_blank\" rel=\"noopener\">Grenoble<\/a>, pr\u00e8s du secteur de la Poya.<\/p>\n<p>    <a href=\"https:\/\/www.google.com\/maps\/embed?pb=!1m18!1m12!1m3!1d2811.5688264163086!2d5.673825074777534!3d45.195823751307415!2m3!1f0!2f0!3f0!3m2!1i1024!2i768!4f13.1!3m3!1m2!1s0x478af307d7baaa99%3A0x63d3b3430a47fdf4!2sGiFi%20GRENOBLE!5e0!3m2!1sfr!2sfr!4v1766584087775!5m2!1sfr!2sfr\" title=\"Ouvrie le lien\" target=\"_blank\" rel=\"noopener\">Cliquez ici pour visualiser le contenu<\/a><\/p>\n<p class=\" wall-content\">L\u2019enseigne de d\u00e9coration disposera toujours de 8 magasins en Is\u00e8re apr\u00e8s ce basculement : Crolles, <a href=\"https:\/\/actu.fr\/auvergne-rhone-alpes\/echirolles_38151\" target=\"_blank\" rel=\"noopener\">Echirolles<\/a>, L\u2019Isle-d\u2019Abeau, Morestel, Saint-Jean-de-Soudain, Salaise-sur-Sanne, Saint-Etienne-de-Saint-Geoirs et Tignieu-Jameyzieu.<\/p>\n<p class=\" wall-content\">Outre ces deux magasins Gifi is\u00e9rois, le groupe c\u00e8de \u00e9galement \u00e0 Grand Frais 12 autres \u00e9tablissements en g\u00e9rance-mandat et 17 en exploitation directe ailleurs en France.<\/p>\n<p class=\" wall-content\">Personnalisez votre actualit\u00e9 en ajoutant vos villes et m\u00e9dias en favori avec <a href=\"https:\/\/moncompte.actu.fr\" title=\"D\u00e9couvez Mon Actu\" rel=\"nofollow noopener\" data-trk=\"{&quot;cta&quot;:{&quot;action&quot;:&quot;https:\\\/\\\/moncompte.actu.fr&quot;,&quot;category&quot;:&quot;mon compte&quot;,&quot;from&quot;:&quot;article footer&quot;,&quot;name&quot;:&quot;Mon actu&quot;,&quot;type&quot;:&quot;cta&quot;}}\" target=\"_blank\">Mon Actu<\/a>.<\/p>\n","protected":false},"excerpt":{"rendered":"Par Lisa Rodrigues Publi\u00e9 le 24 d\u00e9c. 2025 \u00e0 15h56 C\u2019\u00e9tait annonc\u00e9, c\u2019est d\u00e9sormais officiel : la cha\u00eene&hellip;\n","protected":false},"author":2,"featured_media":620600,"comment_status":"","ping_status":"","sticky":false,"template":"","format":"standard","meta":{"footnotes":""},"categories":[9566],"tags":[1111,11,2430,215,33,1777,674,1011,27,2075,2731,12,25],"class_list":{"0":"post-620599","1":"post","2":"type-post","3":"status-publish","4":"format-standard","5":"has-post-thumbnail","7":"category-grenoble","8":"tag-actu","9":"tag-actualites","10":"tag-auvergne-rhone-alpes","11":"tag-commerce","12":"tag-economie","13":"tag-eu","14":"tag-europe","15":"tag-fr","16":"tag-france","17":"tag-gifi","18":"tag-grenoble","19":"tag-news","20":"tag-republique-francaise"},"share_on_mastodon":{"url":"https:\/\/pubeurope.com\/@fr\/115776907197095317","error":""},"_links":{"self":[{"href":"https:\/\/www.europesays.com\/fr\/wp-json\/wp\/v2\/posts\/620599","targetHints":{"allow":["GET"]}}],"collection":[{"href":"https:\/\/www.europesays.com\/fr\/wp-json\/wp\/v2\/posts"}],"about":[{"href":"https:\/\/www.europesays.com\/fr\/wp-json\/wp\/v2\/types\/post"}],"author":[{"embeddable":true,"href":"https:\/\/www.europesays.com\/fr\/wp-json\/wp\/v2\/users\/2"}],"replies":[{"embeddable":true,"href":"https:\/\/www.europesays.com\/fr\/wp-json\/wp\/v2\/comments?post=620599"}],"version-history":[{"count":0,"href":"https:\/\/www.europesays.com\/fr\/wp-json\/wp\/v2\/posts\/620599\/revisions"}],"wp:featuredmedia":[{"embeddable":true,"href":"https:\/\/www.europesays.com\/fr\/wp-json\/wp\/v2\/media\/620600"}],"wp:attachment":[{"href":"https:\/\/www.europesays.com\/fr\/wp-json\/wp\/v2\/media?parent=620599"}],"wp:term":[{"taxonomy":"category","embeddable":true,"href":"https:\/\/www.europesays.com\/fr\/wp-json\/wp\/v2\/categories?post=620599"},{"taxonomy":"post_tag","embeddable":true,"href":"https:\/\/www.europesays.com\/fr\/wp-json\/wp\/v2\/tags?post=620599"}],"curies":[{"name":"wp","href":"https:\/\/api.w.org\/{rel}","templated":true}]}}