{"id":620612,"date":"2025-12-24T22:41:20","date_gmt":"2025-12-24T22:41:20","guid":{"rendered":"https:\/\/www.europesays.com\/fr\/620612\/"},"modified":"2025-12-24T22:41:20","modified_gmt":"2025-12-24T22:41:20","slug":"la-mairie-plaide-le-quiproquo-et-maintient-sa-volonte-dapaiser-lespace","status":"publish","type":"post","link":"https:\/\/www.europesays.com\/fr\/620612\/","title":{"rendered":"la mairie plaide le \u00ab\u00a0quiproquo\u00a0\u00bb et maintient sa volont\u00e9 \u00ab\u00a0d\u2019apaiser l\u2019espace\u00a0\u00bb"},"content":{"rendered":"<p>\u00ab\u00a0D\u00e8s vendredi, quand je suis pass\u00e9 aux all\u00e9es et que j\u2019ai vu les bancs, il m\u2019est apparu \u00e9vident que leur emplacement n\u2019\u00e9tait pas pertinent\u00a0\u00bb, reconna\u00eet l\u2019adjoint au maire en charge de la nature en ville et des quartiers apais\u00e9s. Un rapide \u00e9change avec les services de Bordeaux M\u00e9tropole, en charge de ces am\u00e9nagements, et \u00ab\u00a0l\u2019erreur partag\u00e9e\u00a0\u00bb est reconnue. Mais en cette fin de semaine, pas le temps pour les services de la r\u00e9gie de rectifier le tir avant ce week-end d\u2019avant No\u00ebl qui laissera le champ libre au buzz sur les r\u00e9seaux sociaux, <a href=\"https:\/\/www.facebook.com\/alexandra.siarri.1\/?locale=fr_FR\" target=\"_blank\" rel=\"nofollow noopener\">entre politiques fustigeant le manque de s\u00e9rieux de l\u2019\u00e9quipe municipale<\/a> et riverains raillant l\u2019entr\u00e9e \u00ab\u00a0en absurdie\u00a0\u00bb.<\/p>\n<p>        <img decoding=\"async\" id=\"27203399\" src=\"https:\/\/www.europesays.com\/fr\/wp-content\/uploads\/2025\/12\/20251223185035-l11364.jpg\" alt=\"Malgr\u00e9 les plans initiaux, pr\u00e9sent\u00e9s \u00e0 l\u2019issue de la concertation, c\u2019est bien sur les platelages en bois que tous les bancs seront install\u00e9s.\" itemprop=\"contentURL\"\/><\/p>\n<p>    Malgr\u00e9 les plans initiaux, pr\u00e9sent\u00e9s \u00e0 l\u2019issue de la concertation, c\u2019est bien sur les platelages en bois que tous les bancs seront install\u00e9s.<\/p>\n<p>Claude Petit\u00a0\/\u00a0SO<\/p>\n<p>    R\u00e9trop\u00e9dalage malgr\u00e9 les plans<\/p>\n<p>Didier Jeanjean s\u2019explique sur ce \u00ab\u00a0quiproquo\u00a0\u00bb. Pour m\u00e9moire, \u00e0 l\u2019issue de <a href=\"https:\/\/www.sudouest.fr\/politique\/urbanisme\/concertation-sur-le-devenir-des-allees-de-tourny-a-bordeaux-place-aux-idees-19713657.php\" target=\"_blank\" rel=\"follow noopener\">la concertation men\u00e9e au printemps 2024,<\/a> une volont\u00e9 d\u2019apaisement partag\u00e9e induisait la restriction du stationnement. Sur plans, cela se traduit par des platelages en bois, qui, en face des restaurants, proposeront des terrasses, quand ailleurs des bancs seront mis \u00e0 disposition des promeneurs. Pour l\u2019\u00e9lu, \u00ab\u00a0ces bancs auraient donc d\u00fb se trouver sur un platelage\u00a0\u00bb. D\u2019o\u00f9 sa r\u00e9action imm\u00e9diate vendredi 19\u00a0d\u00e9cembre, et la question qui s\u2019ensuit \u00ab\u00a0de les maintenir en place\u00a0\u00bb.<\/p>\n<p>Mais au regard de la bronca suscit\u00e9e jusque dans les rangs des Motards en col\u00e8re de Gironde, le r\u00e9trop\u00e9dalage s\u2019est impos\u00e9, avec un communiqu\u00e9 teint\u00e9 d\u2019humour. \u00ab\u00a0Car je ne suis pas de ceux qui restent dans l\u2019ent\u00eatement pour dire que je n\u2019ai pas fait d\u2019erreur\u00a0\u00bb, d\u00e9clare Didier Jeanjean.<\/p>\n<p>        <img decoding=\"async\" id=\"27208416\" src=\"https:\/\/www.europesays.com\/fr\/wp-content\/uploads\/2025\/12\/plan-tourny-concertation.jpg\" alt=\"Plan des am\u00e9nagements transitoires pr\u00e9sent\u00e9 \u00e0 la mairie en mai 2025.\" itemprop=\"contentURL\"\/><\/p>\n<p>    Plan des am\u00e9nagements transitoires pr\u00e9sent\u00e9 \u00e0 la mairie en mai 2025.<\/p>\n<p>Repro SO<\/p>\n<p>Reste qu\u2019\u00e0 regarder de pr\u00e8s <a href=\"https:\/\/www.sudouest.fr\/gironde\/bordeaux\/bordeaux-a-quoi-vont-ressembler-les-allees-de-tourny-a-partir-de-septembre-24066059.php\" target=\"_blank\" rel=\"follow noopener\">les plans pr\u00e9sent\u00e9s en avril dernier<\/a> par Jean Faure, de<a href=\"https:\/\/l-atelierdespossibles.com\/\" target=\"_blank\" rel=\"nofollow noopener\"> L-atelier des possibles<\/a>, cabinet de designers urbains charg\u00e9 de cette mission pr\u00e9alable, lesdits bancs figurent bien sur une zone d\u00e9pourvue de terrasse. Mais int\u00e9gr\u00e9e \u00e0 l\u2019une de ces \u00ab\u00a0vaguelettes bleues\u00a0\u00bb dessin\u00e9es sur la chauss\u00e9e selon le principe du \u00ab\u00a0design actif\u00a0\u00bb, invitant les automobilistes \u00e0 adapter leur vitesse de circulation.<\/p>\n<p>Quant \u00e0 ceux qui s\u2019insurgent contre des d\u00e9penses inutiles engendr\u00e9es par cet \u00e9pisode, Didier Jeanjean tient \u00e0 les rassurer. \u00ab\u00a0Cela n\u2019aura aucun co\u00fbt suppl\u00e9mentaire puisque l\u2019intervention a \u00e9t\u00e9 faite en r\u00e9gie.\u00a0\u00bb Et de pr\u00e9ciser que cette \u00e9tape transitoire, illustration de l\u2019urbanisme pragmatique instaur\u00e9 durant la mandature, est loin de se chiffrer \u00ab\u00a0aux 15\u00a0millions d\u2019euros que l\u2019on voit partout\u00a0\u00bb. Une enveloppe d\u00e9volue \u00e0 l\u2019int\u00e9gralit\u00e9 de la r\u00e9habilitation des all\u00e9es de Tourny qui, depuis la pr\u00e9sentation du projet, a \u00e9t\u00e9 revue \u00e0\u00a013\u00a0millions d\u2019euros. \u00ab\u00a0Avec une participation de la Ville d\u00e9sormais inf\u00e9rieure\u00a0\u00bb, pour un montant de 5,5\u00a0millions d\u2019euros. Et dont les am\u00e9nagements transitoires en bois et leur v\u00e9g\u00e9talisation, en cours d\u2019ach\u00e8vement, s\u2019\u00e9l\u00e8vent \u00e0 350\u00a0000\u00a0euros.<\/p>\n","protected":false},"excerpt":{"rendered":"\u00ab\u00a0D\u00e8s vendredi, quand je suis pass\u00e9 aux all\u00e9es et que j\u2019ai vu les bancs, il m\u2019est apparu \u00e9vident&hellip;\n","protected":false},"author":2,"featured_media":620613,"comment_status":"","ping_status":"","sticky":false,"template":"","format":"standard","meta":{"footnotes":""},"categories":[2817],"tags":[1111,11,1997,1777,674,1011,27,12,2219,25],"class_list":{"0":"post-620612","1":"post","2":"type-post","3":"status-publish","4":"format-standard","5":"has-post-thumbnail","7":"category-bordeaux","8":"tag-actu","9":"tag-actualites","10":"tag-bordeaux","11":"tag-eu","12":"tag-europe","13":"tag-fr","14":"tag-france","15":"tag-news","16":"tag-nouvelle-aquitaine","17":"tag-republique-francaise"},"share_on_mastodon":{"url":"https:\/\/pubeurope.com\/@fr\/115776960015006653","error":""},"_links":{"self":[{"href":"https:\/\/www.europesays.com\/fr\/wp-json\/wp\/v2\/posts\/620612","targetHints":{"allow":["GET"]}}],"collection":[{"href":"https:\/\/www.europesays.com\/fr\/wp-json\/wp\/v2\/posts"}],"about":[{"href":"https:\/\/www.europesays.com\/fr\/wp-json\/wp\/v2\/types\/post"}],"author":[{"embeddable":true,"href":"https:\/\/www.europesays.com\/fr\/wp-json\/wp\/v2\/users\/2"}],"replies":[{"embeddable":true,"href":"https:\/\/www.europesays.com\/fr\/wp-json\/wp\/v2\/comments?post=620612"}],"version-history":[{"count":0,"href":"https:\/\/www.europesays.com\/fr\/wp-json\/wp\/v2\/posts\/620612\/revisions"}],"wp:featuredmedia":[{"embeddable":true,"href":"https:\/\/www.europesays.com\/fr\/wp-json\/wp\/v2\/media\/620613"}],"wp:attachment":[{"href":"https:\/\/www.europesays.com\/fr\/wp-json\/wp\/v2\/media?parent=620612"}],"wp:term":[{"taxonomy":"category","embeddable":true,"href":"https:\/\/www.europesays.com\/fr\/wp-json\/wp\/v2\/categories?post=620612"},{"taxonomy":"post_tag","embeddable":true,"href":"https:\/\/www.europesays.com\/fr\/wp-json\/wp\/v2\/tags?post=620612"}],"curies":[{"name":"wp","href":"https:\/\/api.w.org\/{rel}","templated":true}]}}