{"id":620614,"date":"2025-12-24T22:42:26","date_gmt":"2025-12-24T22:42:26","guid":{"rendered":"https:\/\/www.europesays.com\/fr\/620614\/"},"modified":"2025-12-24T22:42:26","modified_gmt":"2025-12-24T22:42:26","slug":"rcf-bordeaux-les-chemins-de-lorthodoxie-fete-de-la-nativite-de-notre-seigneur-jesus","status":"publish","type":"post","link":"https:\/\/www.europesays.com\/fr\/620614\/","title":{"rendered":"RCF Bordeaux, \u00abLes chemins de l\u2019orthodoxie\u00bb : \u00ab F\u00eate de la Nativit\u00e9 de Notre Seigneur J\u00e9sus \u00bb"},"content":{"rendered":"<p>Ce cat\u00e9chisme est particuli\u00e8rement bienvenu pour les parents en attente, pour leurs enfants d\u2019un cat\u00e9chisme orthodoxe fiable, mais aussi pour &#8230;<\/p>\n<p>Vient de para\u00eetre: Jean-Claude Larchet, \u00ab \u201cEn suivant les P\u00e8res\u2026 \u201d. La vie et l\u2019\u0153uvre du P\u00e8re Georges Florovsky \u00bb, &#8230;<\/p>\n<p>Fond\u00e9 en 1925 par des th\u00e9ologiens russes \u00e9migr\u00e9s, l\u2019Institut de th\u00e9ologie orthodoxe Saint-Serge de Paris c\u00e9l\u00e8bre son centenaire. Ce documentaire &#8230;<\/p>\n<p>L\u2019office de la Nativit\u00e9 du Christ complet \u00a0(grandes heures, v\u00eapres, grandes complies, liturgie), en version bilingue slavon-fran\u00e7ais, est disponible ici &#8230;<\/p>\n<p>S\u00e9rie in\u00e9dite : \u00ab\u00a0Liturgie orthodoxe\u00a0\u00bb propos\u00e9e par le p\u00e8re Jean-Claude Gurnade. Aujourd\u2019hui la f\u00eate de la Nativit\u00e9 de Notre Seigneur &#8230;<\/p>\n<p>Car\u00eame de la Nativit\u00e9 Saint Daniel, stylite pr\u00e8s de Constantinople (490) ; saints Victoric, Gentien et Fuscien, martyrs \u00e0 Amiens &#8230;<\/p>\n<p>Paramonie de la Nativit\u00e9 \u2013 Heures Royales \u2013 Liturgie de St Basile le Grand Car\u00eame de la Nativit\u00e9 Sainte Eug\u00e9nie, &#8230;<\/p>\n<p>Chers fr\u00e8res et s\u0153urs ! En vivant les \u00e9v\u00e9nements eccl\u00e9siastiques de notre \u00e9poque, les souvenirs de la fin des ann\u00e9es &#8230;<\/p>\n<p>Le 18 d\u00e9cembre 2025, le patriarche Porphyre de Serbie a solennellement accueilli M. Mikhe\u00efl Kavelachvili, pr\u00e9sident de la G\u00e9orgie, effectuant &#8230;<\/p>\n<p>\u00c0 peine achev\u00e9es les c\u00e9l\u00e9brations de la f\u00eate de saint Nicolas le Thaumaturge, plus de soixante-dix jeunes venus de toute &#8230;<\/p>\n<p>Ainsi donc, nous aussi, qui avons autour de nous une telle nu\u00e9e de t\u00e9moins\u00a0[en grec : martyr\u00f4n], rejetons tout fardeau &#8230;<\/p>\n<p>La version anglaise du site officiel du Patriarcat de Roumanie a \u00e9t\u00e9 lanc\u00e9e jeudi dans l\u2019Aula Magna \u00ab Patriarche-Teoctist \u00bb &#8230;<\/p>\n<p>Car\u00eame de la Nativit\u00e9 Saints M\u00e9nas, Hermog\u00e8ne et Eugraphe, martyrs \u00e0 Alexandrie (vers 313) ; saint G\u00e9mellus, martyr paphlagonien (vers &#8230;<\/p>\n<p>Avant-f\u00eate de la Nativit\u00e9 du Christ Car\u00eame de la Nativit\u00e9 Les dix martyrs de Cr\u00e8te\u00a0: Th\u00e9odule, Saturnin, Europe, G\u00e9lase, Eunicien, &#8230;<\/p>\n<p>Le vendredi 19 d\u00e9cembre 2025, le m\u00e9tropolite majeur Emmanuel de Chalc\u00e9doine s\u2019est rendu en Lituanie. Lors de sa visite, il &#8230;<\/p>\n<p>Dans un communiqu\u00e9 publi\u00e9 sur le site officiel, le patriarcat \u0153cum\u00e9nique a donn\u00e9 des d\u00e9tails de la prochaine visite du &#8230;<\/p>\n<p>Le primat de la m\u00e9tropole de Bessarabie a exprim\u00e9 des pr\u00e9tentions \u00e0 un r\u00f4le exclusif dans la vie orthodoxe de &#8230;<\/p>\n<p>Trinitas Film a \u00e9t\u00e9 officiellement lanc\u00e9 jeudi 18 d\u00e9cembre dans l\u2019Aula Magna \u00ab Patriarche-Teoctist \u00bb du Palais patriarcal, devenant ainsi &#8230;<\/p>\n","protected":false},"excerpt":{"rendered":"Ce cat\u00e9chisme est particuli\u00e8rement bienvenu pour les parents en attente, pour leurs enfants d\u2019un cat\u00e9chisme orthodoxe fiable, mais&hellip;\n","protected":false},"author":2,"featured_media":620615,"comment_status":"","ping_status":"","sticky":false,"template":"","format":"standard","meta":{"footnotes":""},"categories":[2817],"tags":[1111,11,1997,1777,674,1011,27,12,2219,25],"class_list":{"0":"post-620614","1":"post","2":"type-post","3":"status-publish","4":"format-standard","5":"has-post-thumbnail","7":"category-bordeaux","8":"tag-actu","9":"tag-actualites","10":"tag-bordeaux","11":"tag-eu","12":"tag-europe","13":"tag-fr","14":"tag-france","15":"tag-news","16":"tag-nouvelle-aquitaine","17":"tag-republique-francaise"},"share_on_mastodon":{"url":"https:\/\/pubeurope.com\/@fr\/115776962137051144","error":""},"_links":{"self":[{"href":"https:\/\/www.europesays.com\/fr\/wp-json\/wp\/v2\/posts\/620614","targetHints":{"allow":["GET"]}}],"collection":[{"href":"https:\/\/www.europesays.com\/fr\/wp-json\/wp\/v2\/posts"}],"about":[{"href":"https:\/\/www.europesays.com\/fr\/wp-json\/wp\/v2\/types\/post"}],"author":[{"embeddable":true,"href":"https:\/\/www.europesays.com\/fr\/wp-json\/wp\/v2\/users\/2"}],"replies":[{"embeddable":true,"href":"https:\/\/www.europesays.com\/fr\/wp-json\/wp\/v2\/comments?post=620614"}],"version-history":[{"count":0,"href":"https:\/\/www.europesays.com\/fr\/wp-json\/wp\/v2\/posts\/620614\/revisions"}],"wp:featuredmedia":[{"embeddable":true,"href":"https:\/\/www.europesays.com\/fr\/wp-json\/wp\/v2\/media\/620615"}],"wp:attachment":[{"href":"https:\/\/www.europesays.com\/fr\/wp-json\/wp\/v2\/media?parent=620614"}],"wp:term":[{"taxonomy":"category","embeddable":true,"href":"https:\/\/www.europesays.com\/fr\/wp-json\/wp\/v2\/categories?post=620614"},{"taxonomy":"post_tag","embeddable":true,"href":"https:\/\/www.europesays.com\/fr\/wp-json\/wp\/v2\/tags?post=620614"}],"curies":[{"name":"wp","href":"https:\/\/api.w.org\/{rel}","templated":true}]}}