{"id":620616,"date":"2025-12-24T22:44:20","date_gmt":"2025-12-24T22:44:20","guid":{"rendered":"https:\/\/www.europesays.com\/fr\/620616\/"},"modified":"2025-12-24T22:44:20","modified_gmt":"2025-12-24T22:44:20","slug":"tentative-de-suicide-sous-les-yeux-des-secours-un-pronostic-vital-engage-et-des-temoins-choques","status":"publish","type":"post","link":"https:\/\/www.europesays.com\/fr\/620616\/","title":{"rendered":"Tentative de suicide sous les yeux des secours\u00a0: un pronostic vital engag\u00e9 et des t\u00e9moins choqu\u00e9s"},"content":{"rendered":"<p>\n                                                                    l&rsquo;essentiel<br \/>\n                                                                Un drame s\u2019est d\u00e9roul\u00e9 \u00e0 Toulouse, dans le quartier des Sept-Deniers. Un homme de 54 ans, en d\u00e9tresse psychologique, a saut\u00e9 par la fen\u00eatre devant son colocataire et les secours. Son pronostic vital est engag\u00e9.\n                            <\/p>\n<p>Dans la soir\u00e9e de mardi, un homme a demand\u00e9 de l\u2019aide aux secours. Son colocataire, tr\u00e8s d\u00e9prim\u00e9, exprimait sa volont\u00e9 de mettre fin \u00e0 ses jours. Des pens\u00e9es suffisamment inqui\u00e9tantes pour inciter son colocataire \u00e0 donner l\u2019alerte. Contact\u00e9e, la r\u00e9gulation du Samu 31 a envoy\u00e9 sur place une ambulance.<\/p>\n<p>Arriv\u00e9s sur place, rue Ticky-Holgado dans le quartier des Sept-Deniers, \u00e0 Toulouse, les soignants ont \u00e9chang\u00e9 avec l\u2019homme d\u00e9prim\u00e9, \u00e2g\u00e9 de 54 ans. Ces ambulanciers priv\u00e9s ont jug\u00e9 son \u00e9tat suffisamment inqui\u00e9tant pour, en accord avec le m\u00e9decin, le transporter \u00e0 l\u2019h\u00f4pital. Mais soudain, l\u2019homme s\u2019est lev\u00e9 et il s\u2019est pr\u00e9cipit\u00e9 vers la fen\u00eatre avant de sauter dans le vide sous les yeux m\u00e9dus\u00e9s de son colocataire et des soignants.<\/p>\n<p>Pompiers et \u00e9quipe du Smur 31, alert\u00e9s peu avant 1 heure, sont intervenus pour prendre en charge la victime, gri\u00e8vement bless\u00e9e et inconsciente. M\u00e9dicalis\u00e9, cet homme a \u00e9t\u00e9 transport\u00e9 vers les urgences de l\u2019h\u00f4pital Purpan. Les premiers bilans \u00e9taient inqui\u00e9tants avec un pronostic vital engag\u00e9. Son colocataire et les ambulanciers, t\u00e9moins du drame et tr\u00e8s choqu\u00e9s, ont \u00e9t\u00e9 pris en charge par les pompiers mais laiss\u00e9s sur place.<\/p>\n","protected":false},"excerpt":{"rendered":"l&rsquo;essentiel Un drame s\u2019est d\u00e9roul\u00e9 \u00e0 Toulouse, dans le quartier des Sept-Deniers. Un homme de 54 ans, en&hellip;\n","protected":false},"author":2,"featured_media":620617,"comment_status":"","ping_status":"","sticky":false,"template":"","format":"standard","meta":{"footnotes":""},"categories":[2816],"tags":[1111,11,1777,674,118,1011,27,2722,12,2680,25,2312],"class_list":{"0":"post-620616","1":"post","2":"type-post","3":"status-publish","4":"format-standard","5":"has-post-thumbnail","7":"category-toulouse","8":"tag-actu","9":"tag-actualites","10":"tag-eu","11":"tag-europe","12":"tag-faits-divers","13":"tag-fr","14":"tag-france","15":"tag-haute-garonne","16":"tag-news","17":"tag-occitanie","18":"tag-republique-francaise","19":"tag-toulouse"},"share_on_mastodon":{"url":"https:\/\/pubeurope.com\/@fr\/115776969961367247","error":""},"_links":{"self":[{"href":"https:\/\/www.europesays.com\/fr\/wp-json\/wp\/v2\/posts\/620616","targetHints":{"allow":["GET"]}}],"collection":[{"href":"https:\/\/www.europesays.com\/fr\/wp-json\/wp\/v2\/posts"}],"about":[{"href":"https:\/\/www.europesays.com\/fr\/wp-json\/wp\/v2\/types\/post"}],"author":[{"embeddable":true,"href":"https:\/\/www.europesays.com\/fr\/wp-json\/wp\/v2\/users\/2"}],"replies":[{"embeddable":true,"href":"https:\/\/www.europesays.com\/fr\/wp-json\/wp\/v2\/comments?post=620616"}],"version-history":[{"count":0,"href":"https:\/\/www.europesays.com\/fr\/wp-json\/wp\/v2\/posts\/620616\/revisions"}],"wp:featuredmedia":[{"embeddable":true,"href":"https:\/\/www.europesays.com\/fr\/wp-json\/wp\/v2\/media\/620617"}],"wp:attachment":[{"href":"https:\/\/www.europesays.com\/fr\/wp-json\/wp\/v2\/media?parent=620616"}],"wp:term":[{"taxonomy":"category","embeddable":true,"href":"https:\/\/www.europesays.com\/fr\/wp-json\/wp\/v2\/categories?post=620616"},{"taxonomy":"post_tag","embeddable":true,"href":"https:\/\/www.europesays.com\/fr\/wp-json\/wp\/v2\/tags?post=620616"}],"curies":[{"name":"wp","href":"https:\/\/api.w.org\/{rel}","templated":true}]}}