{"id":620622,"date":"2025-12-24T22:48:21","date_gmt":"2025-12-24T22:48:21","guid":{"rendered":"https:\/\/www.europesays.com\/fr\/620622\/"},"modified":"2025-12-24T22:48:21","modified_gmt":"2025-12-24T22:48:21","slug":"balade-de-lhiver-2026-metropole-europeenne-de-lille","status":"publish","type":"post","link":"https:\/\/www.europesays.com\/fr\/620622\/","title":{"rendered":"Balade de l&rsquo;hiver 2026 | M\u00e9tropole europ\u00e9enne de Lille"},"content":{"rendered":"<p>La Ville de Lille renouvelle l\u2019op\u00e9ration Lille Neige dans le cadre de son programme \u00e9v\u00e9nementiel solidaire. En 2026, Lille Neige se d\u00e9roulera du 14 f\u00e9vrier au 1er mars.<br \/>Cette nouvelle \u00e9dition offrira un village de vacances d\u2019hiver compos\u00e9 de pistes de luge, d\u2019une tyrolienne, d\u2019un mur d\u2019escalade et de nombreuses autres activit\u00e9s. Ce village de vacances plongera les visiteurs dans l\u2019ambiance montagnarde.<br \/>Le dimanche 15 f\u00e9vrier 2026, la mairie de quartier vous propose une sortie en apr\u00e8s midi avec au programme : un loto pour les adultes et des activit\u00e9s ludiques pour les enfants, un go\u00fbter, un libre acc\u00e8s \u00e0 toutes les animations de Lille Neige et un spectacle surprise dans le cin\u00e9ma de la Gare Saint-Sauveur<\/p>\n<p>Programme de l&rsquo;apr\u00e8s-midi :<br \/>13h : rendez-vous devant la mairie de votre quartier.<br \/>13h15 : d\u00e9part en bus.<br \/>13h30 : arriv\u00e9e sur le site de Lille Neige et accueil dans le cin\u00e9ma de la Gare Saint-Sauveur.<br \/>14h : d\u00e9but du spectacle surprise dans le cin\u00e9ma de la Gare Saint-Sauveur.<br \/>15h30-16h30 : loto pour les adultes et activit\u00e9s ludiques encadr\u00e9es pour les enfants.<br \/>16h30-17h30 : gouter pour les familles dans le cin\u00e9ma de la Gare Saint-Sauveur.<br \/>17h30-18h : libre acc\u00e8s au site et aux activit\u00e9s.<br \/>18h : d\u00e9part en bus.<br \/>18h30 : retour devant la mairie de quartier.<\/p>\n<p>Inscription obligatoire (jusqu&rsquo;au 15 janvier 2026) en mairie de quartier de Vauban-Esquermes au 212a, rue Colbert.<br \/>Nombre de places limit\u00e9.<\/p>\n","protected":false},"excerpt":{"rendered":"La Ville de Lille renouvelle l\u2019op\u00e9ration Lille Neige dans le cadre de son programme \u00e9v\u00e9nementiel solidaire. En 2026,&hellip;\n","protected":false},"author":2,"featured_media":620623,"comment_status":"","ping_status":"","sticky":false,"template":"","format":"standard","meta":{"footnotes":""},"categories":[2815],"tags":[1111,11,1777,674,1011,27,811,1307,12,25],"class_list":{"0":"post-620622","1":"post","2":"type-post","3":"status-publish","4":"format-standard","5":"has-post-thumbnail","7":"category-lille","8":"tag-actu","9":"tag-actualites","10":"tag-eu","11":"tag-europe","12":"tag-fr","13":"tag-france","14":"tag-hauts-de-france","15":"tag-lille","16":"tag-news","17":"tag-republique-francaise"},"share_on_mastodon":{"url":"https:\/\/pubeurope.com\/@fr\/115776985821152345","error":""},"_links":{"self":[{"href":"https:\/\/www.europesays.com\/fr\/wp-json\/wp\/v2\/posts\/620622","targetHints":{"allow":["GET"]}}],"collection":[{"href":"https:\/\/www.europesays.com\/fr\/wp-json\/wp\/v2\/posts"}],"about":[{"href":"https:\/\/www.europesays.com\/fr\/wp-json\/wp\/v2\/types\/post"}],"author":[{"embeddable":true,"href":"https:\/\/www.europesays.com\/fr\/wp-json\/wp\/v2\/users\/2"}],"replies":[{"embeddable":true,"href":"https:\/\/www.europesays.com\/fr\/wp-json\/wp\/v2\/comments?post=620622"}],"version-history":[{"count":0,"href":"https:\/\/www.europesays.com\/fr\/wp-json\/wp\/v2\/posts\/620622\/revisions"}],"wp:featuredmedia":[{"embeddable":true,"href":"https:\/\/www.europesays.com\/fr\/wp-json\/wp\/v2\/media\/620623"}],"wp:attachment":[{"href":"https:\/\/www.europesays.com\/fr\/wp-json\/wp\/v2\/media?parent=620622"}],"wp:term":[{"taxonomy":"category","embeddable":true,"href":"https:\/\/www.europesays.com\/fr\/wp-json\/wp\/v2\/categories?post=620622"},{"taxonomy":"post_tag","embeddable":true,"href":"https:\/\/www.europesays.com\/fr\/wp-json\/wp\/v2\/tags?post=620622"}],"curies":[{"name":"wp","href":"https:\/\/api.w.org\/{rel}","templated":true}]}}