{"id":620630,"date":"2025-12-24T22:54:26","date_gmt":"2025-12-24T22:54:26","guid":{"rendered":"https:\/\/www.europesays.com\/fr\/620630\/"},"modified":"2025-12-24T22:54:26","modified_gmt":"2025-12-24T22:54:26","slug":"lyon-un-marche-de-noel-a-bellecour-place-carnot-lidee-divise","status":"publish","type":"post","link":"https:\/\/www.europesays.com\/fr\/620630\/","title":{"rendered":"Lyon. Un march\u00e9 de No\u00ebl \u00e0 Bellecour\u00a0? Place Carnot, l&rsquo;id\u00e9e divise"},"content":{"rendered":"<p>Il est presque 11 heures place Carnot \u00e0 Lyon.\u00a0La musique de No\u00ebl tourne en boucle, tandis qu\u2019une dizaine de personnes patientent derri\u00e8re les barri\u00e8res. Parmi elles, Odile, 66 ans, retrait\u00e9e venue de l\u2019Est lyonnais, regarde sa montre. Elle attend l\u2019ouverture, bien au chaud dans son manteau.<\/p>\n<p>Pour cette habitu\u00e9e, le march\u00e9 de No\u00ebl n\u2019est pas une tradition lyonnaise, mais alsacienne. Ce qui compte, \u00ab\u00a0c\u2019est de proposer des produits locaux pour garder le savoir-faire fran\u00e7ais \u00e0 Bellecour ou ailleurs\u00a0\u00bb, glisse-t-elle, en r\u00e9action au post Instagram de <a href=\"https:\/\/www.leprogres.fr\/p\/gregory-doucet\" target=\"_blank\" rel=\"noopener\">Gr\u00e9gory Doucet<\/a> la veille, qui annon\u00e7ait une \u00e9tude sur une relocalisation pour 2028.<\/p>\n<p><strong>&gt;&gt;\u00a0<a href=\"https:\/\/www.leprogres.fr\/politique\/2025\/12\/23\/marche-de-noel-place-bellecour-le-cadeau-au-pied-du-sapin-de-quelque-15-000-petitionnaires\" target=\"_blank\" rel=\"noopener\">March\u00e9 de No\u00ebl place Bellecour\u00a0: le cadeau au pied du sapin de quelque 15\u00a0000 p\u00e9titionnaires<\/a><\/strong><\/p>\n<p>La foule s\u2019installe, les&#8230;                        <\/p>\n","protected":false},"excerpt":{"rendered":"Il est presque 11 heures place Carnot \u00e0 Lyon.\u00a0La musique de No\u00ebl tourne en boucle, tandis qu\u2019une dizaine&hellip;\n","protected":false},"author":2,"featured_media":620631,"comment_status":"","ping_status":"","sticky":false,"template":"","format":"standard","meta":{"footnotes":""},"categories":[1889],"tags":[1111,11,1477,2430,33,2757,1777,674,107,1011,27,2428,12354,12353,12,25,2429,3151],"class_list":{"0":"post-620630","1":"post","2":"type-post","3":"status-publish","4":"format-standard","5":"has-post-thumbnail","7":"category-lyon","8":"tag-actu","9":"tag-actualites","10":"tag-artisanat","11":"tag-auvergne-rhone-alpes","12":"tag-economie","13":"tag-edition-lyon-villeurbanne","14":"tag-eu","15":"tag-europe","16":"tag-fil-info","17":"tag-fr","18":"tag-france","19":"tag-lyon","20":"tag-lyon-2e","21":"tag-lyon-2e-arrondissement","22":"tag-news","23":"tag-republique-francaise","24":"tag-rhone","25":"tag-selection-de-la-redaction-69"},"share_on_mastodon":{"url":"https:\/\/pubeurope.com\/@fr\/115777009268944508","error":""},"_links":{"self":[{"href":"https:\/\/www.europesays.com\/fr\/wp-json\/wp\/v2\/posts\/620630","targetHints":{"allow":["GET"]}}],"collection":[{"href":"https:\/\/www.europesays.com\/fr\/wp-json\/wp\/v2\/posts"}],"about":[{"href":"https:\/\/www.europesays.com\/fr\/wp-json\/wp\/v2\/types\/post"}],"author":[{"embeddable":true,"href":"https:\/\/www.europesays.com\/fr\/wp-json\/wp\/v2\/users\/2"}],"replies":[{"embeddable":true,"href":"https:\/\/www.europesays.com\/fr\/wp-json\/wp\/v2\/comments?post=620630"}],"version-history":[{"count":0,"href":"https:\/\/www.europesays.com\/fr\/wp-json\/wp\/v2\/posts\/620630\/revisions"}],"wp:featuredmedia":[{"embeddable":true,"href":"https:\/\/www.europesays.com\/fr\/wp-json\/wp\/v2\/media\/620631"}],"wp:attachment":[{"href":"https:\/\/www.europesays.com\/fr\/wp-json\/wp\/v2\/media?parent=620630"}],"wp:term":[{"taxonomy":"category","embeddable":true,"href":"https:\/\/www.europesays.com\/fr\/wp-json\/wp\/v2\/categories?post=620630"},{"taxonomy":"post_tag","embeddable":true,"href":"https:\/\/www.europesays.com\/fr\/wp-json\/wp\/v2\/tags?post=620630"}],"curies":[{"name":"wp","href":"https:\/\/api.w.org\/{rel}","templated":true}]}}