{"id":620636,"date":"2025-12-24T22:59:20","date_gmt":"2025-12-24T22:59:20","guid":{"rendered":"https:\/\/www.europesays.com\/fr\/620636\/"},"modified":"2025-12-24T22:59:20","modified_gmt":"2025-12-24T22:59:20","slug":"le-militant-antifasciste-gino-reclame-par-la-hongrie-et-lallemagne-remis-en-liberte-par-la-cour-dappel-de-paris","status":"publish","type":"post","link":"https:\/\/www.europesays.com\/fr\/620636\/","title":{"rendered":"Le militant antifasciste \u00abGino\u00bb, r\u00e9clam\u00e9 par la Hongrie et l&rsquo;Allemagne, remis en libert\u00e9 par la cour d\u2019appel de Paris"},"content":{"rendered":"<p>\n    \u00abGino\u00bb avait \u00e9t\u00e9 interpell\u00e9 mi-d\u00e9cembre en r\u00e9gion parisienne par la police antiterroriste, \u00e0 la demande de l\u2019Allemagne, en vertu d\u2019un mandat d\u2019arr\u00eat europ\u00e9en.<\/p>\n<p class=\"fig-paragraph\">Le militant\u00a0<a href=\"https:\/\/video.lefigaro.fr\/figaro\/lyon\/la-prefecture-et-la-mairie-de-lyon-interdisent-un-festival-antifasciste-et-une-conference-pro-palestinienne-20251211\" data-fig-type=\"Video\" data-gtm-custom-categorie=\"navigation\" data-gtm-custom-action=\"crossclick\" data-gtm-custom-label=\"Contextuel\" data-gtm-event=\"customEventSPE\" data-fig-domain=\"LEFIGARO\" target=\"_blank\" rel=\"noopener\">antifasciste\u00a0<\/a>albanais surnomm\u00e9 \u00abGino\u00bb, que la France avait refus\u00e9 de remettre \u00e0 la Hongrie en raison de craintes pour ses droits fondamentaux, et qui est d\u00e9sormais r\u00e9clam\u00e9 par l&rsquo;Allemagne, a obtenu mercredi sa remise en libert\u00e9 sous contr\u00f4le judiciaire.<\/p>\n<p class=\"fig-paragraph\">\u00abGino\u00bb avait \u00e9t\u00e9 interpell\u00e9 mi-d\u00e9cembre en r\u00e9gion parisienne par la police antiterroriste, \u00e0 la demande de l&rsquo;Allemagne, en vertu d&rsquo;un mandat d&rsquo;arr\u00eat europ\u00e9en. La cour d&rsquo;appel de Paris a d\u00e9cid\u00e9 mercredi de le remettre en libert\u00e9 dans l&rsquo;attente d&rsquo;une audience sur le fond du dossier, fix\u00e9e au 28 janvier.<\/p>\n<p>                                            <a class=\"fig-a11y-skip\" href=\"#fig-a11y-skip-main-inarticle\" data-module=\"a11y-skip\" data-context=\"was @visible\"><br \/>\n    Passer la publicit\u00e9<br \/>\n<\/a>            <\/p>\n<p class=\"fig-paragraph\">Militant pour le droit au logement, \u00abGino\u00bb, 33 ans, est accus\u00e9 par la Hongrie, comme une quinzaine d&rsquo;autres personnes, d&rsquo;avoir attaqu\u00e9 des\u00a0<a href=\"http:\/\/www.lefigaro.fr\/lyon\/mornant-c-est-encore-l-allemagne-trois-jeunes-arretes-pour-des-tags-neonazis-dans-la-campagne-lyonnaise-20251219\" data-fig-type=\"NewsFlash\" data-gtm-custom-categorie=\"navigation\" data-gtm-custom-action=\"crossclick\" data-gtm-custom-label=\"Contextuel\" data-gtm-event=\"customEventSPE\" data-fig-domain=\"LEFIGARO\" target=\"_blank\" rel=\"noopener\">n\u00e9onazis\u00a0<\/a>\u00e0 Budapest en f\u00e9vrier 2023, o\u00f9 avait lieu un rassemblement de cette mouvance.<\/p>\n<p>                                            D\u2019autres militants avaient \u00e9t\u00e9 arr\u00eat\u00e9s en f\u00e9vrier 2023<\/p>\n<p class=\"fig-paragraph\">La Hongrie avait \u00e9mis, en novembre 2023, un mandat d&rsquo;arr\u00eat europ\u00e9en \u00e0 l&rsquo;encontre de ce ressortissant albanais. Arr\u00eat\u00e9 \u00e0 Paris en novembre 2024, \u00abGino\u00bb avait \u00e9t\u00e9 incarc\u00e9r\u00e9 puis remis en libert\u00e9 sous contr\u00f4le judiciaire le 26 mars.<\/p>\n<p class=\"fig-paragraph\">Il avait finalement obtenu en avril la lev\u00e9e de tout contr\u00f4le judiciaire, la France refusant de le remettre \u00e0 Budapest en invoquant \u00abdes risques\u00bb d&rsquo;un \u00abtraitement inhumain\u00bb en prison et l&rsquo;incertitude de lui garantir un proc\u00e8s \u00e9quitable dans ce pays de l&rsquo;Union europ\u00e9enne. Le mandat d&rsquo;arr\u00eat allemand vise les m\u00eames faits commis \u00e0\u00a0<a href=\"http:\/\/www.lefigaro.fr\/international\/echec-du-sommet-trump-poutine-a-budapest-la-russie-rejette-la-faute-sur-l-union-europeenne-20251022\" data-fig-type=\"Article\" data-gtm-custom-categorie=\"navigation\" data-gtm-custom-action=\"crossclick\" data-gtm-custom-label=\"Contextuel\" data-gtm-event=\"customEventSPE\" data-fig-domain=\"LEFIGARO\" target=\"_blank\" rel=\"noopener\">Budapest<\/a>.<\/p>\n<p class=\"fig-paragraph\">D&rsquo;autres militants avaient \u00e9t\u00e9 arr\u00eat\u00e9s en f\u00e9vrier 2023. Contrairement \u00e0 l&rsquo;Italie, qui a refus\u00e9 de remettre l&rsquo;un de ses ressortissants \u00e0 la Hongrie, l&rsquo;Allemagne, elle, a remis l&rsquo;un des activistes, de nationalit\u00e9 allemande, \u00e0 Budapest \u00e0 l&rsquo;\u00e9t\u00e9 2024.<\/p>\n","protected":false},"excerpt":{"rendered":"\u00abGino\u00bb avait \u00e9t\u00e9 interpell\u00e9 mi-d\u00e9cembre en r\u00e9gion parisienne par la police antiterroriste, \u00e0 la demande de l\u2019Allemagne, en&hellip;\n","protected":false},"author":2,"featured_media":620637,"comment_status":"","ping_status":"","sticky":false,"template":"","format":"standard","meta":{"footnotes":""},"categories":[1888],"tags":[1111,1928,11,1927,1777,674,1011,27,14027,12,1926,626,1925,25],"class_list":{"0":"post-620636","1":"post","2":"type-post","3":"status-publish","4":"format-standard","5":"has-post-thumbnail","7":"category-paris","8":"tag-actu","9":"tag-actu-paris","10":"tag-actualites","11":"tag-actualites-paris","12":"tag-eu","13":"tag-europe","14":"tag-fr","15":"tag-france","16":"tag-militants","17":"tag-news","18":"tag-news-paris","19":"tag-paris","20":"tag-paris-news","21":"tag-republique-francaise"},"share_on_mastodon":{"url":"https:\/\/pubeurope.com\/@fr\/115777028921637933","error":""},"_links":{"self":[{"href":"https:\/\/www.europesays.com\/fr\/wp-json\/wp\/v2\/posts\/620636","targetHints":{"allow":["GET"]}}],"collection":[{"href":"https:\/\/www.europesays.com\/fr\/wp-json\/wp\/v2\/posts"}],"about":[{"href":"https:\/\/www.europesays.com\/fr\/wp-json\/wp\/v2\/types\/post"}],"author":[{"embeddable":true,"href":"https:\/\/www.europesays.com\/fr\/wp-json\/wp\/v2\/users\/2"}],"replies":[{"embeddable":true,"href":"https:\/\/www.europesays.com\/fr\/wp-json\/wp\/v2\/comments?post=620636"}],"version-history":[{"count":0,"href":"https:\/\/www.europesays.com\/fr\/wp-json\/wp\/v2\/posts\/620636\/revisions"}],"wp:featuredmedia":[{"embeddable":true,"href":"https:\/\/www.europesays.com\/fr\/wp-json\/wp\/v2\/media\/620637"}],"wp:attachment":[{"href":"https:\/\/www.europesays.com\/fr\/wp-json\/wp\/v2\/media?parent=620636"}],"wp:term":[{"taxonomy":"category","embeddable":true,"href":"https:\/\/www.europesays.com\/fr\/wp-json\/wp\/v2\/categories?post=620636"},{"taxonomy":"post_tag","embeddable":true,"href":"https:\/\/www.europesays.com\/fr\/wp-json\/wp\/v2\/tags?post=620636"}],"curies":[{"name":"wp","href":"https:\/\/api.w.org\/{rel}","templated":true}]}}