{"id":620660,"date":"2025-12-24T23:22:20","date_gmt":"2025-12-24T23:22:20","guid":{"rendered":"https:\/\/www.europesays.com\/fr\/620660\/"},"modified":"2025-12-24T23:22:20","modified_gmt":"2025-12-24T23:22:20","slug":"je-me-suis-mis-un-peu-de-pression-reconnait-un-jeune-talent-pour-sa-premiere","status":"publish","type":"post","link":"https:\/\/www.europesays.com\/fr\/620660\/","title":{"rendered":"\u00ab Je me suis mis un peu de pression \u00bb reconna\u00eet un jeune talent pour sa premi\u00e8re"},"content":{"rendered":"<p>Il a marqu\u00e9 des points. En l\u2019absence de Matthis Lebel, bless\u00e9 au poignet, ou d\u2019Ange Capuozzo, laiss\u00e9 au repos, C\u00e9lian Pouzelgues a pu disputer son premier match dans la peau d\u2019un titulaire cette saison, lors du d\u00e9placement sur la pelouse du LOU. L\u2019ailier s\u2019est <a href=\"https:\/\/www.quinzemondial.com\/top-14\/stade-toulousain-avant-les-doublons-un-jeune-joueur-a-gagne-des-points-face-au-lou-821389\" target=\"_blank\" rel=\"noopener\">montr\u00e9 particuli\u00e8rement incisif,<\/a> que ce soit en attaque comme en d\u00e9fense et a livr\u00e9 une prestation de haut-niveau.<\/p>\n<p>Alors <a href=\"https:\/\/www.quinzemondial.com\/top-14\/stade-toulousain-tres-en-forme-face-au-lou-un-jeune-talent-devrait-prolonger-821399\" target=\"_blank\" rel=\"noopener\">qu\u2019il devrait prolonger son contrat<\/a> et qu\u2019il s\u2019affirme comme une solution de choix pour les doublons \u00e0 venir, celui qui \u00e9volue aussi avec l\u2019\u00e9quipe de France \u00e0 7 a racont\u00e9 \u00e0 <a href=\"https:\/\/www.ladepeche.fr\/2025\/12\/23\/stade-toulousain-je-me-dis-cours-le-plus-vite-possible-celian-pouzelgues-raconte-sa-premiere-avec-toulouse-13124592.php\" target=\"_blank\" rel=\"noopener\">La D\u00e9p\u00eache<\/a> comment il s\u2019\u00e9tait pr\u00e9par\u00e9 pour ce choc. Entre pression et envie de bien faire face \u00e0 l\u2019un des joueurs les plus talentueux du Top 14, \u00e0 savoir Jiuta Wainiqolo, Pouzelgues s\u2019est confi\u00e9.<\/p>\n<blockquote>\n<p>\u00ab\u00a0Je me suis mis un peu de pression. Mais avec les mecs derri\u00e8res notamment, ils ont r\u00e9ussi \u00e0 me mettre en confiance et dans de bonnes conditions. Donc \u00e7a, c\u2019\u00e9tait cool. (\u2026) J\u2019ai essay\u00e9 de faire attention \u00e0 Wainiqolo, parce que je sais qu\u2019il va tr\u00e8s tr\u00e8s vite\u00a0\u00bb<\/p>\n<\/blockquote>\n<p>D\u00e9sormais, C\u00e9lian Pouzelgues tentera de s\u2019imposer comme une solution cr\u00e9dible derri\u00e8re. Avec les longues blessures de Mallia ou Lebel, il a sans aucun doute une carte \u00e0 jouer.<\/p>\n<p>Partagez cette info avec vos amis et vos proches en cliquant ici<br \/>Pour r\u00e9sumer<\/p>\n<p>Titularis\u00e9 pour la premi\u00e8re fois de la saison face au LOU, un jeune joueur a r\u00e9alis\u00e9 une prestation pleine. Il a racont\u00e9 \u00e0 La D\u00e9p\u00eache les coulisses de sa pr\u00e9paration et de son duel avec Jiuta Wainiqolo sur son aile.<\/p>\n<p> <img decoding=\"async\" width=\"76\" height=\"76\" loading=\"lazy\" src=\"https:\/\/www.europesays.com\/fr\/wp-content\/uploads\/2025\/04\/avatar-quinze.png\" alt=\"La r\u00e9daction\"\/><\/p>\n","protected":false},"excerpt":{"rendered":"Il a marqu\u00e9 des points. En l\u2019absence de Matthis Lebel, bless\u00e9 au poignet, ou d\u2019Ange Capuozzo, laiss\u00e9 au&hellip;\n","protected":false},"author":2,"featured_media":620661,"comment_status":"","ping_status":"","sticky":false,"template":"","format":"standard","meta":{"footnotes":""},"categories":[1416],"tags":[1011,27,479,1468,60,476,478],"class_list":{"0":"post-620660","1":"post","2":"type-post","3":"status-publish","4":"format-standard","5":"has-post-thumbnail","7":"category-rugby","8":"tag-fr","9":"tag-france","10":"tag-rugby","11":"tag-rugby-football","12":"tag-sports","13":"tag-stade-toulousain","14":"tag-top-14"},"share_on_mastodon":{"url":"https:\/\/pubeurope.com\/@fr\/115777120578819724","error":""},"_links":{"self":[{"href":"https:\/\/www.europesays.com\/fr\/wp-json\/wp\/v2\/posts\/620660","targetHints":{"allow":["GET"]}}],"collection":[{"href":"https:\/\/www.europesays.com\/fr\/wp-json\/wp\/v2\/posts"}],"about":[{"href":"https:\/\/www.europesays.com\/fr\/wp-json\/wp\/v2\/types\/post"}],"author":[{"embeddable":true,"href":"https:\/\/www.europesays.com\/fr\/wp-json\/wp\/v2\/users\/2"}],"replies":[{"embeddable":true,"href":"https:\/\/www.europesays.com\/fr\/wp-json\/wp\/v2\/comments?post=620660"}],"version-history":[{"count":0,"href":"https:\/\/www.europesays.com\/fr\/wp-json\/wp\/v2\/posts\/620660\/revisions"}],"wp:featuredmedia":[{"embeddable":true,"href":"https:\/\/www.europesays.com\/fr\/wp-json\/wp\/v2\/media\/620661"}],"wp:attachment":[{"href":"https:\/\/www.europesays.com\/fr\/wp-json\/wp\/v2\/media?parent=620660"}],"wp:term":[{"taxonomy":"category","embeddable":true,"href":"https:\/\/www.europesays.com\/fr\/wp-json\/wp\/v2\/categories?post=620660"},{"taxonomy":"post_tag","embeddable":true,"href":"https:\/\/www.europesays.com\/fr\/wp-json\/wp\/v2\/tags?post=620660"}],"curies":[{"name":"wp","href":"https:\/\/api.w.org\/{rel}","templated":true}]}}