{"id":620664,"date":"2025-12-24T23:27:19","date_gmt":"2025-12-24T23:27:19","guid":{"rendered":"https:\/\/www.europesays.com\/fr\/620664\/"},"modified":"2025-12-24T23:27:19","modified_gmt":"2025-12-24T23:27:19","slug":"challenge-dv-junior-le-bouquet-final-dargenteuil-val-de-seine-cyclisme-actualite","status":"publish","type":"post","link":"https:\/\/www.europesays.com\/fr\/620664\/","title":{"rendered":"Challenge DV Junior : Le bouquet final d&rsquo;Argenteuil Val de Seine Cyclisme &#8211; Actualit\u00e9"},"content":{"rendered":"<p style=\"text-align: justify;\">Pour sa derni\u00e8re ann\u00e9e, l&rsquo;\u00e9quipe Juniors d&rsquo;Argenteuil Val de Seine Cyclisme finit tout en haut de l&rsquo;affiche. Pour la deuxi\u00e8me saison de suite, le club du Val d&rsquo;Oise remporte le classement du Challenge DV Junior. En dix \u00e9ditions du Challenge, seule l&rsquo;AC Bisontine, du temps de Romain Gr\u00e9goire, avait r\u00e9ussi le doubl\u00e9.\u00a0<\/p>\n<p style=\"text-align: justify;\"><strong>TROIS COUREURS DANS LE TOP 10<\/strong><\/p>\n<p>Les maillots roses ont m\u00eame fait mieux qu&rsquo;en 2024, avec 2952 points cette fois-ci contre 2782 l&rsquo;an dernier. Ce total est le r\u00e9sultat d&rsquo;un beau tir group\u00e9 au classement individuel du Challenge DV. Trois coureurs dans les dix premiers :\u00a0<strong><a class=\"rider-link mention\" href=\"https:\/\/www.directvelo.com\/coureur\/57598\/yann-dubois\" rel=\"external noopener\" data-rider=\"57598\" target=\"_blank\">Yann Dubois<\/a><\/strong>\u00a04e,\u00a0<strong><a class=\"rider-link mention\" href=\"https:\/\/www.directvelo.com\/coureur\/59020\/arthur-alexandre\" rel=\"external noopener\" data-rider=\"59020\" target=\"_blank\">Arthur Alexandre<\/a><\/strong>\u00a05e et\u00a0<strong><a class=\"rider-link mention\" href=\"https:\/\/www.directvelo.com\/coureur\/57535\/alexandre-trouvain\" rel=\"external noopener\" data-rider=\"57535\" target=\"_blank\">Alexandre Trouvain<\/a><\/strong>\u00a06e. Chez les J1,\u00a0<strong><a class=\"rider-link mention\" href=\"https:\/\/www.directvelo.com\/coureur\/53244\/paul-hawrylak\" rel=\"external noopener\" data-rider=\"53244\" target=\"_blank\">Paul Hawrylak<\/a><\/strong>\u00a0termine 6e.\u00a0<\/p>\n<p>Les coureurs d&rsquo;Anthony Molle n&rsquo;ont pas \u00e9t\u00e9 que r\u00e9guliers, ils ont remport\u00e9 au niveau national ou international. Alexandre Trouvain a gagn\u00e9 la Classic R\u00e9gion Sud &#8211; Montagne de Lure et la 1\u00e8re \u00e9tape de la Ronde des Vall\u00e9es au niveau UCI. Arthur Alexandre s&rsquo;est offert le Tour de l&rsquo;Eure Juniors en F\u00e9d\u00e9rale. Yann Dubois s&rsquo;est impos\u00e9 dans une \u00e9tape du Tour du L\u00e9man, Jean Groussin est Champion d&rsquo;Ile-de-France et Paul Hawrylak a domin\u00e9 Arguenon-Vall\u00e9e Verte.<\/p>\n<p><strong>UN NOUVEAU VISAGE EN 2026<\/strong><\/p>\n<p>Au moment de baisser le rideau, Fr\u00e9d\u00e9ric Blanchon l&rsquo;entra\u00eeneur, dresse le bilan des 17 ans de cette \u00e9quipe Juniors : \u00ab\u00a07 Champions de France, 25 coureurs en \u00e9quipe de France et 8 coureurs pass\u00e9s professionnels\u00a0\u00bb. Parmi ces derniers, trois coureurs franchissent le pas cet hiver, avec Yann Dubois et Karl Sagnier chez Groupama-FDJ Continental et Alexandre Trouvain chez Development Team Picnic PostNL.<\/p>\n<p>Le visage du classement par \u00e9quipes du Challenge DV Junior prendra donc un autre visage l&rsquo;an prochain. Sans Argenteuil mais avec l&rsquo;arriv\u00e9e d&rsquo;anciennes N1 qui viennent sur les plates-bandes des clubs engag\u00e9s pour les Juniors depuis longtemps. Il y aura aussi les \u00e9quipes de d\u00e9veloppement UCI. 2026 marquera un tournant dans la cat\u00e9gorie.<\/p>\n<p><strong>Palmar\u00e8s<\/strong><br \/>2016 US M\u00e9tro Transports 1462 pts<br \/>2017 VC Rouen 76 1303 pts<br \/>2018 Team Vulco-VC Vaulx-en-Velin 1595 pts<br \/>2019 Chamb\u00e9ry Cyclisme Comp\u00e9tition 1355 pts<br \/>2020 AC Bisontine 505 pts (Covid)<br \/>2021 AC Bisontine 2114 pts\u00a0<br \/>2022 UC Nantes Atlantique 2876 pts<br \/>2023 VC La Pomme Marseille 3091 pts<br \/>2024 Argenteuil Val de Seine Cyclisme 2782 pts<br \/>2025 Argenteuil Val de Seine Cyclisme 2952 pts<\/p>\n<p><strong>Le classement par \u00e9quipes du Challenge DV Junior<\/strong><\/p>\n","protected":false},"excerpt":{"rendered":"Pour sa derni\u00e8re ann\u00e9e, l&rsquo;\u00e9quipe Juniors d&rsquo;Argenteuil Val de Seine Cyclisme finit tout en haut de l&rsquo;affiche. Pour&hellip;\n","protected":false},"author":2,"featured_media":620665,"comment_status":"","ping_status":"","sticky":false,"template":"","format":"standard","meta":{"footnotes":""},"categories":[1411],"tags":[834,828,836,829,837,827,83,826,824,823,1154,207,814,817,815,816,822,821,832,211,839,1011,27,820,818,819,835,831,830,833,838,60,212,208,825],"class_list":{"0":"post-620664","1":"post","2":"type-post","3":"status-publish","4":"format-standard","5":"has-post-thumbnail","7":"category-cyclisme","8":"tag-attaque","9":"tag-belgique","10":"tag-braquet","11":"tag-bretagne","12":"tag-chute","13":"tag-competition","14":"tag-coupe-de-france","15":"tag-coureur","16":"tag-course-cyclisme","17":"tag-course-cycliste","18":"tag-cycling","19":"tag-cyclisme","20":"tag-direct","21":"tag-direct-velo","22":"tag-directvelo","23":"tag-directvelo-com","24":"tag-epreuve","25":"tag-epreuve-cycliste","26":"tag-federation-francaise-de-cyclisme","27":"tag-ffc","28":"tag-flandres","29":"tag-fr","30":"tag-france","31":"tag-live","32":"tag-live-course","33":"tag-live-epreuve","34":"tag-peloton","35":"tag-radio-peloton","36":"tag-radio-tour","37":"tag-ravitaillement","38":"tag-relance","39":"tag-sports","40":"tag-uci","41":"tag-velo","42":"tag-velos"},"share_on_mastodon":{"url":"https:\/\/pubeurope.com\/@fr\/115777139074764632","error":""},"_links":{"self":[{"href":"https:\/\/www.europesays.com\/fr\/wp-json\/wp\/v2\/posts\/620664","targetHints":{"allow":["GET"]}}],"collection":[{"href":"https:\/\/www.europesays.com\/fr\/wp-json\/wp\/v2\/posts"}],"about":[{"href":"https:\/\/www.europesays.com\/fr\/wp-json\/wp\/v2\/types\/post"}],"author":[{"embeddable":true,"href":"https:\/\/www.europesays.com\/fr\/wp-json\/wp\/v2\/users\/2"}],"replies":[{"embeddable":true,"href":"https:\/\/www.europesays.com\/fr\/wp-json\/wp\/v2\/comments?post=620664"}],"version-history":[{"count":0,"href":"https:\/\/www.europesays.com\/fr\/wp-json\/wp\/v2\/posts\/620664\/revisions"}],"wp:featuredmedia":[{"embeddable":true,"href":"https:\/\/www.europesays.com\/fr\/wp-json\/wp\/v2\/media\/620665"}],"wp:attachment":[{"href":"https:\/\/www.europesays.com\/fr\/wp-json\/wp\/v2\/media?parent=620664"}],"wp:term":[{"taxonomy":"category","embeddable":true,"href":"https:\/\/www.europesays.com\/fr\/wp-json\/wp\/v2\/categories?post=620664"},{"taxonomy":"post_tag","embeddable":true,"href":"https:\/\/www.europesays.com\/fr\/wp-json\/wp\/v2\/tags?post=620664"}],"curies":[{"name":"wp","href":"https:\/\/api.w.org\/{rel}","templated":true}]}}