{"id":620680,"date":"2025-12-24T23:56:26","date_gmt":"2025-12-24T23:56:26","guid":{"rendered":"https:\/\/www.europesays.com\/fr\/620680\/"},"modified":"2025-12-24T23:56:26","modified_gmt":"2025-12-24T23:56:26","slug":"la-reine-de-noel-mariah-carey-detronee-de-sa-place-de-n1-sur-spotify","status":"publish","type":"post","link":"https:\/\/www.europesays.com\/fr\/620680\/","title":{"rendered":"la reine de No\u00ebl Mariah Carey d\u00e9tr\u00f4n\u00e9e de sa place de n\u00b01 sur Spotify"},"content":{"rendered":"<p>\n    Apr\u00e8s trois d\u00e9cennies en t\u00eate des chansons de No\u00ebl les plus \u00e9cout\u00e9es dans le monde, la superstar am\u00e9ricaine a c\u00e9d\u00e9 sa couronne \u00e0 la chanteuse australienne Sia.<\/p>\n<p class=\"fig-paragraph\">La fin d\u2019une \u00e8re. Apr\u00e8s 31 ans \u00e0 dominer les charts pendant la p\u00e9riode de No\u00ebl avec son tube\u00a0<a href=\"http:\/\/www.lefigaro.fr\/musique\/mariah-carey-accusee-de-plagiat-pour-son-tube-all-i-want-for-christmas-is-you-remporte-le-proces-20250321\" data-fig-type=\"NewsFlash\" data-gtm-custom-categorie=\"navigation\" data-gtm-custom-action=\"crossclick\" data-gtm-custom-label=\"Contextuel\" data-gtm-event=\"customEventSPE\" data-fig-domain=\"LEFIGARO\" target=\"_blank\" rel=\"noopener\">All I Want For Christmas Is You<\/a> \u00a0sortie le 1er novembre 1994,\u00a0<a href=\"http:\/\/www.lefigaro.fr\/sports\/jeux-olympiques\/jo-d-hiver-2026-mariah-carey-assurera-le-show-pour-la-ceremonie-d-ouverture-20251215\" data-fig-type=\"NewsFlash\" data-gtm-custom-categorie=\"navigation\" data-gtm-custom-action=\"crossclick\" data-gtm-custom-label=\"Contextuel\" data-gtm-event=\"customEventSPE\" data-fig-domain=\"LEFIGARO\" target=\"_blank\" rel=\"noopener\">Mariah Carey<\/a>\u00a0a \u00e9t\u00e9 d\u00e9tr\u00f4n\u00e9e en cette ann\u00e9e 2025 par la chanteuse australienne Sia et son titre Snowman sur Spotify.<\/p>\n<p class=\"fig-paragraph\">La plate-forme de streaming am\u00e9ricaine a partag\u00e9 un communiqu\u00e9 \u00e0 RTL ce mercredi dans lequel il est pr\u00e9cis\u00e9 que la superstar de 56 ans reste deuxi\u00e8me de ce classement des \u00e9coutes sur le mois de d\u00e9cembre tandis que la troisi\u00e8me marche du podium est occup\u00e9e par Last Christmas du groupe Wham!. Let It Snow\u00a0! Let It Snow\u00a0! de Dean Martin et It\u2019s the Most Wonderful Time of the Year\u00a0d\u2019Andy Williams compl\u00e8tent le top 5.<\/p>\n<p>                                            <a class=\"fig-a11y-skip\" href=\"#fig-a11y-skip-main-inarticle\" data-module=\"a11y-skip\" data-context=\"was @visible\"><br \/>\n    Passer la publicit\u00e9<br \/>\n<\/a>            <\/p>\n<p class=\"fig-paragraph\">\u00c0 noter que l\u2019int\u00e9gralit\u00e9 des cinq titres a d\u00e9pass\u00e9 le milliard d\u2019\u00e9coutes sur Spotify hormis Let It Snow\u00a0! Let It Snow\u00a0!. Le cabinet Manatt, Phelps &amp; Phillips a par ailleurs calcul\u00e9 que Mariah Carey toucherait en moyenne environ 8 000 euros par jour depuis la sortie d\u2019All I Want For Christmas Is You, sans compter les campagnes publicitaires. Le hit a \u00e9galement battu la semaine derni\u00e8re un nouveau record de long\u00e9vit\u00e9\u00a0: 77 semaines de pr\u00e9sence dans le c\u00e9l\u00e8bre classement Billboard Hot-100.<\/p>\n","protected":false},"excerpt":{"rendered":"Apr\u00e8s trois d\u00e9cennies en t\u00eate des chansons de No\u00ebl les plus \u00e9cout\u00e9es dans le monde, la superstar am\u00e9ricaine&hellip;\n","protected":false},"author":2,"featured_media":620681,"comment_status":"","ping_status":"","sticky":false,"template":"","format":"standard","meta":{"footnotes":""},"categories":[8],"tags":[58,59,1011,27,34115,15830,6852,73053],"class_list":{"0":"post-620680","1":"post","2":"type-post","3":"status-publish","4":"format-standard","5":"has-post-thumbnail","7":"category-divertissement","8":"tag-divertissement","9":"tag-entertainment","10":"tag-fr","11":"tag-france","12":"tag-mariah-carey","13":"tag-noel","14":"tag-spotify","15":"tag-streaming-audio"},"share_on_mastodon":{"url":"https:\/\/pubeurope.com\/@fr\/115777253121594386","error":""},"_links":{"self":[{"href":"https:\/\/www.europesays.com\/fr\/wp-json\/wp\/v2\/posts\/620680","targetHints":{"allow":["GET"]}}],"collection":[{"href":"https:\/\/www.europesays.com\/fr\/wp-json\/wp\/v2\/posts"}],"about":[{"href":"https:\/\/www.europesays.com\/fr\/wp-json\/wp\/v2\/types\/post"}],"author":[{"embeddable":true,"href":"https:\/\/www.europesays.com\/fr\/wp-json\/wp\/v2\/users\/2"}],"replies":[{"embeddable":true,"href":"https:\/\/www.europesays.com\/fr\/wp-json\/wp\/v2\/comments?post=620680"}],"version-history":[{"count":0,"href":"https:\/\/www.europesays.com\/fr\/wp-json\/wp\/v2\/posts\/620680\/revisions"}],"wp:featuredmedia":[{"embeddable":true,"href":"https:\/\/www.europesays.com\/fr\/wp-json\/wp\/v2\/media\/620681"}],"wp:attachment":[{"href":"https:\/\/www.europesays.com\/fr\/wp-json\/wp\/v2\/media?parent=620680"}],"wp:term":[{"taxonomy":"category","embeddable":true,"href":"https:\/\/www.europesays.com\/fr\/wp-json\/wp\/v2\/categories?post=620680"},{"taxonomy":"post_tag","embeddable":true,"href":"https:\/\/www.europesays.com\/fr\/wp-json\/wp\/v2\/tags?post=620680"}],"curies":[{"name":"wp","href":"https:\/\/api.w.org\/{rel}","templated":true}]}}