{"id":620701,"date":"2025-12-25T00:15:16","date_gmt":"2025-12-25T00:15:16","guid":{"rendered":"https:\/\/www.europesays.com\/fr\/620701\/"},"modified":"2025-12-25T00:15:16","modified_gmt":"2025-12-25T00:15:16","slug":"lassociation-muscu-detente-soutient-lafm-telethon","status":"publish","type":"post","link":"https:\/\/www.europesays.com\/fr\/620701\/","title":{"rendered":"L\u2019association Muscu d\u00e9tente soutient l\u2019AFM-T\u00e9l\u00e9thon"},"content":{"rendered":"<p>D\u00e9but d\u00e9cembre, \u00e0 l\u2019occasion du T\u00e9l\u00e9thon, l\u2019association Muscu d\u00e9tente a organis\u00e9, dans sa salle de musculation situ\u00e9e rue de la Cartairade \u00e0 Jacou, un challenge pendant 24 h. En plus de l\u2019acc\u00e8s aux appareils de cardio de la salle de sport, un circuit de marche d\u2019une distance de trois kilom\u00e8tres au d\u00e9part de la salle, fl\u00e9ch\u00e9 et encadr\u00e9 par des b\u00e9n\u00e9voles, \u00e9tait propos\u00e9. Chaque activit\u00e9 des 97 personnes participantes a \u00e9t\u00e9 comptabilis\u00e9e et chaque minute transform\u00e9e par l\u2019association en un don de quinze centimes. Avec un total de presque 243 heures dont, 98 h 24 par les femmes et 144 h 23 par les hommes, c\u2019est un don de 2200 euros qui a \u00e9t\u00e9 revers\u00e9 \u00e0 l\u2019AFM-T\u00e9l\u00e9thon, vendredi 19 d\u00e9cembre lors du repas de No\u00ebl de Muscu d\u00e9tente qui a eu lieu \u00e0 la salle Pr\u00e9vert, en pr\u00e9sence d\u2019\u00c9tienne Dubron, responsable de l\u2019AFM-T\u00e9l\u00e9thon H\u00e9rault Est, de Michel Combettes, adjoint au maire et d\u00e9l\u00e9gu\u00e9 au sport, d\u2019\u00c9ric Monin, conseiller municipal d\u00e9l\u00e9gu\u00e9 au protocole et de G\u00e9rard P\u00e9ril, pr\u00e9sident de l\u2019office municipal des sports de la ville de Jacou. Quatorze adh\u00e9rents ont d\u00e9pass\u00e9 les trois heures de pratique.<\/p>\n<p>Correspondant Midi Libre : 06 15 76 65 10<\/p>\n","protected":false},"excerpt":{"rendered":"D\u00e9but d\u00e9cembre, \u00e0 l\u2019occasion du T\u00e9l\u00e9thon, l\u2019association Muscu d\u00e9tente a organis\u00e9, dans sa salle de musculation situ\u00e9e rue&hellip;\n","protected":false},"author":2,"featured_media":620702,"comment_status":"","ping_status":"","sticky":false,"template":"","format":"standard","meta":{"footnotes":""},"categories":[9599],"tags":[1111,11,1777,674,1011,27,7089,71480,2208,12,2680,25,801,1857],"class_list":{"0":"post-620701","1":"post","2":"type-post","3":"status-publish","4":"format-standard","5":"has-post-thumbnail","7":"category-montpellier","8":"tag-actu","9":"tag-actualites","10":"tag-eu","11":"tag-europe","12":"tag-fr","13":"tag-france","14":"tag-herault","15":"tag-jacou","16":"tag-montpellier","17":"tag-news","18":"tag-occitanie","19":"tag-republique-francaise","20":"tag-social","21":"tag-sociu00e9tu00e9"},"share_on_mastodon":{"url":"https:\/\/pubeurope.com\/@fr\/115777327810421978","error":""},"_links":{"self":[{"href":"https:\/\/www.europesays.com\/fr\/wp-json\/wp\/v2\/posts\/620701","targetHints":{"allow":["GET"]}}],"collection":[{"href":"https:\/\/www.europesays.com\/fr\/wp-json\/wp\/v2\/posts"}],"about":[{"href":"https:\/\/www.europesays.com\/fr\/wp-json\/wp\/v2\/types\/post"}],"author":[{"embeddable":true,"href":"https:\/\/www.europesays.com\/fr\/wp-json\/wp\/v2\/users\/2"}],"replies":[{"embeddable":true,"href":"https:\/\/www.europesays.com\/fr\/wp-json\/wp\/v2\/comments?post=620701"}],"version-history":[{"count":0,"href":"https:\/\/www.europesays.com\/fr\/wp-json\/wp\/v2\/posts\/620701\/revisions"}],"wp:featuredmedia":[{"embeddable":true,"href":"https:\/\/www.europesays.com\/fr\/wp-json\/wp\/v2\/media\/620702"}],"wp:attachment":[{"href":"https:\/\/www.europesays.com\/fr\/wp-json\/wp\/v2\/media?parent=620701"}],"wp:term":[{"taxonomy":"category","embeddable":true,"href":"https:\/\/www.europesays.com\/fr\/wp-json\/wp\/v2\/categories?post=620701"},{"taxonomy":"post_tag","embeddable":true,"href":"https:\/\/www.europesays.com\/fr\/wp-json\/wp\/v2\/tags?post=620701"}],"curies":[{"name":"wp","href":"https:\/\/api.w.org\/{rel}","templated":true}]}}