{"id":620718,"date":"2025-12-25T00:44:11","date_gmt":"2025-12-25T00:44:11","guid":{"rendered":"https:\/\/www.europesays.com\/fr\/620718\/"},"modified":"2025-12-25T00:44:11","modified_gmt":"2025-12-25T00:44:11","slug":"fin-du-casse-tete-du-double-sens-interdit-porte-cailhau","status":"publish","type":"post","link":"https:\/\/www.europesays.com\/fr\/620718\/","title":{"rendered":"fin du casse-t\u00eate du \u00ab\u00a0double sens interdit\u00a0\u00bb porte Cailhau"},"content":{"rendered":"<p>Ce mercredi 24\u00a0d\u00e9cembre au matin, l\u2019absurdit\u00e9 a pris fin. La mairie de Bordeaux a proc\u00e9d\u00e9 au retrait du panneau de sens interdit qui, bien que cela puisse para\u00eetre anecdotique, empoisonnait la vie des riverains, livreurs et ouvriers depuis juillet dernier. On ne pouvait plus l\u00e9galement acc\u00e9der en voiture ou moto ni \u00e0 la rue du Quai-Bourgeois, ni \u00e0 celle de la Porte-de-Cailhau\u00a0: l\u2019acc\u00e8s \u00e9tait verrouill\u00e9 aux deux extr\u00e9mit\u00e9s par des sens interdits.<\/p>\n","protected":false},"excerpt":{"rendered":"Ce mercredi 24\u00a0d\u00e9cembre au matin, l\u2019absurdit\u00e9 a pris fin. La mairie de Bordeaux a proc\u00e9d\u00e9 au retrait du&hellip;\n","protected":false},"author":2,"featured_media":620719,"comment_status":"","ping_status":"","sticky":false,"template":"","format":"standard","meta":{"footnotes":""},"categories":[2817],"tags":[1111,11,1997,1777,674,1011,27,12,2219,25],"class_list":{"0":"post-620718","1":"post","2":"type-post","3":"status-publish","4":"format-standard","5":"has-post-thumbnail","7":"category-bordeaux","8":"tag-actu","9":"tag-actualites","10":"tag-bordeaux","11":"tag-eu","12":"tag-europe","13":"tag-fr","14":"tag-france","15":"tag-news","16":"tag-nouvelle-aquitaine","17":"tag-republique-francaise"},"share_on_mastodon":{"url":"https:\/\/pubeurope.com\/@fr\/115777441874078615","error":""},"_links":{"self":[{"href":"https:\/\/www.europesays.com\/fr\/wp-json\/wp\/v2\/posts\/620718","targetHints":{"allow":["GET"]}}],"collection":[{"href":"https:\/\/www.europesays.com\/fr\/wp-json\/wp\/v2\/posts"}],"about":[{"href":"https:\/\/www.europesays.com\/fr\/wp-json\/wp\/v2\/types\/post"}],"author":[{"embeddable":true,"href":"https:\/\/www.europesays.com\/fr\/wp-json\/wp\/v2\/users\/2"}],"replies":[{"embeddable":true,"href":"https:\/\/www.europesays.com\/fr\/wp-json\/wp\/v2\/comments?post=620718"}],"version-history":[{"count":0,"href":"https:\/\/www.europesays.com\/fr\/wp-json\/wp\/v2\/posts\/620718\/revisions"}],"wp:featuredmedia":[{"embeddable":true,"href":"https:\/\/www.europesays.com\/fr\/wp-json\/wp\/v2\/media\/620719"}],"wp:attachment":[{"href":"https:\/\/www.europesays.com\/fr\/wp-json\/wp\/v2\/media?parent=620718"}],"wp:term":[{"taxonomy":"category","embeddable":true,"href":"https:\/\/www.europesays.com\/fr\/wp-json\/wp\/v2\/categories?post=620718"},{"taxonomy":"post_tag","embeddable":true,"href":"https:\/\/www.europesays.com\/fr\/wp-json\/wp\/v2\/tags?post=620718"}],"curies":[{"name":"wp","href":"https:\/\/api.w.org\/{rel}","templated":true}]}}