{"id":620720,"date":"2025-12-25T00:45:14","date_gmt":"2025-12-25T00:45:14","guid":{"rendered":"https:\/\/www.europesays.com\/fr\/620720\/"},"modified":"2025-12-25T00:45:14","modified_gmt":"2025-12-25T00:45:14","slug":"previsions-du-jeudi-25-decembre-2025-3","status":"publish","type":"post","link":"https:\/\/www.europesays.com\/fr\/620720\/","title":{"rendered":"pr\u00e9visions du jeudi 25 d\u00e9cembre 2025"},"content":{"rendered":"<p>Aujourd&rsquo;hui, le beau temps va peu \u00e0 peu se substituer aux nuages \u00e0 Bordeaux. Les temp\u00e9ratures seront de 1\u00b0C. Cette matin\u00e9e rimera avec beau soleil. L&rsquo;hiver se fait sentir : les valeurs s&rsquo;\u00e9chelonneront entre -2 et 2\u00b0C. Une l\u00e9g\u00e8re brise de nord-est soufflera. Le soleil sera au rendez-vous : un magnifique apr\u00e8s-midi se profile ! L&rsquo;air ambiant va se r\u00e9chauffer avec une augmentation de quelques degr\u00e9s. Les temp\u00e9ratures seront comprises entre 1 et 4\u00b0C, un temps bel et bien de saison. Le ciel va quelque peu se d\u00e9gager dans la soir\u00e9e avec des \u00e9claircies. Les valeurs seront de 1\u00b0C. Un ciel limpide est \u00e0 pr\u00e9voir dans la nuit entre jeudi et vendredi.<\/p>\n<p>Demain, c&rsquo;est une hausse de plusieurs degr\u00e9s que vont conna\u00eetre les temp\u00e9ratures dans la ville de Bordeaux. Le mercure affichera 7\u00b0C en moyenne. Un petit vent de nord-est sera ressenti par les habitants. Des \u00e9claircies sont pr\u00e9vues : on passera une matin\u00e9e cl\u00e9mente. L&rsquo;hiver sera bien au rendez-vous puisque les temp\u00e9ratures seront quand m\u00eame de 2\u00b0C au plus bas et de 8\u00b0C au maximum. Demain apr\u00e8s-midi, les perturbations seront toujours pr\u00e9sentes avec de l\u00e9gers nuages. D&rsquo;un autre c\u00f4t\u00e9, les temp\u00e9ratures vont enregistrer une augmentation de plusieurs degr\u00e9s. Les valeurs afficheront entre 8\u00b0C et 11\u00b0C, rappelant l&rsquo;hiver au bon souvenir des habitants. Le ciel sera assez lumineux, avec quelques \u00e9claircies demain soir. Il fera 7\u00b0C en moyenne.<\/p>\n<p>Le temps restera stable les jours \u00e0 venir. Il va faire un temps plut\u00f4t ensoleill\u00e9 avec des temp\u00e9ratures avoisinant 4\u00b0C.<\/p>\n<p><\/p>\n","protected":false},"excerpt":{"rendered":"Aujourd&rsquo;hui, le beau temps va peu \u00e0 peu se substituer aux nuages \u00e0 Bordeaux. Les temp\u00e9ratures seront de&hellip;\n","protected":false},"author":2,"featured_media":620721,"comment_status":"","ping_status":"","sticky":false,"template":"","format":"standard","meta":{"footnotes":""},"categories":[2817],"tags":[1111,11,1997,1777,674,1011,27,12,2219,2119,25],"class_list":{"0":"post-620720","1":"post","2":"type-post","3":"status-publish","4":"format-standard","5":"has-post-thumbnail","7":"category-bordeaux","8":"tag-actu","9":"tag-actualites","10":"tag-bordeaux","11":"tag-eu","12":"tag-europe","13":"tag-fr","14":"tag-france","15":"tag-news","16":"tag-nouvelle-aquitaine","17":"tag-previsions-meteo","18":"tag-republique-francaise"},"share_on_mastodon":{"url":"https:\/\/pubeurope.com\/@fr\/115777445690633512","error":""},"_links":{"self":[{"href":"https:\/\/www.europesays.com\/fr\/wp-json\/wp\/v2\/posts\/620720","targetHints":{"allow":["GET"]}}],"collection":[{"href":"https:\/\/www.europesays.com\/fr\/wp-json\/wp\/v2\/posts"}],"about":[{"href":"https:\/\/www.europesays.com\/fr\/wp-json\/wp\/v2\/types\/post"}],"author":[{"embeddable":true,"href":"https:\/\/www.europesays.com\/fr\/wp-json\/wp\/v2\/users\/2"}],"replies":[{"embeddable":true,"href":"https:\/\/www.europesays.com\/fr\/wp-json\/wp\/v2\/comments?post=620720"}],"version-history":[{"count":0,"href":"https:\/\/www.europesays.com\/fr\/wp-json\/wp\/v2\/posts\/620720\/revisions"}],"wp:featuredmedia":[{"embeddable":true,"href":"https:\/\/www.europesays.com\/fr\/wp-json\/wp\/v2\/media\/620721"}],"wp:attachment":[{"href":"https:\/\/www.europesays.com\/fr\/wp-json\/wp\/v2\/media?parent=620720"}],"wp:term":[{"taxonomy":"category","embeddable":true,"href":"https:\/\/www.europesays.com\/fr\/wp-json\/wp\/v2\/categories?post=620720"},{"taxonomy":"post_tag","embeddable":true,"href":"https:\/\/www.europesays.com\/fr\/wp-json\/wp\/v2\/tags?post=620720"}],"curies":[{"name":"wp","href":"https:\/\/api.w.org\/{rel}","templated":true}]}}