{"id":620722,"date":"2025-12-25T00:47:32","date_gmt":"2025-12-25T00:47:32","guid":{"rendered":"https:\/\/www.europesays.com\/fr\/620722\/"},"modified":"2025-12-25T00:47:32","modified_gmt":"2025-12-25T00:47:32","slug":"au-musee-des-augustins-un-mur-blanc-anti-tags","status":"publish","type":"post","link":"https:\/\/www.europesays.com\/fr\/620722\/","title":{"rendered":"Au mus\u00e9e des Augustins, un mur blanc anti-tags"},"content":{"rendered":"<p>\n                                                                    l&rsquo;essentiel<br \/>\n                                                                Le grand mur blanc du mus\u00e9e des Augustins, qui suscite toujours la controverse, est par ailleurs enduit d\u2019un rev\u00eatement anti-tags pour le prot\u00e9ger autant que possible.\n                            <\/p>\n<p>Il a beaucoup fait parler de lui et continue \u00e0 alimenter les conversations des pour et des contre, comme on l\u2019a vu le jour de l\u2019inauguration, mercredi dernier. Le grand mur blanc du mus\u00e9e des Augustins, \u00e0 Toulouse, qui d\u00e9sormais fait office de hall d\u2019accueil, pr\u00e9sente une autre particularit\u00e9\u00a0: immacul\u00e9 comme une page d\u2019\u00e9criture, il risque fort d\u2019attirer les tagueurs. Dans la Ville rose, la pratique est tr\u00e8s r\u00e9pandue. Et, apr\u00e8s certaines manifestations, les murs se recouvrent d\u2019inscriptions, au grand dam des commer\u00e7ants, de la mairie ou encore du concessionnaire des abribus, JCDecaux.<\/p>\n<p>Le mur des Augustins, con\u00e7u par l\u2019agence portugaise Aeres Mateus et fabriqu\u00e9 en pierres blanches de Dordogne, n\u2019est d\u2019ailleurs plus vierge. En juillet, alors que les travaux \u00e9taient \u00e0 peine termin\u00e9s, un tag \u00ab\u00a0Gaza libre\u00a0\u00bb a \u00e9t\u00e9 trac\u00e9 \u00e0 l\u2019encre rouge. Un tag rapidement effac\u00e9 mais le nettoyage n\u2019a pas d\u00fb \u00eatre simple.<\/p>\n<p>Un mus\u00e9e m\u00e9tamorphos\u00e9<\/p>\n<p>Cons\u00e9quence\u00a0: la mairie a d\u00e9cid\u00e9 d\u2019enduire le mur d\u2019un rev\u00eatement anti-tags. S\u2019il ne dissuadera pas \u00e0 lui seul les tagueurs, ce dispositif devrait permettre d\u2019enlever plus facilement les marques de peinture. Rappelons que la rue de Metz est par ailleurs \u00e9quip\u00e9e de cam\u00e9ras.<\/p>\n<p>Ferm\u00e9 depuis 2019, le mus\u00e9e vient tout juste de rouvrir apr\u00e8s une r\u00e9novation importante. Les verri\u00e8res restaur\u00e9es, la sc\u00e9nographie refaite, l\u2019accessibilit\u00e9 pour les personnes handicap\u00e9es prise en compte, le pavillon d\u2019accueil et une boutique construits\u2026 Le mus\u00e9e, n\u00e9 \u00e0 la R\u00e9volution fran\u00e7aise, deuxi\u00e8me mus\u00e9e fran\u00e7ais cr\u00e9\u00e9 apr\u00e8s le Louvre, s\u2019est m\u00e9tamorphos\u00e9 et d\u00e9bute une nouvelle vie.<\/p>\n","protected":false},"excerpt":{"rendered":"l&rsquo;essentiel Le grand mur blanc du mus\u00e9e des Augustins, qui suscite toujours la controverse, est par ailleurs enduit&hellip;\n","protected":false},"author":2,"featured_media":620723,"comment_status":"","ping_status":"","sticky":false,"template":"","format":"standard","meta":{"footnotes":""},"categories":[2816],"tags":[1111,11,872,1777,674,1011,27,2722,71906,11625,12,2680,2551,25,2312],"class_list":{"0":"post-620722","1":"post","2":"type-post","3":"status-publish","4":"format-standard","5":"has-post-thumbnail","7":"category-toulouse","8":"tag-actu","9":"tag-actualites","10":"tag-culture-et-loisirs","11":"tag-eu","12":"tag-europe","13":"tag-fr","14":"tag-france","15":"tag-haute-garonne","16":"tag-musu00e9e-des-augustins","17":"tag-musu00e9es","18":"tag-news","19":"tag-occitanie","20":"tag-patrimoine","21":"tag-republique-francaise","22":"tag-toulouse"},"share_on_mastodon":{"url":"https:\/\/pubeurope.com\/@fr\/115777453836407027","error":""},"_links":{"self":[{"href":"https:\/\/www.europesays.com\/fr\/wp-json\/wp\/v2\/posts\/620722","targetHints":{"allow":["GET"]}}],"collection":[{"href":"https:\/\/www.europesays.com\/fr\/wp-json\/wp\/v2\/posts"}],"about":[{"href":"https:\/\/www.europesays.com\/fr\/wp-json\/wp\/v2\/types\/post"}],"author":[{"embeddable":true,"href":"https:\/\/www.europesays.com\/fr\/wp-json\/wp\/v2\/users\/2"}],"replies":[{"embeddable":true,"href":"https:\/\/www.europesays.com\/fr\/wp-json\/wp\/v2\/comments?post=620722"}],"version-history":[{"count":0,"href":"https:\/\/www.europesays.com\/fr\/wp-json\/wp\/v2\/posts\/620722\/revisions"}],"wp:featuredmedia":[{"embeddable":true,"href":"https:\/\/www.europesays.com\/fr\/wp-json\/wp\/v2\/media\/620723"}],"wp:attachment":[{"href":"https:\/\/www.europesays.com\/fr\/wp-json\/wp\/v2\/media?parent=620722"}],"wp:term":[{"taxonomy":"category","embeddable":true,"href":"https:\/\/www.europesays.com\/fr\/wp-json\/wp\/v2\/categories?post=620722"},{"taxonomy":"post_tag","embeddable":true,"href":"https:\/\/www.europesays.com\/fr\/wp-json\/wp\/v2\/tags?post=620722"}],"curies":[{"name":"wp","href":"https:\/\/api.w.org\/{rel}","templated":true}]}}