{"id":620728,"date":"2025-12-25T00:50:14","date_gmt":"2025-12-25T00:50:14","guid":{"rendered":"https:\/\/www.europesays.com\/fr\/620728\/"},"modified":"2025-12-25T00:50:14","modified_gmt":"2025-12-25T00:50:14","slug":"previsions-du-jeudi-25-decembre-2025-4","status":"publish","type":"post","link":"https:\/\/www.europesays.com\/fr\/620728\/","title":{"rendered":"pr\u00e9visions du jeudi 25 d\u00e9cembre 2025"},"content":{"rendered":"<p>Le soleil sera au rendez-vous \u00e0 Lille : une belle journ\u00e9e se profile ! Les temp\u00e9ratures s&rsquo;\u00e9chelonneront entre -2 et 1\u00b0C, un temps vraiment de saison. Un vent de nord-est est attendu : il soufflera \u00e0 24 km\/h. Les Lillois vont avoir froid le matin : les temp\u00e9ratures ne vont pas d\u00e9passer 0\u00b0C. Les valeurs tourneront autour de les -1\u00b0C. Les Lillois vont avoir froid l&rsquo;apr\u00e8s-midi : les temp\u00e9ratures ne vont pas d\u00e9passer 1\u00b0C. Les maximales atteindront les 1\u00b0C et les minimales seront de -1\u00b0C : un temps de saison. La m\u00e9t\u00e9o devrait s&rsquo;am\u00e9liorer pendant la soir\u00e9e. Les temp\u00e9ratures tourneront autour de les -1\u00b0C. Un ciel limpide est \u00e0 pr\u00e9voir dans la nuit reliant jeudi et vendredi.<\/p>\n<p>Un bel ensoleillement est pr\u00e9vu demain \u00e0 Lille. L&rsquo;air ambiant va se r\u00e9chauffer avec une hausse de quelques degr\u00e9s. Le mercure affichera 1\u00b0C en moyenne. Un l\u00e9ger vent de nord-est sera ressenti par les habitants. Les Lillois vont avoir froid le matin : les temp\u00e9ratures ne vont pas d\u00e9passer 1\u00b0C. Il fera environ -1\u00b0C. Les Lillois vont avoir froid demain apr\u00e8s-midi : les temp\u00e9ratures ne vont pas d\u00e9passer 3\u00b0C. Il va faire froid avec des temp\u00e9ratures qui seront comprises entre 0 et 3\u00b0C. Le ciel va s&rsquo;\u00e9claircir au cours de la soir\u00e9e. Les valeurs afficheront entre -1\u00b0C et 0\u00b0C, rappelant l&rsquo;hiver au bon souvenir des habitants.<\/p>\n<p>Pour les jours suivants, le temps ne changera pas. On pr\u00e9voit des journ\u00e9es ensoleill\u00e9es, accompagn\u00e9es par des temp\u00e9ratures dans les -1\u00b0C en moyenne.<\/p>\n<p><\/p>\n","protected":false},"excerpt":{"rendered":"Le soleil sera au rendez-vous \u00e0 Lille : une belle journ\u00e9e se profile ! Les temp\u00e9ratures s&rsquo;\u00e9chelonneront entre&hellip;\n","protected":false},"author":2,"featured_media":620729,"comment_status":"","ping_status":"","sticky":false,"template":"","format":"standard","meta":{"footnotes":""},"categories":[2815],"tags":[1111,11,1777,674,1011,27,811,1307,12,2119,25],"class_list":{"0":"post-620728","1":"post","2":"type-post","3":"status-publish","4":"format-standard","5":"has-post-thumbnail","7":"category-lille","8":"tag-actu","9":"tag-actualites","10":"tag-eu","11":"tag-europe","12":"tag-fr","13":"tag-france","14":"tag-hauts-de-france","15":"tag-lille","16":"tag-news","17":"tag-previsions-meteo","18":"tag-republique-francaise"},"share_on_mastodon":{"url":"","error":""},"_links":{"self":[{"href":"https:\/\/www.europesays.com\/fr\/wp-json\/wp\/v2\/posts\/620728","targetHints":{"allow":["GET"]}}],"collection":[{"href":"https:\/\/www.europesays.com\/fr\/wp-json\/wp\/v2\/posts"}],"about":[{"href":"https:\/\/www.europesays.com\/fr\/wp-json\/wp\/v2\/types\/post"}],"author":[{"embeddable":true,"href":"https:\/\/www.europesays.com\/fr\/wp-json\/wp\/v2\/users\/2"}],"replies":[{"embeddable":true,"href":"https:\/\/www.europesays.com\/fr\/wp-json\/wp\/v2\/comments?post=620728"}],"version-history":[{"count":0,"href":"https:\/\/www.europesays.com\/fr\/wp-json\/wp\/v2\/posts\/620728\/revisions"}],"wp:featuredmedia":[{"embeddable":true,"href":"https:\/\/www.europesays.com\/fr\/wp-json\/wp\/v2\/media\/620729"}],"wp:attachment":[{"href":"https:\/\/www.europesays.com\/fr\/wp-json\/wp\/v2\/media?parent=620728"}],"wp:term":[{"taxonomy":"category","embeddable":true,"href":"https:\/\/www.europesays.com\/fr\/wp-json\/wp\/v2\/categories?post=620728"},{"taxonomy":"post_tag","embeddable":true,"href":"https:\/\/www.europesays.com\/fr\/wp-json\/wp\/v2\/tags?post=620728"}],"curies":[{"name":"wp","href":"https:\/\/api.w.org\/{rel}","templated":true}]}}