{"id":620735,"date":"2025-12-25T00:54:12","date_gmt":"2025-12-25T00:54:12","guid":{"rendered":"https:\/\/www.europesays.com\/fr\/620735\/"},"modified":"2025-12-25T00:54:12","modified_gmt":"2025-12-25T00:54:12","slug":"previsions-du-jeudi-25-decembre-2025-5","status":"publish","type":"post","link":"https:\/\/www.europesays.com\/fr\/620735\/","title":{"rendered":"pr\u00e9visions du jeudi 25 d\u00e9cembre 2025"},"content":{"rendered":"<p>L&rsquo;hiver s&rsquo;est d\u00e9finitivement install\u00e9 \u00e0 Lyon puisque les temp\u00e9ratures iront de -1 \u00e0 3\u00b0C sur l&rsquo;ensemble de la journ\u00e9e. Le matin, encore des nuages dans le ciel qui emp\u00eachent le soleil de faire son apparition. Il va faire 0\u00b0C en moyenne. Une petite brise de nord soufflera. La m\u00e9t\u00e9o devrait s&rsquo;am\u00e9liorer durant l&rsquo;apr\u00e8s-midi. L&rsquo;hiver se fait sentir : les valeurs s&rsquo;\u00e9chelonneront entre 0 et 3\u00b0C. Les Lyonnais vont avoir froid le soir : les temp\u00e9ratures ne vont pas d\u00e9passer 0\u00b0C. Il fera en moyenne 0\u00b0C. On pr\u00e9voit une nuit claire entre jeudi et vendredi.<\/p>\n<p>Demain, les Lyonnais vont pouvoir profiter d&rsquo;un soleil radieux. Un temps plus chaud est pr\u00e9vu \u00e9tant donn\u00e9 que le mercure va enregistrer une hausse. Les temp\u00e9ratures seront comprises entre -2 et 5\u00b0C, un temps r\u00e9solument de saison. Un vent de nord-ouest rafra\u00eechira sensiblement l&rsquo;atmosph\u00e8re. Les Lyonnais vont avoir froid le matin : les temp\u00e9ratures ne vont pas d\u00e9passer 3\u00b0C. Les valeurs afficheront entre -2\u00b0C et 3\u00b0C, rappelant l&rsquo;hiver au bon souvenir des habitants. Les Lyonnais vont avoir froid demain apr\u00e8s-midi : les temp\u00e9ratures ne vont pas d\u00e9passer 5\u00b0C. Les maximales atteindront les 5\u00b0C tandis que les minimales seront de 1\u00b0C : un temps de saison. Demain soir, c&rsquo;est sur un ciel tapiss\u00e9 de nuages qu&rsquo;il faudra compter. Les temp\u00e9ratures tourneront autour des 1\u00b0C.<\/p>\n<p>Les jours s&rsquo;encha\u00eenent et se ressemblent. Pr\u00e9voyez -1\u00b0C en moyenne qui accompagneront des journ\u00e9es ensoleill\u00e9es.<\/p>\n<p><\/p>\n","protected":false},"excerpt":{"rendered":"L&rsquo;hiver s&rsquo;est d\u00e9finitivement install\u00e9 \u00e0 Lyon puisque les temp\u00e9ratures iront de -1 \u00e0 3\u00b0C sur l&rsquo;ensemble de la&hellip;\n","protected":false},"author":2,"featured_media":620736,"comment_status":"","ping_status":"","sticky":false,"template":"","format":"standard","meta":{"footnotes":""},"categories":[1889],"tags":[1111,11,2430,1777,674,1011,27,2428,12,2119,25],"class_list":{"0":"post-620735","1":"post","2":"type-post","3":"status-publish","4":"format-standard","5":"has-post-thumbnail","7":"category-lyon","8":"tag-actu","9":"tag-actualites","10":"tag-auvergne-rhone-alpes","11":"tag-eu","12":"tag-europe","13":"tag-fr","14":"tag-france","15":"tag-lyon","16":"tag-news","17":"tag-previsions-meteo","18":"tag-republique-francaise"},"share_on_mastodon":{"url":"https:\/\/pubeurope.com\/@fr\/115777481156065785","error":""},"_links":{"self":[{"href":"https:\/\/www.europesays.com\/fr\/wp-json\/wp\/v2\/posts\/620735","targetHints":{"allow":["GET"]}}],"collection":[{"href":"https:\/\/www.europesays.com\/fr\/wp-json\/wp\/v2\/posts"}],"about":[{"href":"https:\/\/www.europesays.com\/fr\/wp-json\/wp\/v2\/types\/post"}],"author":[{"embeddable":true,"href":"https:\/\/www.europesays.com\/fr\/wp-json\/wp\/v2\/users\/2"}],"replies":[{"embeddable":true,"href":"https:\/\/www.europesays.com\/fr\/wp-json\/wp\/v2\/comments?post=620735"}],"version-history":[{"count":0,"href":"https:\/\/www.europesays.com\/fr\/wp-json\/wp\/v2\/posts\/620735\/revisions"}],"wp:featuredmedia":[{"embeddable":true,"href":"https:\/\/www.europesays.com\/fr\/wp-json\/wp\/v2\/media\/620736"}],"wp:attachment":[{"href":"https:\/\/www.europesays.com\/fr\/wp-json\/wp\/v2\/media?parent=620735"}],"wp:term":[{"taxonomy":"category","embeddable":true,"href":"https:\/\/www.europesays.com\/fr\/wp-json\/wp\/v2\/categories?post=620735"},{"taxonomy":"post_tag","embeddable":true,"href":"https:\/\/www.europesays.com\/fr\/wp-json\/wp\/v2\/tags?post=620735"}],"curies":[{"name":"wp","href":"https:\/\/api.w.org\/{rel}","templated":true}]}}