{"id":620741,"date":"2025-12-25T00:58:15","date_gmt":"2025-12-25T00:58:15","guid":{"rendered":"https:\/\/www.europesays.com\/fr\/620741\/"},"modified":"2025-12-25T00:58:15","modified_gmt":"2025-12-25T00:58:15","slug":"previsions-du-jeudi-25-decembre-2025-6","status":"publish","type":"post","link":"https:\/\/www.europesays.com\/fr\/620741\/","title":{"rendered":"pr\u00e9visions du jeudi 25 d\u00e9cembre 2025"},"content":{"rendered":"<p>L&rsquo;hiver sera bien l\u00e0 puisqu&rsquo;\u00e0 Paris, les valeurs seront quand m\u00eame de 0\u00b0C au plus bas et de 3\u00b0C au plus haut la journ\u00e9e. Une l\u00e9g\u00e8re brise de nord-est sera ressentie par les habitants. Le ciel va s&rsquo;\u00e9claircir dans la matin\u00e9e. Les temp\u00e9ratures seront comprises entre 0 et 2\u00b0C, un temps bel et bien de saison. L&rsquo;apr\u00e8s-midi, un grand soleil brillera. L&rsquo;hiver s&rsquo;est d\u00e9finitivement install\u00e9 puisque les valeurs iront de 2 \u00e0 3\u00b0C. La ville profitera de quelques \u00e9claircies le soir. On passera de jeudi \u00e0 vendredi par une nuit claire.<\/p>\n<p>Demain, les Parisiens vont pouvoir profiter d&rsquo;un soleil radieux. L&rsquo;hiver se fait sentir : les temp\u00e9ratures afficheront entre -1 et 4\u00b0C. Un vent de nord-est rafra\u00eechira un peu l&rsquo;atmosph\u00e8re. Les Parisiens vont avoir froid le matin : les temp\u00e9ratures ne vont pas d\u00e9passer 2\u00b0C. Les valeurs s&rsquo;\u00e9chelonneront entre -1\u00b0C et 2\u00b0C, rappelant l&rsquo;hiver au bon souvenir des habitants. Les Parisiens vont avoir froid demain apr\u00e8s-midi : les temp\u00e9ratures ne vont pas d\u00e9passer 4\u00b0C. Il va faire froid avec des temp\u00e9ratures qui seront comprises entre 2 et 4\u00b0C. Le ciel va l\u00e9g\u00e8rement se d\u00e9gager dans la soir\u00e9e avec des \u00e9claircies.<\/p>\n<p>La m\u00e9t\u00e9o restera inchang\u00e9e les prochains jours. Pr\u00e9voyez 2\u00b0C en moyenne qui accompagneront des journ\u00e9es ensoleill\u00e9es.<\/p>\n<p><\/p>\n","protected":false},"excerpt":{"rendered":"L&rsquo;hiver sera bien l\u00e0 puisqu&rsquo;\u00e0 Paris, les valeurs seront quand m\u00eame de 0\u00b0C au plus bas et de&hellip;\n","protected":false},"author":2,"featured_media":620742,"comment_status":"","ping_status":"","sticky":false,"template":"","format":"standard","meta":{"footnotes":""},"categories":[1888],"tags":[1111,1928,11,1927,1777,674,1011,27,12,1926,626,1925,2119,25],"class_list":{"0":"post-620741","1":"post","2":"type-post","3":"status-publish","4":"format-standard","5":"has-post-thumbnail","7":"category-paris","8":"tag-actu","9":"tag-actu-paris","10":"tag-actualites","11":"tag-actualites-paris","12":"tag-eu","13":"tag-europe","14":"tag-fr","15":"tag-france","16":"tag-news","17":"tag-news-paris","18":"tag-paris","19":"tag-paris-news","20":"tag-previsions-meteo","21":"tag-republique-francaise"},"share_on_mastodon":{"url":"https:\/\/pubeurope.com\/@fr\/115777497348360281","error":""},"_links":{"self":[{"href":"https:\/\/www.europesays.com\/fr\/wp-json\/wp\/v2\/posts\/620741","targetHints":{"allow":["GET"]}}],"collection":[{"href":"https:\/\/www.europesays.com\/fr\/wp-json\/wp\/v2\/posts"}],"about":[{"href":"https:\/\/www.europesays.com\/fr\/wp-json\/wp\/v2\/types\/post"}],"author":[{"embeddable":true,"href":"https:\/\/www.europesays.com\/fr\/wp-json\/wp\/v2\/users\/2"}],"replies":[{"embeddable":true,"href":"https:\/\/www.europesays.com\/fr\/wp-json\/wp\/v2\/comments?post=620741"}],"version-history":[{"count":0,"href":"https:\/\/www.europesays.com\/fr\/wp-json\/wp\/v2\/posts\/620741\/revisions"}],"wp:featuredmedia":[{"embeddable":true,"href":"https:\/\/www.europesays.com\/fr\/wp-json\/wp\/v2\/media\/620742"}],"wp:attachment":[{"href":"https:\/\/www.europesays.com\/fr\/wp-json\/wp\/v2\/media?parent=620741"}],"wp:term":[{"taxonomy":"category","embeddable":true,"href":"https:\/\/www.europesays.com\/fr\/wp-json\/wp\/v2\/categories?post=620741"},{"taxonomy":"post_tag","embeddable":true,"href":"https:\/\/www.europesays.com\/fr\/wp-json\/wp\/v2\/tags?post=620741"}],"curies":[{"name":"wp","href":"https:\/\/api.w.org\/{rel}","templated":true}]}}