{"id":620745,"date":"2025-12-25T01:00:24","date_gmt":"2025-12-25T01:00:24","guid":{"rendered":"https:\/\/www.europesays.com\/fr\/620745\/"},"modified":"2025-12-25T01:00:24","modified_gmt":"2025-12-25T01:00:24","slug":"exclusif-affaire-laurent-vinatier-le-kremlin-annonce-a-tf1-lci-avoir-fait-une-proposition-a-paris","status":"publish","type":"post","link":"https:\/\/www.europesays.com\/fr\/620745\/","title":{"rendered":"EXCLUSIF &#8211; Affaire Laurent Vinatier : le Kremlin annonce \u00e0 TF1-LCI avoir fait \u00ab\u00a0une proposition\u00a0\u00bb \u00e0 Paris"},"content":{"rendered":"<ul class=\"jsx-862013697 ArticleChapo__List\">\n<li class=\"jsx-862013697 ArticleChapo__List_Item flex\">Lors d&rsquo;une conf\u00e9rence de presse organis\u00e9e le 19 d\u00e9cembre, Vladimir Poutine a r\u00e9pondu \u00e0 TF1-LCI en affirmant qu&rsquo;il allait se pencher sur l&rsquo;affaire de Laurent Vinatier.<\/li>\n<li class=\"jsx-862013697 ArticleChapo__List_Item flex\">Le chercheur fran\u00e7ais est emprisonn\u00e9 en Russie depuis juin 2024.<\/li>\n<li class=\"jsx-862013697 ArticleChapo__List_Item flex\">Le Kremlin a indiqu\u00e9 ce mercredi \u00e0 TF1-LCI qu&rsquo;il avait fait une proposition \u00e0 la France.<\/li>\n<\/ul>\n<p data-module=\"article-paragraph\" class=\"jsx-157965717 Paragraph Paragraph__End\">L&rsquo;affaire Laurent Vinatier va-t-elle prendre un nouveau tournant ? Le 19 d\u00e9cembre dernier, lors de sa conf\u00e9rence de presse annuelle, le pr\u00e9sident russe <a href=\"https:\/\/www.tf1info.fr\/actualite\/vladimir-poutine-10297\/\" target=\"_blank\" rel=\"noopener\">Vladimir Poutine<\/a> a r\u00e9pondu \u00e0 une question de TF1-LCI sur ce sujet. Il a alors assur\u00e9 <a href=\"https:\/\/www.tf1info.fr\/international\/vladimir-poutine-repond-a-lci-sur-laurent-vinatier-chercheur-francais-detenu-en-russie-2413839.html\" target=\"_blank\" rel=\"noopener\">qu&rsquo;il allait se pencher sur cette affaire<\/a> touchant le chercheur fran\u00e7ais emprisonn\u00e9 en Russie depuis juin 2024 et qui pourrait \u00eatre jug\u00e9 pour \u00ab\u00a0espionnage\u00a0\u00bb. \u00ab\u00a0Je vous promets que je vais me renseigner\u00a0\u00bb, a-t-il indiqu\u00e9. \u00ab\u00a0Et s&rsquo;il y a la moindre chance de r\u00e9soudre cette question de mani\u00e8re positive, si la loi russe le permet, nous ferons tout notre possible.\u00a0\u00bb<\/p>\n<p data-module=\"article-paragraph\" class=\"jsx-157965717 Paragraph Paragraph__End\">Mardi 23 d\u00e9cembre, Moscou a finalement contact\u00e9 TF1-LCI pour faire part des suites du dossier. Le Kremlin, par l&rsquo;interm\u00e9diaire de son porte-parole <a href=\"https:\/\/www.tf1info.fr\/international\/guerre-en-ukraine-mobilisation-militaire-en-russie-le-fils-de-dmitri-peskov-porte-parole-du-kremlin-et-poutine-piege-par-des-proches-d-alexei-navalny-2233041.html\" target=\"_blank\" rel=\"noopener\">Dmitri Peskov<\/a>, a appel\u00e9 notre journaliste et correspondant \u00e0 Moscou, J\u00e9r\u00f4me Garro. Il lui a alors indiqu\u00e9 que \u00ab\u00a0le pr\u00e9sident Poutine a ordonn\u00e9 de rev\u00e9rifier le dossier\u00a0\u00bb. \u00ab\u00a0Nous avons fait une proposition \u00e0 la partie fran\u00e7aise\u00a0\u00bb, a poursuivi la Russie (voir vid\u00e9o en t\u00eate de cet article). \u00ab\u00a0Nous attendons maintenant leur r\u00e9ponse.\u00a0\u00bb<\/p>\n<p>\u00ab\u00a0Agent de l&rsquo;\u00e9tranger\u00a0\u00bb<\/p>\n<p data-module=\"article-paragraph\" class=\"jsx-157965717 Paragraph Paragraph__End\">Les propos de Vladimir Poutine, vendredi dernier, <a href=\"https:\/\/www.tf1info.fr\/international\/video-temoignages-nous-sommes-etonnes-les-parents-de-laurent-vinatier-reagissent-a-la-reponse-de-poutine-2413923.html\" target=\"_blank\" rel=\"noopener\">avaient donn\u00e9 de l&rsquo;espoir aux proches du Fran\u00e7ais<\/a>. \u00ab\u00a0Nous esp\u00e9rons une issue favorable \u00e0 la situation de Laurent Vinatier\u00a0\u00bb, avait comment\u00e9 dans les heures suivantes son avocat fran\u00e7ais, Me Fr\u00e9d\u00e9ric B\u00e9lot, aupr\u00e8s de l&rsquo;AFP. \u00ab\u00a0Nous esp\u00e9rons que son dossier sera pris en consid\u00e9ration au plus haut niveau et qu&rsquo;il pourra faire valoir ses arguments en d\u00e9fense contre l&rsquo;accusation d&rsquo;espionnage port\u00e9e contre lui.\u00a0\u00bb<\/p>\n<p data-module=\"article-paragraph\" class=\"jsx-157965717 Paragraph Paragraph__End\">Laurent Vinatier a \u00e9t\u00e9 condamn\u00e9 en octobre 2024 \u00e0 trois ans de prison pour ne pas s&rsquo;\u00eatre enregistr\u00e9 <a href=\"https:\/\/www.tf1info.fr\/international\/arrestation-en-russie-du-francais-laurent-vinatier-agent-de-l-etranger-un-statut-particulier-du-droit-russe-2303020.html\" target=\"_blank\" rel=\"noopener\">en tant qu'\u00a0\u00bbagent de l&rsquo;\u00e9tranger\u00a0\u00bb<\/a>, alors qu&rsquo;il collectait des \u00ab\u00a0informations militaires\u00a0\u00bb pouvant \u00eatre \u00ab\u00a0utilis\u00e9es contre la s\u00e9curit\u00e9\u00a0\u00bb de la Russie. L&rsquo;int\u00e9ress\u00e9 avait reconnu les faits, mais plaid\u00e9 l&rsquo;ignorance. En ao\u00fbt, il avait comparu devant un tribunal russe pour des accusations d'\u00a0\u00bbespionnage\u00a0\u00bb qui, si elles \u00e9taient confirm\u00e9es, risqueraient d&rsquo;alourdir consid\u00e9rablement sa peine. L&rsquo;enqu\u00eate a \u00e9t\u00e9 prolong\u00e9e et il pourrait conna\u00eetre un nouveau proc\u00e8s pour espionnage fin f\u00e9vrier 2026, selon son avocat fran\u00e7ais.<\/p>\n<p><a href=\"https:\/\/www.tf1info.fr\/international\/en-direct-guerre-en-ukraine-russie-poutine-zelensky-etats-unis-rencontre-negociations-pourparlers-miami-dernieres-informations-aujourd-hui-lundi-22-decembre-2025-2414166.html\" rel=\"noopener\" class=\"jsx-3308031228 Link flex\" target=\"_blank\"><img decoding=\"async\" src=\"https:\/\/www.europesays.com\/fr\/wp-content\/uploads\/2025\/12\/ukraine-russie-drapeaux-illus-1-05ae7a-0@1x.jpeg\" alt=\"iStock\/OLGA Zhukovskaya\" loading=\"lazy\" importance=\"low\" fetchpriority=\"low\" class=\"\" aria-hidden=\"true\"\/><\/p>\n<p class=\"jsx-3657663356 ReadMoreArticle__Title\">Lire aussi<\/p>\n<p class=\"jsx-3657663356\">Guerre en Ukraine : la Russie fait \u00e9tat de \u00ab\u00a0lents progr\u00e8s\u00a0\u00bb dans les n\u00e9gociations avec les Am\u00e9ricains<\/p>\n<p><\/a><\/p>\n<p data-module=\"article-paragraph\" class=\"jsx-157965717 Paragraph Paragraph__End\">Ce chercheur de 49 ans, sp\u00e9cialiste de l&rsquo;espace post-sovi\u00e9tique, \u00e9tait employ\u00e9 par le Centre pour le dialogue humanitaire, une ONG suisse qui fait de la m\u00e9diation dans des conflits hors des circuits diplomatiques officiels, notamment s&rsquo;agissant de l&rsquo;Ukraine. Paris exige de Moscou la lib\u00e9ration de son ressortissant, accusant la Russie de chercher \u00e0 prendre des Occidentaux en otage.<\/p>\n<p>La r\u00e9daction de TF1info<\/p>\n","protected":false},"excerpt":{"rendered":"Lors d&rsquo;une conf\u00e9rence de presse organis\u00e9e le 19 d\u00e9cembre, Vladimir Poutine a r\u00e9pondu \u00e0 TF1-LCI en affirmant qu&rsquo;il&hellip;\n","protected":false},"author":2,"featured_media":620746,"comment_status":"","ping_status":"","sticky":false,"template":"","format":"standard","meta":{"footnotes":""},"categories":[1888],"tags":[1111,11,1921,1777,674,1011,27,1922,1916,12,626,25,132,133,1920,135],"class_list":{"0":"post-620745","1":"post","2":"type-post","3":"status-publish","4":"format-standard","5":"has-post-thumbnail","7":"category-paris","8":"tag-actu","9":"tag-actualites","10":"tag-article-video","11":"tag-eu","12":"tag-europe","13":"tag-fr","14":"tag-france","15":"tag-info","16":"tag-moscou","17":"tag-news","18":"tag-paris","19":"tag-republique-francaise","20":"tag-russie","21":"tag-video","22":"tag-video-international","23":"tag-vladimir-poutine"},"share_on_mastodon":{"url":"https:\/\/pubeurope.com\/@fr\/115777505558295739","error":""},"_links":{"self":[{"href":"https:\/\/www.europesays.com\/fr\/wp-json\/wp\/v2\/posts\/620745","targetHints":{"allow":["GET"]}}],"collection":[{"href":"https:\/\/www.europesays.com\/fr\/wp-json\/wp\/v2\/posts"}],"about":[{"href":"https:\/\/www.europesays.com\/fr\/wp-json\/wp\/v2\/types\/post"}],"author":[{"embeddable":true,"href":"https:\/\/www.europesays.com\/fr\/wp-json\/wp\/v2\/users\/2"}],"replies":[{"embeddable":true,"href":"https:\/\/www.europesays.com\/fr\/wp-json\/wp\/v2\/comments?post=620745"}],"version-history":[{"count":0,"href":"https:\/\/www.europesays.com\/fr\/wp-json\/wp\/v2\/posts\/620745\/revisions"}],"wp:featuredmedia":[{"embeddable":true,"href":"https:\/\/www.europesays.com\/fr\/wp-json\/wp\/v2\/media\/620746"}],"wp:attachment":[{"href":"https:\/\/www.europesays.com\/fr\/wp-json\/wp\/v2\/media?parent=620745"}],"wp:term":[{"taxonomy":"category","embeddable":true,"href":"https:\/\/www.europesays.com\/fr\/wp-json\/wp\/v2\/categories?post=620745"},{"taxonomy":"post_tag","embeddable":true,"href":"https:\/\/www.europesays.com\/fr\/wp-json\/wp\/v2\/tags?post=620745"}],"curies":[{"name":"wp","href":"https:\/\/api.w.org\/{rel}","templated":true}]}}