{"id":620747,"date":"2025-12-25T01:02:26","date_gmt":"2025-12-25T01:02:26","guid":{"rendered":"https:\/\/www.europesays.com\/fr\/620747\/"},"modified":"2025-12-25T01:02:26","modified_gmt":"2025-12-25T01:02:26","slug":"guerre-en-ukraine-des-infrastructures-energetiques-visees-par-des-bombardements-au-lendemain-de-la-mort-dun-lieutenant-general-russe-a-moscou","status":"publish","type":"post","link":"https:\/\/www.europesays.com\/fr\/620747\/","title":{"rendered":"Guerre en Ukraine : des infrastructures \u00e9nerg\u00e9tiques vis\u00e9es par des bombardements au lendemain de la mort d&rsquo;un lieutenant g\u00e9n\u00e9ral russe \u00e0 Moscou"},"content":{"rendered":"<p>Le lieutenant g\u00e9n\u00e9ral Fanil Sarvarov, membre de l\u2019\u00e9tat-major russe, a \u00e9t\u00e9 tu\u00e9, lundi 22\u00a0d\u00e9cembre, dans la matin\u00e9e, dans l\u2019explosion d\u2019une voiture dans le sud de Moscou. Le Comit\u00e9 d\u2019enqu\u00eate russe a annonc\u00e9 privil\u00e9gier <a href=\"https:\/\/www.humanite.fr\/monde\/etats-unis\/guerre-en-ukraine-les-negociations-sur-le-projet-de-donald-trump-se-poursuivent-en-floride\" target=\"_blank\" rel=\"noopener\">la piste ukrainienne<\/a> alors que les <a href=\"https:\/\/www.humanite.fr\/monde\/diplomatie\/guerre-en-ukraine-apres-berlin-leurope-confirme-son-influence-dans-les-negociations-de-paix-menees-par-donald-trump\" target=\"_blank\" rel=\"noopener\">n\u00e9gociations pour mettre fin \u00e0 la guerre se poursuivent<\/a>.<\/p>\n<p>Selon les enqu\u00eateurs, un engin explosif d\u00e9pos\u00e9 sous une voiture a \u00e9t\u00e9 d\u00e9clench\u00e9 dans la rue Iasseneva\u00efa, dans le sud de la capitale. Une enqu\u00eate pour \u00ab\u00a0meurtre\u00a0\u00bb et \u00ab\u00a0trafic d\u2019explosifs\u00a0\u00bb a \u00e9t\u00e9 ouverte, selon la m\u00eame source. L\u2019une des pistes \u00e9tudi\u00e9es est celle \u00ab\u00a0li\u00e9e\u00a0\u00bb aux \u00ab\u00a0services sp\u00e9ciaux ukrainiens\u00a0\u00bb, a affirm\u00e9 le comit\u00e9.<\/p>\n<p>\u00ab\u00a0La Russie attaque une fois de plus nos infrastructures \u00e9nerg\u00e9tiques\u00a0\u00bb<\/p>\n<p>Les autorit\u00e9s ukrainiennes ont annonc\u00e9, le lendemain, que des coupures de courant auront lieu durant la journ\u00e9e de mardi, dans plusieurs r\u00e9gions du pays. En cause\u00a0: des <a href=\"https:\/\/www.humanite.fr\/monde\/guerre-en-ukraine\/guerre-en-ukraine-vladimir-poutine-dessine-des-pourparlers-encore-long-lors-de-sa-conference-annuelle\" target=\"_blank\" rel=\"noopener\">frappes russes alliant missiles et drones<\/a> sur ses infrastructures.<\/p>\n<p>\u00ab\u00a0La Russie attaque une fois de plus nos infrastructures \u00e9nerg\u00e9tiques. En cons\u00e9quence, des coupures de courant d\u2019urgence ont \u00e9t\u00e9 d\u00e9clench\u00e9es dans plusieurs r\u00e9gions d\u2019Ukraine\u00a0\u00bb, a annonc\u00e9 le minist\u00e8re de l\u2019\u00c9nergie sur Telegram. Ces bombardements ont pouss\u00e9 l\u2019arm\u00e9e polonaise \u00e0 d\u00e9ployer des avions pour prot\u00e9ger son espace a\u00e9rien.<\/p>\n<p>\u00c2g\u00e9 de 56\u00a0ans, selon les m\u00e9dias russes, Fanil Sarvarov \u00e9tait un militaire de carri\u00e8re n\u00e9 dans l\u2019Oural et dipl\u00f4m\u00e9 de plusieurs instituts militaires. Il a particip\u00e9 \u00e0 la guerre en Tch\u00e9tch\u00e9nie, dans les ann\u00e9es 1990 et 2000, \u00e0 l\u2019intervention russe en Syrie, en 2015-2016, et \u00e0 la guerre en Ukraine depuis 2022. Les autorit\u00e9s ukrainiennes n\u2019ont, pour le moment, fait aucun commentaire.<\/p>\n<p>Depuis le d\u00e9but de l\u2019offensive russe <a href=\"https:\/\/www.humanite.fr\/monde\/etats-unis\/guerre-en-ukraine-les-negociations-sur-le-projet-de-donald-trump-se-poursuivent-en-floride\" data-type=\"link\" data-id=\"https:\/\/www.humanite.fr\/monde\/etats-unis\/guerre-en-ukraine-les-negociations-sur-le-projet-de-donald-trump-se-poursuivent-en-floride\" target=\"_blank\" rel=\"noopener\">contre l\u2019Ukraine en f\u00e9vrier 2022<\/a>, Kiev a \u00e9t\u00e9 accus\u00e9 \u00e0 plusieurs reprises d\u2019avoir men\u00e9 des attaques cibl\u00e9es contre des personnalit\u00e9s et responsables militaires russes en Russie et dans les zones occup\u00e9es par Moscou en Ukraine.<\/p>\n<p>Kiev accus\u00e9 \u00e0 plusieurs reprises d\u2019avoir men\u00e9 des attaques cibl\u00e9es<\/p>\n<p>En ao\u00fbt 2022, l\u2019explosion d\u2019une voiture avait tu\u00e9 Daria Douguina, la fille de l\u2019id\u00e9ologue ultranationaliste Alexandre Douguine. En avril 2023, un blogueur militaire russe, Maxime Fomine, avait lui perdu la vie dans la d\u00e9tonation d\u2019une statuette dans un caf\u00e9 de Saint-P\u00e9tersbourg. Et en avril 2025, le g\u00e9n\u00e9ral Iaroslav Moskalik, chef adjoint de la Direction g\u00e9n\u00e9rale op\u00e9rationnelle de l\u2019\u00e9tat-major russe, a \u00e9t\u00e9 tu\u00e9 dans l\u2019explosion d\u2019une voiture pr\u00e8s de Moscou.<\/p>\n<p>En d\u00e9cembre 2024, le commandant des forces russes de d\u00e9fense radiologique, chimique et biologique, Igor Kirillov, a \u00e9t\u00e9 tu\u00e9 par l\u2019explosion d\u2019une trottinette \u00e9lectrique pi\u00e9g\u00e9e \u00e0 Moscou, un assassinat qui avait \u00e9t\u00e9 revendiqu\u00e9 par les services de s\u00e9curit\u00e9 ukrainiens (SBU).<\/p>\n<p>L\u2019assassinat de lundi survient en pleine s\u00e9quence diplomatique. Des n\u00e9gociateurs ukrainiens et russes ont rencontr\u00e9 s\u00e9par\u00e9ment les \u00e9missaires \u00e9tats-uniens, <a href=\"https:\/\/www.humanite.fr\/monde\/etats-unis\/guerre-en-ukraine-les-negociations-sur-le-projet-de-donald-trump-se-poursuivent-en-floride\" target=\"_blank\" rel=\"noopener\">ces trois derniers jours en Floride<\/a>, pour \u00e9tudier le plan de r\u00e8glement du conflit pr\u00e9sent\u00e9 par Washington il y a pr\u00e8s d\u2019un mois. Si ce nouveau cycle de pourparlers n\u2019a donn\u00e9 lieu \u00e0 aucune perc\u00e9e significative, les \u00c9tats-Unis et l\u2019Ukraine ont jug\u00e9 les \u00e9changes \u00ab\u00a0productifs et constructifs\u00a0\u00bb.<\/p>\n<p>Le pr\u00e9sident russe, Vladimir Poutine, avait affirm\u00e9, vendredi 19\u00a0d\u00e9cembre, que \u00ab\u00a0la balle (\u00e9tait) dans le camp\u00a0\u00bb de Kiev et de ses alli\u00e9s europ\u00e9ens (Paris, Londres, Berlin, Rome\u2026). Le porte-parole du Kremlin, Dmitri Peskov, et la directrice du renseignement national am\u00e9ricain, Tulsi Gabbard, ont d\u00e9menti, lundi, des informations de l\u2019agence de presse Reuters, selon laquelle des responsables des services renseignement \u00e9tats-uniens pr\u00eatent \u00e0 Moscou l\u2019intention de conqu\u00e9rir toute l\u2019Ukraine et de s\u2019en prendre \u00e0 l\u2019Europe.<\/p>\n<p>Le m\u00e9dia que les milliardaires ne peuvent pas s\u2019acheter<\/p>\n<p>Nous ne sommes financ\u00e9s par aucun milliardaire. Et nous en sommes fiers\u00a0! Mais nous sommes confront\u00e9s \u00e0 des d\u00e9fis financiers constants. Soutenez-nous\u00a0! Votre don sera d\u00e9fiscalis\u00e9\u00a0: donner 5\u20ac vous reviendra \u00e0 1.65\u20ac. Le prix d\u2019un caf\u00e9.<br \/><a href=\"https:\/\/www.humanite.fr\/lhumanite-cest-vous\" target=\"_blank\" rel=\"noopener\">Je veux en savoir plus\u00a0!<\/a><\/p>\n","protected":false},"excerpt":{"rendered":"Le lieutenant g\u00e9n\u00e9ral Fanil Sarvarov, membre de l\u2019\u00e9tat-major russe, a \u00e9t\u00e9 tu\u00e9, lundi 22\u00a0d\u00e9cembre, dans la matin\u00e9e, dans&hellip;\n","protected":false},"author":2,"featured_media":620748,"comment_status":"","ping_status":"","sticky":false,"template":"","format":"standard","meta":{"footnotes":""},"categories":[1591],"tags":[11,1887,12,1885,1886,132],"class_list":{"0":"post-620747","1":"post","2":"type-post","3":"status-publish","4":"format-standard","5":"has-post-thumbnail","7":"category-russie","8":"tag-actualites","9":"tag-federation-de-russie","10":"tag-news","11":"tag-russia","12":"tag-russian-federation","13":"tag-russie"},"share_on_mastodon":{"url":"https:\/\/pubeurope.com\/@fr\/115777512749168248","error":""},"_links":{"self":[{"href":"https:\/\/www.europesays.com\/fr\/wp-json\/wp\/v2\/posts\/620747","targetHints":{"allow":["GET"]}}],"collection":[{"href":"https:\/\/www.europesays.com\/fr\/wp-json\/wp\/v2\/posts"}],"about":[{"href":"https:\/\/www.europesays.com\/fr\/wp-json\/wp\/v2\/types\/post"}],"author":[{"embeddable":true,"href":"https:\/\/www.europesays.com\/fr\/wp-json\/wp\/v2\/users\/2"}],"replies":[{"embeddable":true,"href":"https:\/\/www.europesays.com\/fr\/wp-json\/wp\/v2\/comments?post=620747"}],"version-history":[{"count":0,"href":"https:\/\/www.europesays.com\/fr\/wp-json\/wp\/v2\/posts\/620747\/revisions"}],"wp:featuredmedia":[{"embeddable":true,"href":"https:\/\/www.europesays.com\/fr\/wp-json\/wp\/v2\/media\/620748"}],"wp:attachment":[{"href":"https:\/\/www.europesays.com\/fr\/wp-json\/wp\/v2\/media?parent=620747"}],"wp:term":[{"taxonomy":"category","embeddable":true,"href":"https:\/\/www.europesays.com\/fr\/wp-json\/wp\/v2\/categories?post=620747"},{"taxonomy":"post_tag","embeddable":true,"href":"https:\/\/www.europesays.com\/fr\/wp-json\/wp\/v2\/tags?post=620747"}],"curies":[{"name":"wp","href":"https:\/\/api.w.org\/{rel}","templated":true}]}}