{"id":620760,"date":"2025-12-25T01:12:51","date_gmt":"2025-12-25T01:12:51","guid":{"rendered":"https:\/\/www.europesays.com\/fr\/620760\/"},"modified":"2025-12-25T01:12:51","modified_gmt":"2025-12-25T01:12:51","slug":"comment-suivre-le-pere-noel-a-la-trace-pour-savoir-quand-il-va-debarquer","status":"publish","type":"post","link":"https:\/\/www.europesays.com\/fr\/620760\/","title":{"rendered":"Comment suivre le p\u00e8re No\u00ebl \u00e0 la trace pour savoir quand il va d\u00e9barquer"},"content":{"rendered":"<p>Aussi fou que cela puisse para\u00eetre, on peut suivre \u00e0 la trace <a href=\"https:\/\/www.20minutes.fr\/societe\/4191600-20251215-incroyable-legende-urbaine-fait-pere-noel-invention-coca-cola\" target=\"_blank\" class=\"c-link c-link--is-underlined\" rel=\"noopener\">le p\u00e8re No\u00ebl<\/a> de la m\u00eame mani\u00e8re qu\u2019on peut pister l\u2019avion qui ram\u00e8ne mamie pour les f\u00eates. Le <a href=\"https:\/\/www.flightradar24.com\/R3DN053\/3d9fb50a\" target=\"_blank\" class=\"c-link c-link--is-underlined\" rel=\"noopener\">site FlightRadar24<\/a> et celui cr\u00e9\u00e9 par le Commandement de la d\u00e9fense a\u00e9rospatiale de l\u2019Am\u00e9rique du Nord (<a href=\"https:\/\/www.norad.mil\/\" target=\"_blank\" class=\"c-link c-link--is-underlined\" rel=\"noopener\">Norad<\/a>), permettent en effet de voir voler en temps r\u00e9el le tra\u00eeneau de Santa Claus.<\/p>\n<p>A l\u2019heure o\u00f9 nous \u00e9crivons ces lignes, selon que l\u2019on consulte FlightRadar24 ou le site d\u00e9di\u00e9 du Norad, papa No\u00ebl est soit en train de survoler la Roumanie, soit il vole au-dessus de l\u2019Indon\u00e9sie en direction de la Malaisie. Sur le site qui permet habituellement de <a href=\"https:\/\/www.20minutes.fr\/sport\/3333403-20220803-mercato-renato-sanchez-debarque-psg-15m-wijnaldum-point-partir-roma-suivez-live\" class=\"c-link c-link--is-underlined\" target=\"_blank\" rel=\"noopener\">suivre des avions<\/a>, le tra\u00eeneau \u00ab\u00a0Santa1\u00a0\u00bb vole \u00e0 60.000 pieds sous l\u2019identifiant R3DN053 pour un trajet au d\u00e9part du P\u00f4le Nord vers le P\u00f4le Nord. Et ce ne sont pas moins de 125.000 personnes <a href=\"https:\/\/www.20minutes.fr\/by-the-web\/4001385-20220924-pourquoi-flight-tracking-si-tendance\" class=\"c-link c-link--is-underlined\" target=\"_blank\" rel=\"noopener\">qui le suivent en live<\/a>.<\/p>\n<\/p>\n<p>Une erreur qui date de la guerre froide<\/p>\n<p>Nos confr\u00e8res du <a href=\"https:\/\/www.lefigaro.fr\/actualite-france\/du-radar-militaire-a-l-application-mobile-suivez-en-direct-le-traineau-du-pere-noel-20251224\" target=\"_blank\" class=\"c-link c-link--is-underlined\" rel=\"noopener\">Figaro <\/a>racontent que ce clin d\u2019\u0153il anecdotique vient de loin, son origine \u00e9tant \u00e0 chercher \u00e0 l\u2019\u00e9poque de la guerre froide. En\u00a01955, une publicit\u00e9 parue dans un journal aux Etats-Unis comporte un num\u00e9ro de t\u00e9l\u00e9phone permettant aux enfants d\u2019appeler le p\u00e8re No\u00ebl. Sauf qu\u2019\u00e0 cause d\u2019une erreur dans la transcription du num\u00e9ro, ceux qui pensent tomber sur Santa Claus se retrouvent en ligne avec l\u2019anc\u00eatre du Norad.<\/p>\n<p><a href=\"https:\/\/www.20minutes.fr\/noel\/\" class=\"c-link c-btn c-btn--primary\" target=\"_blank\" rel=\"noopener\">Notre dossier sp\u00e9cial No\u00ebl<\/a><\/p>\n<p>Les militaires se sont pris au jeu, jusqu\u2019\u00e0 p\u00e9renniser ce standard improvis\u00e9 du p\u00e8re No\u00ebl. Le Norad consacre m\u00eame \u00e0 l\u2019op\u00e9ration un site Internet, <a href=\"https:\/\/www.noradsanta.org\/fr\/\" target=\"_blank\" class=\"c-link c-link--is-underlined\" rel=\"noopener\">Norasanta.org<\/a>, qui permet, outre suivre l\u2019itin\u00e9raire du tra\u00eeneau, de voir le nombre de cadeaux distribu\u00e9s. Il y a aussi d\u00e9sormais un num\u00e9ro de t\u00e9l\u00e9phone sp\u00e9cial et m\u00eame une application mobile.<\/p>\n","protected":false},"excerpt":{"rendered":"Aussi fou que cela puisse para\u00eetre, on peut suivre \u00e0 la trace le p\u00e8re No\u00ebl de la m\u00eame&hellip;\n","protected":false},"author":2,"featured_media":620761,"comment_status":"","ping_status":"","sticky":false,"template":"","format":"standard","meta":{"footnotes":""},"categories":[2],"tags":[47,11,37,4512,73,1011,27,12,15830,63636,27760,25,104],"class_list":{"0":"post-620760","1":"post","2":"type-post","3":"status-publish","4":"format-standard","5":"has-post-thumbnail","7":"category-actualites","8":"tag-actualite","9":"tag-actualites","10":"tag-avion","11":"tag-ciel","12":"tag-etats-unis","13":"tag-fr","14":"tag-france","15":"tag-news","16":"tag-noel","17":"tag-pere-noel","18":"tag-radar","19":"tag-republique-francaise","20":"tag-societe"},"share_on_mastodon":{"url":"https:\/\/pubeurope.com\/@fr\/115777555918932157","error":""},"_links":{"self":[{"href":"https:\/\/www.europesays.com\/fr\/wp-json\/wp\/v2\/posts\/620760","targetHints":{"allow":["GET"]}}],"collection":[{"href":"https:\/\/www.europesays.com\/fr\/wp-json\/wp\/v2\/posts"}],"about":[{"href":"https:\/\/www.europesays.com\/fr\/wp-json\/wp\/v2\/types\/post"}],"author":[{"embeddable":true,"href":"https:\/\/www.europesays.com\/fr\/wp-json\/wp\/v2\/users\/2"}],"replies":[{"embeddable":true,"href":"https:\/\/www.europesays.com\/fr\/wp-json\/wp\/v2\/comments?post=620760"}],"version-history":[{"count":0,"href":"https:\/\/www.europesays.com\/fr\/wp-json\/wp\/v2\/posts\/620760\/revisions"}],"wp:featuredmedia":[{"embeddable":true,"href":"https:\/\/www.europesays.com\/fr\/wp-json\/wp\/v2\/media\/620761"}],"wp:attachment":[{"href":"https:\/\/www.europesays.com\/fr\/wp-json\/wp\/v2\/media?parent=620760"}],"wp:term":[{"taxonomy":"category","embeddable":true,"href":"https:\/\/www.europesays.com\/fr\/wp-json\/wp\/v2\/categories?post=620760"},{"taxonomy":"post_tag","embeddable":true,"href":"https:\/\/www.europesays.com\/fr\/wp-json\/wp\/v2\/tags?post=620760"}],"curies":[{"name":"wp","href":"https:\/\/api.w.org\/{rel}","templated":true}]}}