{"id":620766,"date":"2025-12-25T01:30:25","date_gmt":"2025-12-25T01:30:25","guid":{"rendered":"https:\/\/www.europesays.com\/fr\/620766\/"},"modified":"2025-12-25T01:30:25","modified_gmt":"2025-12-25T01:30:25","slug":"le-prodige-louis-bielle-biarrey-8eme-de-notre-classement-du-champion-des-champions-francais-2025","status":"publish","type":"post","link":"https:\/\/www.europesays.com\/fr\/620766\/","title":{"rendered":"Le prodige Louis Bielle-Biarrey, 8\u00e8me de notre classement du Champion des Champions fran\u00e7ais 2025"},"content":{"rendered":"<p style=\"text-align: justify;\"><strong>MULTISPORTS \u2013 Comme tous les ans depuis 2018, Dicodusport vous a propos\u00e9 d\u2019\u00e9lire le Champion des Champions fran\u00e7ais de l\u2019ann\u00e9e. Qui succ\u00e9dera \u00e0 <a data-autolink-id=\"7\" target=\"_self\" href=\"https:\/\/dicodusport.fr\/sportif\/leon-marchand\/\" rel=\"noopener\">L\u00e9on Marchand<\/a> ? On continue \u00e0 d\u00e9rouler le classement, avec \u00e0 la 8\u00e8me place, le rugbyman Louis Bielle-Biarrey.<\/strong><\/p>\n<p>Le d\u00e9roulement<\/p>\n<p style=\"text-align: justify;\">Comme l\u2019an pass\u00e9, vos votes, lecteurs de Dicodusport, ont compt\u00e9 pour <strong>50 % du r\u00e9sultat final<\/strong> de l\u2019\u00e9lection du <a href=\"https:\/\/dicodusport.fr\/blog\/marchand-ogier-bielle-biarrey-elisez-le-champion-des-champions-francais-2025\/\" target=\"_blank\" rel=\"noopener\"><strong>Champion des Champions fran\u00e7ais 2025<\/strong><\/a>. Le vote de la r\u00e9daction, compos\u00e9 de <strong>12 votants<\/strong>, est ensuite venu compl\u00e9ter le scrutin du public et repr\u00e9sente \u00e9galement <strong>50 % du r\u00e9sultat final<\/strong>.<\/p>\n<p style=\"text-align: justify;\">Dans un premier temps, <strong>le laur\u00e9at du vote des lecteurs obtient 10 points<\/strong>, le deuxi\u00e8me 9 points, le troisi\u00e8me 8 points, et ainsi de suite jusqu\u2019au sportif class\u00e9 en <strong>10e et derni\u00e8re position<\/strong>, qui r\u00e9colte 1 point.<\/p>\n<p style=\"text-align: justify;\">Concernant le vote de la r\u00e9daction, les <strong>12 membres<\/strong> ont chacun \u00e9tabli <strong>un classement de 1 \u00e0 10<\/strong>. Comme pour le vote des lecteurs, 10 points sont attribu\u00e9s \u00e0 la premi\u00e8re place, 9 points \u00e0 la deuxi\u00e8me, et ainsi de suite jusqu\u2019\u00e0 la 10e place (1 point). Les points issus des <strong>12 classements<\/strong> ont ensuite \u00e9t\u00e9 additionn\u00e9s. \u00c0 l\u2019issue de ce d\u00e9compte, le sportif ayant obtenu le total le plus \u00e9lev\u00e9 re\u00e7oit 10 points, le deuxi\u00e8me 9 points, le troisi\u00e8me 8 points, et ainsi de suite jusqu\u2019\u00e0 la 10e et derni\u00e8re position, qui obtient 1 point.<\/p>\n<p style=\"text-align: justify;\">Pour \u00e9tablir le classement final du <strong>Champion des Champions fran\u00e7ais 2025<\/strong>, les points issus du <strong>vote des lecteurs<\/strong> (10 points maximum) ont \u00e9t\u00e9 additionn\u00e9s \u00e0 ceux du <strong>vote de la r\u00e9daction<\/strong> (10 points maximum). Un sportif pouvait ainsi obtenir <strong>un total maximal de 20 points<\/strong>. En cas d\u2019\u00e9galit\u00e9 entre deux athl\u00e8tes \u00e0 l\u2019issue de l\u2019addition des votes, le <strong>vote de la r\u00e9daction<\/strong> a servi de crit\u00e8re de d\u00e9partage.<\/p>\n<p>Le palmar\u00e8s<\/p>\n<tr>\n<td style=\"background-color: #000000; width: 80px; border-color: #d9d9d9; border-style: solid; text-align: center; vertical-align: middle;\" rowspan=\"3\">\ud83e\udd47<br \/><strong>2024<\/strong><\/td>\n<td style=\"background-color: #e2b756; border-color: #d9d9d9; width: 50px; text-align: center; vertical-align: middle;\"><strong>1.<\/strong><\/td>\n<td style=\"border-color: #d9d9d9; width: 400px; vertical-align: middle; background-color: #ededed;\"><strong>L\u00e9on MARCHAND<\/strong><\/td>\n<\/tr>\n<tr>\n<td style=\"background-color: #bababa; border-color: #d9d9d9; width: 50px; text-align: center; vertical-align: middle;\"><strong>2.<\/strong><\/td>\n<td style=\"border-color: #d9d9d9; width: 400px; vertical-align: middle; background-color: #ededed;\">Antoine DUPONT<\/td>\n<\/tr>\n<tr>\n<td style=\"background-color: #c47e3e; border-color: #d9d9d9; width: 50px; text-align: center; vertical-align: middle;\"><strong>3.<\/strong><\/td>\n<td style=\"border-color: #d9d9d9; width: 400px; vertical-align: middle; background-color: #ededed;\">Teddy RINER<\/td>\n<\/tr>\n<tr>\n<td style=\"background-color: #0057ae; width: 80px; border-color: #d9d9d9; border-style: solid; text-align: center; vertical-align: middle;\" rowspan=\"3\">\ud83e\udd47<br \/><strong>2023<\/strong><\/td>\n<td style=\"background-color: #e2b756; border-color: #d9d9d9; width: 50px; text-align: center; vertical-align: middle;\"><strong>1.<\/strong><\/td>\n<td style=\"border-color: #d9d9d9; width: 400px; vertical-align: middle; background-color: #ededed;\"><strong>L\u00e9on MARCHAND<\/strong><\/td>\n<\/tr>\n<tr>\n<td style=\"background-color: #bababa; border-color: #d9d9d9; width: 50px; text-align: center; vertical-align: middle;\"><strong>2.<\/strong><\/td>\n<td style=\"border-color: #d9d9d9; width: 400px; vertical-align: middle; background-color: #ededed;\">Arthur BAUCHET<\/td>\n<\/tr>\n<tr>\n<td style=\"background-color: #c47e3e; border-color: #d9d9d9; width: 50px; text-align: center; vertical-align: middle;\"><strong>3.<\/strong><\/td>\n<td style=\"border-color: #d9d9d9; width: 400px; vertical-align: middle; background-color: #ededed;\">F\u00e9lix LEBRUN<\/td>\n<\/tr>\n<tr>\n<td style=\"background-color: #000000; width: 80px; border-color: #d9d9d9; border-style: solid; text-align: center; vertical-align: middle;\" rowspan=\"3\">\ud83e\udd47<br \/><strong>2022<\/strong><\/td>\n<td style=\"background-color: #e2b756; border-color: #d9d9d9; width: 50px; text-align: center; vertical-align: middle;\"><strong>1.<\/strong><\/td>\n<td style=\"border-color: #d9d9d9; width: 400px; vertical-align: middle; background-color: #ededed;\"><strong>Quentin FILLON MAILLET<\/strong><\/td>\n<\/tr>\n<tr>\n<td style=\"background-color: #bababa; border-color: #d9d9d9; width: 50px; text-align: center; vertical-align: middle;\"><strong>2.<\/strong><\/td>\n<td style=\"border-color: #d9d9d9; width: 400px; vertical-align: middle; background-color: #ededed;\">L\u00e9on MARCHAND<\/td>\n<\/tr>\n<tr>\n<td style=\"background-color: #c47e3e; border-color: #d9d9d9; width: 50px; text-align: center; vertical-align: middle;\"><strong>3.<\/strong><\/td>\n<td style=\"border-color: #d9d9d9; width: 400px; vertical-align: middle; background-color: #ededed;\">Karim BENZEMA<\/td>\n<\/tr>\n<tr>\n<td style=\"background-color: #0057ae; width: 80px; border-color: #d9d9d9; border-style: solid; text-align: center; vertical-align: middle;\" rowspan=\"3\">\ud83e\udd47<br \/><strong>2021<\/strong><\/td>\n<td style=\"background-color: #e2b756; border-color: #d9d9d9; width: 50px; text-align: center; vertical-align: middle;\"><strong>1.<\/strong><\/td>\n<td style=\"border-color: #d9d9d9; width: 400px; vertical-align: middle; background-color: #ededed;\"><strong>Fabio QUARTARARO<\/strong><\/td>\n<\/tr>\n<tr>\n<td style=\"background-color: #bababa; border-color: #d9d9d9; width: 50px; text-align: center; vertical-align: middle;\"><strong>2.<\/strong><\/td>\n<td style=\"border-color: #d9d9d9; width: 400px; vertical-align: middle; background-color: #ededed;\">Julian ALAPHILIPPE<\/td>\n<\/tr>\n<tr>\n<td style=\"background-color: #c47e3e; border-color: #d9d9d9; width: 50px; text-align: center; vertical-align: middle;\"><strong>3.<\/strong><\/td>\n<td style=\"border-color: #d9d9d9; width: 400px; vertical-align: middle; background-color: #ededed;\">Steven DA COSTA<\/td>\n<\/tr>\n<tr>\n<td style=\"background-color: #000000; width: 80px; border-color: #d9d9d9; border-style: solid; text-align: center; vertical-align: middle;\" rowspan=\"3\"><strong>\ud83e\udd47<br \/>2020<\/strong><\/td>\n<td style=\"background-color: #e2b756; border-color: #d9d9d9; width: 50px; text-align: center; vertical-align: middle;\"><strong>1.<\/strong><\/td>\n<td style=\"border-color: #d9d9d9; width: 400px; vertical-align: middle; background-color: #ededed;\"><strong>Julian ALAPHILIPPE<\/strong><\/td>\n<\/tr>\n<tr>\n<td style=\"background-color: #bababa; border-color: #d9d9d9; width: 50px; text-align: center; vertical-align: middle;\"><strong>2.<\/strong><\/td>\n<td style=\"border-color: #d9d9d9; width: 400px; vertical-align: middle; background-color: #ededed;\">Martin FOURCADE<\/td>\n<\/tr>\n<tr>\n<td style=\"background-color: #c47e3e; border-color: #d9d9d9; width: 50px; text-align: center; vertical-align: middle;\"><strong>3.<\/strong><\/td>\n<td style=\"border-color: #d9d9d9; width: 400px; vertical-align: middle; background-color: #ededed;\">Antoine DUPONT<\/td>\n<\/tr>\n<tr>\n<td style=\"background-color: #0057ae; width: 80px; border-color: #d9d9d9; border-style: solid; text-align: center; vertical-align: middle;\" rowspan=\"3\">\ud83e\udd47<br \/><strong>2019<\/strong><\/td>\n<td style=\"background-color: #e2b756; border-color: #d9d9d9; width: 50px; text-align: center; vertical-align: middle;\"><strong>1.<\/strong><\/td>\n<td style=\"border-color: #d9d9d9; width: 400px; vertical-align: middle; background-color: #ededed;\"><strong>Fabio QUARTARARO<\/strong><\/td>\n<\/tr>\n<tr>\n<td style=\"background-color: #bababa; border-color: #d9d9d9; width: 50px; text-align: center; vertical-align: middle;\"><strong>2.<\/strong><\/td>\n<td style=\"border-color: #d9d9d9; width: 400px; vertical-align: middle; background-color: #ededed;\">Julian ALAPHILIPPE<\/td>\n<\/tr>\n<tr>\n<td style=\"background-color: #c47e3e; border-color: #d9d9d9; width: 50px; text-align: center; vertical-align: middle;\"><strong>3.<\/strong><\/td>\n<td style=\"border-color: #d9d9d9; width: 400px; vertical-align: middle; background-color: #ededed;\">Vincent LUIS<\/td>\n<\/tr>\n<tr>\n<td style=\"background-color: #000000; width: 80px; border-color: #d9d9d9; border-style: solid; text-align: center; vertical-align: middle;\" rowspan=\"3\"><strong>\ud83e\udd47<br \/>2018<\/strong><\/td>\n<td style=\"background-color: #e2b756; border-color: #d9d9d9; width: 50px; text-align: center; vertical-align: middle;\"><strong>1.<\/strong><\/td>\n<td style=\"border-color: #d9d9d9; width: 400px; vertical-align: middle; background-color: #ededed;\"><strong>Martin FOURCADE<\/strong><\/td>\n<\/tr>\n<tr>\n<td style=\"background-color: #bababa; border-color: #d9d9d9; width: 50px; text-align: center; vertical-align: middle;\"><strong>2.<\/strong><\/td>\n<td style=\"border-color: #d9d9d9; width: 400px; vertical-align: middle; background-color: #ededed;\">Julian ALAPHILIPPE<\/td>\n<\/tr>\n<tr>\n<td style=\"background-color: #c47e3e; border-color: #d9d9d9; width: 50px; text-align: center; vertical-align: middle;\"><strong>3.<\/strong><\/td>\n<td style=\"border-color: #d9d9d9; width: 400px; vertical-align: middle; background-color: #ededed;\">S\u00e9bastien OGIER<\/td>\n<\/tr>\n<p><strong>Louis Bielle-Biarrey (8e), la p\u00e9pite du rugby fran\u00e7ais<\/strong><\/p>\n<p style=\"text-align: justify;\"><strong>Son palmar\u00e8s en 2025 :<\/strong><\/p>\n<p style=\"font-weight: 400; text-align: justify;\">\u00c0 seulement 21 ans, <strong>Louis Bielle-Biarrey<\/strong>, casque rouge de protection sur la t\u00eate qui en fait d\u00e9sormais sa signature, a v\u00e9cu une ann\u00e9e 2025 qui l\u2019a d\u00e9finitivement fait basculer dans une autre dimension. L\u2019ailier du <strong>XV de France<\/strong> a \u00e9t\u00e9 l\u2019un des grands artisans du sacre des Bleus dans le <strong>Tournoi des Six Nations<\/strong> 2025, comp\u00e9tition qu\u2019il a marqu\u00e9e de son empreinte en terminant meilleur marqueur avec huit essais en cinq matchs. Une performance dont on se souviendra longtemps, surtout \u00e0 cet \u00e2ge, et qui lui a d\u2019ailleurs valu d\u2019\u00eatre \u00e9lu meilleur joueur du Tournoi. En club, avec l\u2019<strong>Union Bordeaux-B\u00e8gles<\/strong>, il s\u2019est \u00e9galement illustr\u00e9 tout au long de la saison, confirmant son statut de cadre offensif en <strong>Top 14<\/strong> comme sur la sc\u00e8ne europ\u00e9enne.<\/p>\n<p>\n<a href=\"https:\/\/dicodusport.fr\/blog\/offres\/abonnements-sans-pub\/\" target=\"_blank\" rel=\"noopener\"><img loading=\"lazy\" decoding=\"async\" class=\"alignnone size-full wp-image-501284 perfmatters-lazy\" alt=\"\" width=\"1200\" height=\"200\" src=\"https:\/\/www.europesays.com\/fr\/wp-content\/uploads\/2025\/04\/Abonnements-sans-pubs-Dicodusport.png\"\/><\/a><br \/><a href=\"https:\/\/dicodusport.fr\/blog\/offres\/abonnements-sans-pub\/\" target=\"_blank\" rel=\"noopener\"><img loading=\"lazy\" decoding=\"async\" class=\"alignnone size-full wp-image-501296 perfmatters-lazy\" alt=\"\" width=\"400\" height=\"400\" src=\"https:\/\/www.europesays.com\/fr\/wp-content\/uploads\/2025\/04\/Abonnements-sans-pubs-Dicodusport-mobile.png\"\/><\/a><\/p>\n<p style=\"text-align: justify;\"><strong>Le d\u00e9tail des votes :<br \/><\/strong>5\u00e8me du vote des lecteurs avec 8 % des voix (73 voix sur 889 votes) = <strong>6 points<\/strong><br \/>9\u00e8me du vote de la r\u00e9daction avec 30 points = <strong>2 points<\/strong><br \/><strong>Total = 8 points<\/strong><\/p>\n<p>Un talent aussi r\u00e9gulier que mature<\/p>\n<p style=\"font-weight: 400; text-align: justify;\">Ce qui frappe chez <strong>Louis Bielle-Biarrey<\/strong>, LBB pour les intimes, au-del\u00e0 des statistiques (34 essais en 30 matchs en 2025), c\u2019est cette capacit\u00e9 \u00e0 faire basculer un match sur une seule acc\u00e9l\u00e9ration, sur une seule id\u00e9e que seul son g\u00e9nie peut avoir.<\/p>\n<p style=\"font-weight: 400; text-align: justify;\">En 2025, chaque ballon touch\u00e9 sur son aile donne l\u2019impression qu\u2019il peut se passer quelque chose. Sa vitesse supersonique, rappelant parfois le Sud-Africain bourreau de la France lors du dernier Mondial de rugby, <strong>Cheslin Kolbe<\/strong>, son sens du timing et son sang-froid dans les derniers m\u00e8tres font de lui un finisseur de tr\u00e8s grande classe, mais aussi un joueur de plus en plus complet, capable de cr\u00e9er pour les autres et de peser sans ballon.<\/p>\n<p style=\"font-weight: 400; text-align: justify;\">Dans un rugby moderne o\u00f9 les espaces se font rares, <strong>Bielle-Biarrey<\/strong> est devenu une solution permanente. Il \u00e9tire les d\u00e9fenses, oblige les adversaires \u00e0 surcouvrir son c\u00f4t\u00e9 et lib\u00e8re des espaces pour ses co\u00e9quipiers. Ce qui marque \u00e9galement en 2025, c\u2019est la maturit\u00e9 affich\u00e9e par l\u2019ailier fran\u00e7ais. D\u00e9j\u00e0 habitu\u00e9 aux grands rendez-vous, il n\u2019est pratiquement jamais pass\u00e9 \u00e0 c\u00f4t\u00e9 d\u2019un match, m\u00eame lorsque la pression \u00e9tait grande.<\/p>\n<p style=\"font-weight: 400; text-align: justify;\">Matchs couperets de fin de saison avec son club ou en s\u00e9lection, fins de rencontres \u00e0 suspense dont il donne la cl\u00e9, <strong>Bielle-Biarrey<\/strong> a r\u00e9pondu pr\u00e9sent, encore et encore. \u00c0 son \u00e2ge, rares sont les joueurs capables d\u2019une telle constance au plus haut niveau international dans ce sport si physique.<\/p>\n<blockquote class=\"twitter-tweet\">\n<p dir=\"ltr\" lang=\"fr\">Le 34e essai de Louis Bielle-Biarrey en 2025. En 30 matches. Bluffant. Merveilleux. L\u00e9gendaire.<br \/><a href=\"https:\/\/t.co\/K2XNd27YEe\">pic.twitter.com\/K2XNd27YEe<\/a><\/p>\n<p>\u2014 Pablo Guillen (@pablo_guillen_)<br \/><a href=\"https:\/\/twitter.com\/pablo_guillen_\/status\/2002858327576035789?ref_src=twsrc%5Etfw\" target=\"_blank\" rel=\"noopener\">December 21, 2025<\/a><\/p>\n<\/blockquote>\n<p><strong>Et maintenant, viser encore plus loin ?<\/strong><\/p>\n<p style=\"font-weight: 400; text-align: justify;\">Encore tr\u00e8s jeune, <strong>Louis Bielle-Biarrey<\/strong> semble n\u2019avoir aucune limite. D\u00e9j\u00e0 incontournable en \u00e9quipe de <strong>France<\/strong>, il peut d\u00e9sormais viser une domination sur le tr\u00e8s long terme du rugby international. Records d\u2019essais, titres majeurs individuels et collectifs, statut de leader offensif des Bleus : tout semble r\u00e9uni pour que l\u2019ailier bordelais marque son sport.<\/p>\n<p style=\"font-weight: 400; text-align: justify;\">Sa 8e place dans notre classement des sportifs fran\u00e7ais de l\u2019ann\u00e9e 2025 r\u00e9compense une saison exceptionnelle, mais surtout l\u2019\u00e9vidence que la France tient un talent immense dans ses rangs. <strong>Louis Bielle-Biarrey<\/strong> n\u2019est plus une promesse : il est d\u00e9sormais une confirmation, et peut-\u00eatre l\u2019un des visages majeurs du sport fran\u00e7ais pour la d\u00e9cennie \u00e0 venir.<\/p>\n<blockquote class=\"twitter-tweet\">\n<p dir=\"ltr\" lang=\"en\">Louis Bielle-Biarrey.<\/p>\n<p>Unbelievable.<\/p>\n<p>Best in the world in 2025. <a href=\"https:\/\/t.co\/fp8uLAQYdN\">pic.twitter.com\/fp8uLAQYdN<\/a><\/p>\n<p>\u2014 Christy Doran (@ChristypDoran) <a href=\"https:\/\/twitter.com\/ChristypDoran\/status\/1992333238552142152?ref_src=twsrc%5Etfw\" target=\"_blank\" rel=\"noopener\">November 22, 2025<\/a><\/p>\n<\/blockquote>\n<p>Le classement d\u00e9j\u00e0 d\u00e9voil\u00e9<\/p>\n<p>\t\t\t\t\t\t\t\t\t\t\t\t\t<script async src=\"https:\/\/platform.twitter.com\/widgets.js\" charset=\"utf-8\"><\/script><\/p>\n","protected":false},"excerpt":{"rendered":"MULTISPORTS \u2013 Comme tous les ans depuis 2018, Dicodusport vous a propos\u00e9 d\u2019\u00e9lire le Champion des Champions fran\u00e7ais&hellip;\n","protected":false},"author":2,"featured_media":620767,"comment_status":"","ping_status":"","sticky":false,"template":"","format":"standard","meta":{"footnotes":""},"categories":[1416],"tags":[1111,2113,1011,27,12099,5593,73058,479,1468,73059,60],"class_list":{"0":"post-620766","1":"post","2":"type-post","3":"status-publish","4":"format-standard","5":"has-post-thumbnail","7":"category-rugby","8":"tag-actu","9":"tag-breve","10":"tag-fr","11":"tag-france","12":"tag-louis-bielle-biarrey","13":"tag-recompense","14":"tag-recompenses-tricolores","15":"tag-rugby","16":"tag-rugby-football","17":"tag-sportifs-francais","18":"tag-sports"},"share_on_mastodon":{"url":"https:\/\/pubeurope.com\/@fr\/115777626895480633","error":""},"_links":{"self":[{"href":"https:\/\/www.europesays.com\/fr\/wp-json\/wp\/v2\/posts\/620766","targetHints":{"allow":["GET"]}}],"collection":[{"href":"https:\/\/www.europesays.com\/fr\/wp-json\/wp\/v2\/posts"}],"about":[{"href":"https:\/\/www.europesays.com\/fr\/wp-json\/wp\/v2\/types\/post"}],"author":[{"embeddable":true,"href":"https:\/\/www.europesays.com\/fr\/wp-json\/wp\/v2\/users\/2"}],"replies":[{"embeddable":true,"href":"https:\/\/www.europesays.com\/fr\/wp-json\/wp\/v2\/comments?post=620766"}],"version-history":[{"count":0,"href":"https:\/\/www.europesays.com\/fr\/wp-json\/wp\/v2\/posts\/620766\/revisions"}],"wp:featuredmedia":[{"embeddable":true,"href":"https:\/\/www.europesays.com\/fr\/wp-json\/wp\/v2\/media\/620767"}],"wp:attachment":[{"href":"https:\/\/www.europesays.com\/fr\/wp-json\/wp\/v2\/media?parent=620766"}],"wp:term":[{"taxonomy":"category","embeddable":true,"href":"https:\/\/www.europesays.com\/fr\/wp-json\/wp\/v2\/categories?post=620766"},{"taxonomy":"post_tag","embeddable":true,"href":"https:\/\/www.europesays.com\/fr\/wp-json\/wp\/v2\/tags?post=620766"}],"curies":[{"name":"wp","href":"https:\/\/api.w.org\/{rel}","templated":true}]}}