{"id":620768,"date":"2025-12-25T01:34:50","date_gmt":"2025-12-25T01:34:50","guid":{"rendered":"https:\/\/www.europesays.com\/fr\/620768\/"},"modified":"2025-12-25T01:34:50","modified_gmt":"2025-12-25T01:34:50","slug":"les-francais-au-rendez-vous-des-qualifications","status":"publish","type":"post","link":"https:\/\/www.europesays.com\/fr\/620768\/","title":{"rendered":"Les Fran\u00e7ais au rendez-vous des qualifications"},"content":{"rendered":"<p><strong>Quelques jours apr\u00e8s avoir<br \/>\nd\u00e9voil\u00e9 l&rsquo;entry list du tableau principal pour l&rsquo;\u00e9dition 2026 de<br \/>\nl&rsquo;Open d&rsquo;Australie (18 janvier &#8211; 1er f\u00e9vrier 2026), les<br \/>\norganisateurs ont cette fois-ci r\u00e9v\u00e9l\u00e9 les noms de ceux qui devront<br \/>\ncravacher pour tenter de s&rsquo;offrir un potentiel s\u00e9same pour ce<br \/>\npremier Grand Chelem de la saison via les qualifications, qui<br \/>\nd\u00e9buteront le 12 janvier.<\/strong><\/p>\n<p>La saison 2026 de tennis s\u2019appr\u00eate \u00e0 d\u00e9buter et tous les regards<br \/>\nsont tourn\u00e9s vers la premi\u00e8re grande \u00e9ch\u00e9ance de l\u2019ann\u00e9e : l\u2019Open<br \/>\nd\u2019Australie. Alors que l\u2019entry list du tableau principal avait \u00e9t\u00e9<br \/>\nannonc\u00e9e il y a quelques semaines, la F\u00e9d\u00e9ration fran\u00e7aise de<br \/>\ntennis a r\u00e9cemment d\u00e9voil\u00e9 les deux laur\u00e9ats de la wild-card.<\/p>\n<p>Et, ce sont Kyrian Jacquet et Sarah Rakotomanga Rajaonah qui<br \/>\nacc\u00e9deront directement au tableau principal de la comp\u00e9tition dans<br \/>\nle cadre de l\u2019accord de r\u00e9ciprocit\u00e9 entre la f\u00e9d\u00e9ration fran\u00e7aise<br \/>\net la f\u00e9d\u00e9ration australienne de tennis, permettant aux instances<br \/>\ntricolore de choisir un participant suppl\u00e9mentaire pour chaque<br \/>\ntableau. Ainsi, il restait encore \u00e0 r\u00e9v\u00e9ler les noms de ceux qui<br \/>\nparticiperont, d\u00e8s le 12 janvier prochain, au tableau de<br \/>\nqualification avec l\u2019espoir de glaner un ticket pour ce premier<br \/>\nGrand Chelem de la saison.<\/p>\n<p>Ils seront 22 en lice<\/p>\n<p>Entre visages connus et moins connus, ils seront 22, 11 hommes<br \/>\net 11 femmes \u00e0 prendre part \u00e0 ces qualifications. Du c\u00f4t\u00e9 du<br \/>\ntableau masculin, Ugo Blanchet (142e), Titouan Droguet (147e),<br \/>\nPierre-Hugues Herbert (154e), Harold Mayot (162e) et Luca Van<br \/>\nAssche (167e) seront les joueurs fran\u00e7ais les mieux class\u00e9s de ces<br \/>\nqualifications. Les autres repr\u00e9sentants tricolores de ce tableau<br \/>\nmasculin seront : Hugo Grenier (173e), Sascha Gueymard Wayenburg<br \/>\n(193e), Dan Added (194e), Cl\u00e9ment Tabur (201e), Luka Pavlovic<br \/>\n(221e) et enfin Arthur G\u00e9a (229e).<\/p>\n<p>Du c\u00f4t\u00e9 du tableau f\u00e9minin, ce sera Diane Parry (124e) qui<br \/>\narrivera avec le meilleur classement. Parmi les autres pr\u00e9tendantes<br \/>\ntricolores, on retrouvera notamment Jessika Ponchet (170e), Carole<br \/>\nMonnet (173e), Alice Rame (196e), Manon L\u00e9onard (202e), Harmony Tan<br \/>\n(219e) et Selena Janicijevic (215e). De leur c\u00f4t\u00e9, Fiona Ferro<br \/>\n(173e), Kristina Mladenovic (198e) et Alice Tubello (221e) ont<br \/>\ntoutes les trois activ\u00e9 leur classement prot\u00e9g\u00e9 afin de pouvoir<br \/>\n\u00eatre au rendez-vous de ces qualifications. Elles devront n\u00e9anmoins<br \/>\nremporter trois rencontres de rang pour esp\u00e9rer obtenir leur<br \/>\nticket. Enfin, la belle histoire concerne la jeune Ksenia Efremova.<br \/>\nActuellement 736e au classement WTA, la joueuse de 16 ans a<br \/>\nb\u00e9n\u00e9fici\u00e9 d\u2019une wild-card pour lui permettre d\u2019\u00e9galement pouvoir<br \/>\nparticiper \u00e0 ces qualifications.<\/p>\n","protected":false},"excerpt":{"rendered":"Quelques jours apr\u00e8s avoir d\u00e9voil\u00e9 l&rsquo;entry list du tableau principal pour l&rsquo;\u00e9dition 2026 de l&rsquo;Open d&rsquo;Australie (18 janvier&hellip;\n","protected":false},"author":2,"featured_media":620769,"comment_status":"","ping_status":"","sticky":false,"template":"","format":"standard","meta":{"footnotes":""},"categories":[1415],"tags":[4169,1011,3844,42852,27,25011,4175,8524,57681,60,1467,4170],"class_list":{"0":"post-620768","1":"post","2":"type-post","3":"status-publish","4":"format-standard","5":"has-post-thumbnail","7":"category-tennis","8":"tag-atp","9":"tag-fr","10":"tag-francais","11":"tag-francaises","12":"tag-france","13":"tag-grand-chelem","14":"tag-open-daustralie","15":"tag-qualifications","16":"tag-sport365-fr","17":"tag-sports","18":"tag-tennis","19":"tag-wta"},"share_on_mastodon":{"url":"https:\/\/pubeurope.com\/@fr\/115777642378299843","error":""},"_links":{"self":[{"href":"https:\/\/www.europesays.com\/fr\/wp-json\/wp\/v2\/posts\/620768","targetHints":{"allow":["GET"]}}],"collection":[{"href":"https:\/\/www.europesays.com\/fr\/wp-json\/wp\/v2\/posts"}],"about":[{"href":"https:\/\/www.europesays.com\/fr\/wp-json\/wp\/v2\/types\/post"}],"author":[{"embeddable":true,"href":"https:\/\/www.europesays.com\/fr\/wp-json\/wp\/v2\/users\/2"}],"replies":[{"embeddable":true,"href":"https:\/\/www.europesays.com\/fr\/wp-json\/wp\/v2\/comments?post=620768"}],"version-history":[{"count":0,"href":"https:\/\/www.europesays.com\/fr\/wp-json\/wp\/v2\/posts\/620768\/revisions"}],"wp:featuredmedia":[{"embeddable":true,"href":"https:\/\/www.europesays.com\/fr\/wp-json\/wp\/v2\/media\/620769"}],"wp:attachment":[{"href":"https:\/\/www.europesays.com\/fr\/wp-json\/wp\/v2\/media?parent=620768"}],"wp:term":[{"taxonomy":"category","embeddable":true,"href":"https:\/\/www.europesays.com\/fr\/wp-json\/wp\/v2\/categories?post=620768"},{"taxonomy":"post_tag","embeddable":true,"href":"https:\/\/www.europesays.com\/fr\/wp-json\/wp\/v2\/tags?post=620768"}],"curies":[{"name":"wp","href":"https:\/\/api.w.org\/{rel}","templated":true}]}}