{"id":620811,"date":"2025-12-25T02:28:16","date_gmt":"2025-12-25T02:28:16","guid":{"rendered":"https:\/\/www.europesays.com\/fr\/620811\/"},"modified":"2025-12-25T02:28:16","modified_gmt":"2025-12-25T02:28:16","slug":"grenoble-blesse-par-la-police-apres-avoir-menace-le-personnel-de-son-auto-ecole-lhomme-interne-en-psychiatrie","status":"publish","type":"post","link":"https:\/\/www.europesays.com\/fr\/620811\/","title":{"rendered":"Grenoble\u00a0: bless\u00e9 par la police apr\u00e8s avoir menac\u00e9 le personnel de son auto-\u00e9cole, l\u2019homme intern\u00e9 en psychiatrie"},"content":{"rendered":"<p class=\"paragraph text_align_left lp-f-body-02\">Un homme qui avait \u00e9t\u00e9 <a href=\"https:\/\/www.leparisien.fr\/faits-divers\/grenoble-la-police-tire-et-blesse-un-homme-menacant-avec-un-couteau-22-12-2025-DTFIMBKD6JA4DMIG2RO2RCM3HU.php\" target=\"_self\" rel=\"noopener\">bless\u00e9 par balles lundi \u00e0 Grenoble<\/a> par un policier apr\u00e8s l\u2019avoir menac\u00e9 avec un couteau a \u00e9t\u00e9 intern\u00e9 dans un service psychiatrique au terme de sa garde \u00e0 vue, a indiqu\u00e9 mercredi le parquet de la ville.<\/p>\n<p class=\"\">La garde \u00e0 vue du suspect, \u00e2g\u00e9 de 34 ans, a \u00e9t\u00e9 lev\u00e9e mercredi soir, \u00ab l\u2019int\u00e9ress\u00e9 ayant fait l\u2019objet \u00bb d\u2019un placement en soins psychiatriques sur d\u00e9cision du repr\u00e9sentant de l\u2019\u00c9tat (SPDRE), a pr\u00e9cis\u00e9 dans un communiqu\u00e9 In\u00e8s Delay, procureure adjointe.<\/p>\n<p class=\"\">L\u2019homme avait menac\u00e9 lundi avec un couteau le personnel d\u2019une <a href=\"https:\/\/www.leparisien.fr\/economie\/nombre-dheures-en-hausse-concurrence-vers-un-coup-daccelerateur-pour-les-tarifs-des-auto-ecoles-28-03-2025-CC4NF5JU3JEA7CVIVDYHJTMDJM.php\" target=\"_self\" rel=\"noopener\">auto-\u00e9cole<\/a> dont il \u00e9tait client pour protester contre son exclusion r\u00e9cente. Celle-ci avait \u00e9t\u00e9 d\u00e9cid\u00e9e en raison de violences r\u00e9centes qu\u2019il avait commises contre le personnel et qui faisaient l\u2019objet d\u2019une enqu\u00eate, selon le parquet.<\/p>\n<p>Lame de 10 \u00e0 15 cm<\/p>\n<p class=\"\">Selon une employ\u00e9e de l\u2019auto-\u00e9cole qui a t\u00e9moign\u00e9 au t\u00e9l\u00e9phone, l\u2019homme est arriv\u00e9 sur le pas de la porte et \u00ab a dit qu\u2019il voulait r\u00e9cup\u00e9rer son dossier \u00bb. \u00ab Apr\u00e8s, il a d\u00e9clar\u00e9 qu\u2019il avait un couteau et l\u2019a sorti \u00bb, a-t-elle ajout\u00e9 sous couvert d\u2019anonymat, d\u00e9crivant un \u00ab couteau de chasse \u00bb avec une lame \u00ab de 10 \u00e0 15 cm \u00bb.<\/p>\n<p class=\"lp-card-podcast-highlighting__title  lp-f-subtitle-05\">[2\/2] Vengeance et colis pi\u00e9g\u00e9\u00a0: le myst\u00e9rieux attentat de La\u00a0Baule<\/p>\n<p><a class=\"lp-card-podcast-highlighting__call-to-action\" data-page-type=\"HP\" data-block-name=\"podcast-highlight\">\u00c9couter<\/a><\/p>\n<p class=\"\">\u00ab Il a un peu recul\u00e9 et mon chef a eu le temps de fermer la porte \u00e0 cl\u00e9 \u00bb, avant d\u2019appeler la police, a-t-elle poursuivi. Selon la procureure adjointe, l\u2019homme est d\u00e9j\u00e0 connu pour des violences commises en 2017, 2022 et 2023, class\u00e9es sans suite \u00ab pour la plupart compte tenu de son \u00e9tat psychiatrique \u00bb.<\/p>\n<p class=\"\">\u00c0 l\u2019arriv\u00e9e des policiers appel\u00e9s par l\u2019auto-\u00e9cole, le suspect avait pris la fuite. Poursuivi par les fonctionnaires, il avait tent\u00e9 de porter des coups de couteau aux policiers dont l\u2019un avait tir\u00e9 deux fois, le blessant \u00e0 une main et au thorax.<\/p>\n<p class=\"\">L\u2019homme \u00e9tait d\u00e9j\u00e0 connu pour des violences depuis 2017 mais qui avaient \u00e9t\u00e9 class\u00e9es sans suite \u00ab pour la plupart, compte tenu de son \u00e9tat psychiatrique \u00bb, avait indiqu\u00e9 Delay.<\/p>\n","protected":false},"excerpt":{"rendered":"Un homme qui avait \u00e9t\u00e9 bless\u00e9 par balles lundi \u00e0 Grenoble par un policier apr\u00e8s l\u2019avoir menac\u00e9 avec&hellip;\n","protected":false},"author":2,"featured_media":620812,"comment_status":"","ping_status":"","sticky":false,"template":"","format":"standard","meta":{"footnotes":""},"categories":[9566],"tags":[1111,11,2430,459,1777,674,118,1011,27,2731,12,25],"class_list":{"0":"post-620811","1":"post","2":"type-post","3":"status-publish","4":"format-standard","5":"has-post-thumbnail","7":"category-grenoble","8":"tag-actu","9":"tag-actualites","10":"tag-auvergne-rhone-alpes","11":"tag-departements-horsidfo","12":"tag-eu","13":"tag-europe","14":"tag-faits-divers","15":"tag-fr","16":"tag-france","17":"tag-grenoble","18":"tag-news","19":"tag-republique-francaise"},"share_on_mastodon":{"url":"https:\/\/pubeurope.com\/@fr\/115777850803226061","error":""},"_links":{"self":[{"href":"https:\/\/www.europesays.com\/fr\/wp-json\/wp\/v2\/posts\/620811","targetHints":{"allow":["GET"]}}],"collection":[{"href":"https:\/\/www.europesays.com\/fr\/wp-json\/wp\/v2\/posts"}],"about":[{"href":"https:\/\/www.europesays.com\/fr\/wp-json\/wp\/v2\/types\/post"}],"author":[{"embeddable":true,"href":"https:\/\/www.europesays.com\/fr\/wp-json\/wp\/v2\/users\/2"}],"replies":[{"embeddable":true,"href":"https:\/\/www.europesays.com\/fr\/wp-json\/wp\/v2\/comments?post=620811"}],"version-history":[{"count":0,"href":"https:\/\/www.europesays.com\/fr\/wp-json\/wp\/v2\/posts\/620811\/revisions"}],"wp:featuredmedia":[{"embeddable":true,"href":"https:\/\/www.europesays.com\/fr\/wp-json\/wp\/v2\/media\/620812"}],"wp:attachment":[{"href":"https:\/\/www.europesays.com\/fr\/wp-json\/wp\/v2\/media?parent=620811"}],"wp:term":[{"taxonomy":"category","embeddable":true,"href":"https:\/\/www.europesays.com\/fr\/wp-json\/wp\/v2\/categories?post=620811"},{"taxonomy":"post_tag","embeddable":true,"href":"https:\/\/www.europesays.com\/fr\/wp-json\/wp\/v2\/tags?post=620811"}],"curies":[{"name":"wp","href":"https:\/\/api.w.org\/{rel}","templated":true}]}}