{"id":620813,"date":"2025-12-25T02:30:32","date_gmt":"2025-12-25T02:30:32","guid":{"rendered":"https:\/\/www.europesays.com\/fr\/620813\/"},"modified":"2025-12-25T02:30:32","modified_gmt":"2025-12-25T02:30:32","slug":"luuckman-excel-fanta-prince-henri-la-liste-des-prenoms-originaux-donnes-aux-bebes-a-rennes-en-2025","status":"publish","type":"post","link":"https:\/\/www.europesays.com\/fr\/620813\/","title":{"rendered":"Luuckman, Excel, Fanta, Prince-Henri&#8230; La liste des pr\u00e9noms originaux donn\u00e9s aux b\u00e9b\u00e9s \u00e0 Rennes en 2025"},"content":{"rendered":"<p>                    Par<br \/>\n        <strong><br \/>\n            <a href=\"https:\/\/actu.fr\/auteur\/laurene-fertin\" title=\"Consulter tous les articles de Laur\u00e8ne Fertin\" target=\"_blank\" rel=\"noopener\">Laur\u00e8ne Fertin<\/a><br \/>\n                    <\/strong><\/p>\n<p>        Publi\u00e9 le<\/p>\n<p>            24 d\u00e9c. 2025 \u00e0 15h45        <\/p>\n<p>\u00c0 Rennes, durant cette ann\u00e9e 2025,<strong> 7\u2009096 b\u00e9b\u00e9s sont n\u00e9s<\/strong>\u2009: <strong>3<\/strong>\u2009<strong>578 gar\u00e7ons<\/strong> et <strong>3<\/strong>\u2009<strong>518 filles.<\/strong> Au total, <strong>2\u2009821 pr\u00e9noms diff\u00e9rents<\/strong> ont \u00e9t\u00e9 attribu\u00e9s.<\/p>\n<p class=\" wall-content\">Parmi eux, des pr\u00e9noms anciens (L\u00e9on, Gaspard ou encore Isaure, pour les filles) mais \u00e9galement des pr\u00e9noms <strong>plus originaux.<\/strong><\/p>\n<p>Les pr\u00e9noms originaux masculins<\/p>\n<p class=\" wall-content\">Chez les gar\u00e7ons, on trouve en effet <strong>Fanildine<\/strong> (une naissance), <strong>Mattia<\/strong> (deux naissances), <strong>Maxandre<\/strong> (deux naissances), <strong>Leeroy<\/strong> (deux naissances), <strong>Nahum<\/strong> (une naissance), <strong>Nayl<\/strong> (une naissance), <strong>Na\u00ebl-stony<\/strong> (une naissance), <strong>Naveed<\/strong> (une naissance)\u2009; <strong>Naofall<\/strong> (une naissance)\u2009; <strong>Matamoana<\/strong> (une naissance)\u2009; <strong>Martim<\/strong> (une naissance)\u2009; <strong>Miracle-Axel<\/strong> (une naissnce)\u2009; <strong>Thierno<\/strong> (une naissance)\u2009; <strong>Sin\u00e2-june<\/strong> (une naissance)\u2009; <strong>Ts\u00f6rhen<\/strong> (une naissance)\u2009; Xavi (une naissance)\u2009; <strong>Ouna\u00efl<\/strong> (une naissance)\u2009; <strong>Orillio<\/strong> (une naissance)\u2009; <strong>Oways<\/strong> (une naissance)\u2009; <strong>Prince-Isa\u00efs<\/strong> et <strong>Prince-Henri<\/strong> (respectivement une naissance)\u2009; <strong>Platon<\/strong> (une naissance)\u2009; <strong>Patrick-Luis<\/strong> (une naissance), <strong>Patxi<\/strong> (une naissance)\u2009; <strong>Nicanor<\/strong> (une naissance)\u2009; Nodrens (une naissance)\u2009; <strong>Nouh<\/strong> (une naissance)\u2009; <strong>Sao<\/strong> (une naissance)\u2009; <strong>Roldi<\/strong> (une naissance)\u2009; <strong>Dereck-Edine<\/strong> (une naissance)\u2009; <strong>Cihan<\/strong> (une naissance)\u2009; En\u00e9a (une naissance) mais aussi <strong>Evan-Pr\u00e9cieux<\/strong>\u2009; <strong>Excel<\/strong>\u2009; <strong>Efflam<\/strong>\u2009; <strong>Abou<\/strong>\u2009; <strong>Aodren<\/strong>\u2009; <strong>Kh\u00e9phren<\/strong>\u2009; <strong>Kingston<\/strong>\u2009; <strong>Kivan\u00e7<\/strong>\u2009; <strong>Joude<\/strong>\u2009; <strong>Luuckman<\/strong>\u2009; <strong>Laszlo\u2026<\/strong><\/p>\n<p>Les pr\u00e9noms originaux f\u00e9minins<\/p>\n<p class=\" wall-content\">Chez les filles, nous avons <strong>Bleuenn<\/strong> (sept naissances)\u2009; <strong>Klervi<\/strong> (cinq naissances)\u2009; <strong>Eliora<\/strong> (quatre naissances)\u2009; <strong>Amalia<\/strong> (quatre naissances)\u2009; <strong>Alwena<\/strong> (trois naissances)\u2009; <strong>Esp\u00e9rance<\/strong> (trois naissances)\u2009; <strong>Cataleya<\/strong> (trois naissances)\u2009; <strong>Muska<\/strong> (trois naissances)\u2009; <strong>Prune<\/strong> (trois naissances)\u2009; <strong>Jannah<\/strong> (trois naissances)\u2009; <strong>Kaysha<\/strong> (deux naissances)\u2009; <strong>Ryme<\/strong> (deux naissances)\u2009; <strong>Princesse<\/strong> (deux naissances)\u2009; <strong>Mama<\/strong> (deux naissances)\u2009; <strong>Isalyne<\/strong> (deux naissances)\u2009; <strong>Lyna\u00eb<\/strong> (deux naissances)\u2009; <strong>Y\u00fcna<\/strong> (deux naissances)\u2009; <strong>Sondos<\/strong> (deux naissances)\u2009; <strong>C\u00e9zanne<\/strong> (deux naissances)\u2009; <strong>D\u00e9va<\/strong> (deux naissances)\u2009; <strong>Sidra<\/strong> (deux naissances)\u2009; <strong>Cl\u00e9oph\u00e9e<\/strong> (deux naissances)\u2009; <strong>Nanta<\/strong> (deux naissances)\u2009; <strong>Murphy<\/strong> (une naissance)\u2009; <strong>Myra<\/strong> (une naissance)\u2009; <strong>Namuun<\/strong> (une naissance)\u2009; <strong>Marc\u00e9lia<\/strong> (une naissance)\u2009; <strong>Manthita<\/strong> (une naissance) ou encore <strong>Marnie<\/strong>\u2009; <strong>Matthithia<\/strong>\u2009; <strong>Maliza<\/strong>\u2009; <strong>Maxe<\/strong>\u2009; <strong>Mooj<\/strong>\u2009; <strong>Merveille<\/strong>\u2009; <strong>Syra<\/strong>\u2009; <strong>Ysance<\/strong>\u2009; <strong>Zala<\/strong>\u2009; <strong>Zamzam<\/strong>\u2009; <strong>Z\u00e9lia-Rose<\/strong>\u2009; <strong>Tugssondor<\/strong>\u2009; <strong>Yarie-Firdaws<\/strong>\u2009; <strong>Scheila<\/strong>\u2009; <strong>Raymonde<\/strong>\u2009; <strong>Destinovna<\/strong>\u2009; <strong>C\u00e9zembre<\/strong>\u2009; <strong>Daenerys\u2009; Fanta.<\/strong><\/p>\n<p>Les pr\u00e9noms les plus donn\u00e9s<\/p>\n<p class=\" wall-content\">Parmi les naissances, voici \u00e9galement la liste des pr\u00e9noms les plus donn\u00e9s cette ann\u00e9e 2025 <strong>aux gar\u00e7ons\u2009:<\/strong><\/p>\n<ul class=\" wall-content\">\n<li>Marceau (52 naissances)\u2009;<\/li>\n<li>Rapha\u00ebl (46 naissances)\u2009;<\/li>\n<li>Arthur (45 naissances)\u2009;<\/li>\n<li>Malo (44 naissances)\u2009;<\/li>\n<li>Gabriel (39 naissances)\u2009;<\/li>\n<li>Noah (39 naissances)\u2009;<\/li>\n<li>L\u00e9o (38 naissances)\u2009;<\/li>\n<li>Louis (36 naissances)\u2009;<\/li>\n<li>Basile (34 naissances)\u2009;<\/li>\n<li>Isaac (32 naissances)\u2009;<\/li>\n<li>L\u00e9on (32 naissances)\u2009;<\/li>\n<li>C\u00f4me (31 naissances)\u2009;<\/li>\n<li>Jules (31 naissances)\u2009;<\/li>\n<li>Ma\u00ebl (31 naissances)\u2009;<\/li>\n<li>Paul (31 naissances)\u2009;<\/li>\n<li>Victor (27 naissances)\u2009;<\/li>\n<li>Gaspard (27 naissances)\u2009;<\/li>\n<li>Sacha (26 naissances)\u2009;<\/li>\n<li>Lucas (26 naissances).<\/li>\n<\/ul>\n<p>Votre r\u00e9gion, votre actu !<\/p>\n<p>Recevez chaque jour les infos qui comptent pour vous.<\/p>\n<p>\t<a href=\"https:\/\/actu.fr\/newsletter\" class=\"ac-btn ac-btn--corner ac-btn--medium ac-btn--blue800\" target=\"_blank\" rel=\"noopener\">S&rsquo;incrire<\/a><\/p>\n<p class=\" wall-content\"><strong>Aux filles\u2009:<\/strong><\/p>\n<ul class=\" wall-content\">\n<li>Ad\u00e8le (47 naissances)\u2009;<\/li>\n<li>Louise (47 naissances)\u2009;<\/li>\n<li>Alice (39 naissances)\u2009;<\/li>\n<li>Jeanne (36 naissances)\u2009;<\/li>\n<li>Alba (34 naissances)\u2009;<\/li>\n<li>Romy (34 naissances)\u2009;<\/li>\n<li>Juliette (31 naissances)\u2009;<\/li>\n<li>Jade (31 naissances)\u2009;<\/li>\n<li>Agathe (30 naissances)\u2009;<\/li>\n<li>Anna (30 naissances)\u2009;<\/li>\n<li>Rose (29 naissances)\u2009;<\/li>\n<li>Emma (28 naissances)\u2009;<\/li>\n<li>Albane (28 naissances)\u2009;<\/li>\n<li>Charlie (28 naissances)\u2009;<\/li>\n<li>Suzanne (27 naissances)\u2009;<\/li>\n<li>Iris (26 naissances)\u2009;<\/li>\n<li>Olivia (26 naissances)\u2009;<\/li>\n<li>Ambre (26 naissances)\u2009;<\/li>\n<li>Alix (26 naissances)\u2009;<\/li>\n<li>Esm\u00e9e (24 naissances).<\/li>\n<\/ul>\n<p class=\" wall-content\">Personnalisez votre actualit\u00e9 en ajoutant vos villes et m\u00e9dias en favori avec <a href=\"https:\/\/moncompte.actu.fr\" title=\"D\u00e9couvez Mon Actu\" rel=\"nofollow noopener\" data-trk=\"{&quot;cta&quot;:{&quot;action&quot;:&quot;https:\\\/\\\/moncompte.actu.fr&quot;,&quot;category&quot;:&quot;mon compte&quot;,&quot;from&quot;:&quot;article footer&quot;,&quot;name&quot;:&quot;Mon actu&quot;,&quot;type&quot;:&quot;cta&quot;}}\" target=\"_blank\">Mon Actu<\/a>.<\/p>\n","protected":false},"excerpt":{"rendered":"Par Laur\u00e8ne Fertin Publi\u00e9 le 24 d\u00e9c. 2025 \u00e0 15h45 \u00c0 Rennes, durant cette ann\u00e9e 2025, 7\u2009096 b\u00e9b\u00e9s&hellip;\n","protected":false},"author":2,"featured_media":620814,"comment_status":"","ping_status":"","sticky":false,"template":"","format":"standard","meta":{"footnotes":""},"categories":[2821],"tags":[1111,11,829,1719,1777,674,1011,27,12,584,25,104],"class_list":{"0":"post-620813","1":"post","2":"type-post","3":"status-publish","4":"format-standard","5":"has-post-thumbnail","7":"category-rennes","8":"tag-actu","9":"tag-actualites","10":"tag-bretagne","11":"tag-enfants","12":"tag-eu","13":"tag-europe","14":"tag-fr","15":"tag-france","16":"tag-news","17":"tag-rennes","18":"tag-republique-francaise","19":"tag-societe"},"share_on_mastodon":{"url":"https:\/\/pubeurope.com\/@fr\/115777858606983656","error":""},"_links":{"self":[{"href":"https:\/\/www.europesays.com\/fr\/wp-json\/wp\/v2\/posts\/620813","targetHints":{"allow":["GET"]}}],"collection":[{"href":"https:\/\/www.europesays.com\/fr\/wp-json\/wp\/v2\/posts"}],"about":[{"href":"https:\/\/www.europesays.com\/fr\/wp-json\/wp\/v2\/types\/post"}],"author":[{"embeddable":true,"href":"https:\/\/www.europesays.com\/fr\/wp-json\/wp\/v2\/users\/2"}],"replies":[{"embeddable":true,"href":"https:\/\/www.europesays.com\/fr\/wp-json\/wp\/v2\/comments?post=620813"}],"version-history":[{"count":0,"href":"https:\/\/www.europesays.com\/fr\/wp-json\/wp\/v2\/posts\/620813\/revisions"}],"wp:featuredmedia":[{"embeddable":true,"href":"https:\/\/www.europesays.com\/fr\/wp-json\/wp\/v2\/media\/620814"}],"wp:attachment":[{"href":"https:\/\/www.europesays.com\/fr\/wp-json\/wp\/v2\/media?parent=620813"}],"wp:term":[{"taxonomy":"category","embeddable":true,"href":"https:\/\/www.europesays.com\/fr\/wp-json\/wp\/v2\/categories?post=620813"},{"taxonomy":"post_tag","embeddable":true,"href":"https:\/\/www.europesays.com\/fr\/wp-json\/wp\/v2\/tags?post=620813"}],"curies":[{"name":"wp","href":"https:\/\/api.w.org\/{rel}","templated":true}]}}