{"id":620819,"date":"2025-12-25T02:35:13","date_gmt":"2025-12-25T02:35:13","guid":{"rendered":"https:\/\/www.europesays.com\/fr\/620819\/"},"modified":"2025-12-25T02:35:13","modified_gmt":"2025-12-25T02:35:13","slug":"la-surprise-mike-tresor-burnley","status":"publish","type":"post","link":"https:\/\/www.europesays.com\/fr\/620819\/","title":{"rendered":"la surprise Mike Tresor (Burnley) ?"},"content":{"rendered":"<p>\t\t\t\t\t De roi des passeurs en Belgique \u00e0 fant\u00f4me en Angleterre, la trajectoire de Mike Tr\u00e9sor interroge autant qu&rsquo;elle fascine. Selon nos informations, l&rsquo;ailier international belge, port\u00e9 disparu depuis son d\u00e9part \u00e0 Burnley, est suivi par plusieurs \u00e9curies de Ligue 1 pr\u00eates \u00e0 relancer cette machine \u00e0 statistiques. <\/p>\n<p>Totalement absent des radars depuis son transfert on\u00e9reux vers la Premier League en ao\u00fbt 2023, Mike Tr\u00e9sor cherche une porte de sortie pour redonner un souffle \u00e0 sa carri\u00e8re. D&rsquo;apr\u00e8s les \u00e9l\u00e9ments en notre possession, l&rsquo;un des clubs int\u00e9ress\u00e9s pourrait \u00eatre l&rsquo;OGC Nice. Avec la volont\u00e9 de J\u00e9r\u00e9my Boga de quitter la C\u00f4te d&rsquo;Azur, le profil de l&rsquo;ancien joueur de Genk appara\u00eet comme une solution de rechange id\u00e9ale, capable d&rsquo;apporter percussion et vision du jeu sur le flanc gauche. <\/p>\n<p>L&rsquo;autre club qui pourrait \u00e9galement \u00eatre sur les rangs, est l&rsquo;AS Monaco. Confront\u00e9 \u00e0 la tr\u00e8s longue absence de Takumi Minamino, le club du Rocher envisage de recruter en cons\u00e9quence, m\u00eame si certaines sources avancent que le Japonais ne devrait pas \u00eatre remplac\u00e9. La polyvalence de Tr\u00e9sor, capable d&rsquo;\u00e9voluer aussi bien en meneur de jeu derri\u00e8re l&rsquo;attaquant que sur une aile, en fait le candidat parfait pour compenser la perte du Japonais dans le syst\u00e8me de S\u00e9bastien Pocognoli. <\/p>\n<p>Si Burnley n&rsquo;avait pas h\u00e9sit\u00e9 \u00e0 d\u00e9bourser 18 millions d&rsquo;euros pour s&rsquo;attacher ses services, c&rsquo;est parce que le talent du joueur de 26 ans est ind\u00e9niable. Il suffit de rembobiner jusqu&rsquo;\u00e0 la saison 2022-2023 pour comprendre l&rsquo;ampleur du pari. Sous les couleurs du KRC Genk, Mike Tr\u00e9sor avait litt\u00e9ralement march\u00e9 sur la Jupiler Pro League, compilant 8 buts et surtout 24 passes d\u00e9cisives toutes comp\u00e9titions confondues. <\/p>\n<p>\u00c9lu meilleur joueur du championnat belge cette ann\u00e9e-l\u00e0, il a prouv\u00e9 qu&rsquo;il avait l&rsquo;\u00e9toffe des grands cr\u00e9ateurs. S&rsquo;il parvient \u00e0 retrouver la confiance perdue outre-Manche, le club de Ligue 1 qui parviendra \u00e0 le signer ne r\u00e9cup\u00e9rera pas seulement un joueur revanchard, mais potentiellement un distributeur de caviar. Affaire \u00e0 suivre &#8230;\n\t\t\t\t <\/p>\n","protected":false},"excerpt":{"rendered":"De roi des passeurs en Belgique \u00e0 fant\u00f4me en Angleterre, la trajectoire de Mike Tr\u00e9sor interroge autant qu&rsquo;elle&hellip;\n","protected":false},"author":2,"featured_media":620820,"comment_status":"","ping_status":"","sticky":false,"template":"","format":"standard","meta":{"footnotes":""},"categories":[2819],"tags":[1111,11,1777,674,1011,27,12,2401,882,25],"class_list":{"0":"post-620819","1":"post","2":"type-post","3":"status-publish","4":"format-standard","5":"has-post-thumbnail","7":"category-nice","8":"tag-actu","9":"tag-actualites","10":"tag-eu","11":"tag-europe","12":"tag-fr","13":"tag-france","14":"tag-news","15":"tag-nice","16":"tag-provence-alpes-cote-dazur","17":"tag-republique-francaise"},"share_on_mastodon":{"url":"https:\/\/pubeurope.com\/@fr\/115777878485955081","error":""},"_links":{"self":[{"href":"https:\/\/www.europesays.com\/fr\/wp-json\/wp\/v2\/posts\/620819","targetHints":{"allow":["GET"]}}],"collection":[{"href":"https:\/\/www.europesays.com\/fr\/wp-json\/wp\/v2\/posts"}],"about":[{"href":"https:\/\/www.europesays.com\/fr\/wp-json\/wp\/v2\/types\/post"}],"author":[{"embeddable":true,"href":"https:\/\/www.europesays.com\/fr\/wp-json\/wp\/v2\/users\/2"}],"replies":[{"embeddable":true,"href":"https:\/\/www.europesays.com\/fr\/wp-json\/wp\/v2\/comments?post=620819"}],"version-history":[{"count":0,"href":"https:\/\/www.europesays.com\/fr\/wp-json\/wp\/v2\/posts\/620819\/revisions"}],"wp:featuredmedia":[{"embeddable":true,"href":"https:\/\/www.europesays.com\/fr\/wp-json\/wp\/v2\/media\/620820"}],"wp:attachment":[{"href":"https:\/\/www.europesays.com\/fr\/wp-json\/wp\/v2\/media?parent=620819"}],"wp:term":[{"taxonomy":"category","embeddable":true,"href":"https:\/\/www.europesays.com\/fr\/wp-json\/wp\/v2\/categories?post=620819"},{"taxonomy":"post_tag","embeddable":true,"href":"https:\/\/www.europesays.com\/fr\/wp-json\/wp\/v2\/tags?post=620819"}],"curies":[{"name":"wp","href":"https:\/\/api.w.org\/{rel}","templated":true}]}}