{"id":620821,"date":"2025-12-25T02:37:27","date_gmt":"2025-12-25T02:37:27","guid":{"rendered":"https:\/\/www.europesays.com\/fr\/620821\/"},"modified":"2025-12-25T02:37:27","modified_gmt":"2025-12-25T02:37:27","slug":"nos-nantais-contraints-de-mettre-un-genou-a-terre-93-86","status":"publish","type":"post","link":"https:\/\/www.europesays.com\/fr\/620821\/","title":{"rendered":"Nos nantais contraints de mettre un genou \u00e0 terre\u00a0! (93\/86)"},"content":{"rendered":"<p><strong>Mais ce soir, c\u2019est la faute \u00e0 \u00ab\u00a0VOLTAIRE\u00a0\u00bb<\/strong><\/p>\n<p>Le <strong>Complexe Sportif Jean DEGROS <\/strong>sentait bon les grandes soir\u00e9es de basket comme savent les appr\u00e9cier les fid\u00e8les supporters Denaisiens depuis de nombreuses ann\u00e9es. Cette fois encore c\u2019est une ambiance <strong>Match de No\u00ebl <\/strong>quiva se d\u00e9roulerdans une salle comble toute acquise \u00e0 la cause des \u00ab\u00a0Dragons\u00a0\u00bb\u00a0! L\u2019affiche est attirante puisque le 3\u00e8me du classement actuel (10V\/5D) accueille le 8\u00e8me (mais 5\u00e8me ex-aequo , 9V\/6D).<\/p>\n<p>Du c\u00f4t\u00e9 nordiste les derni\u00e8res performances en disent long sur la mont\u00e9e en puissance d\u2019un groupe bien d\u00e9cid\u00e9 \u00e0 faire perdurer la forme du moment. L\u2019occasion serait belle de c\u00e9l\u00e9brer cette fin d\u2019ann\u00e9e avec une note victorieuse devant le fid\u00e8le public.<\/p>\n<p>Pour cela il faudra contenir des nantais qui continuent de surprendre au fil des \u00e9ch\u00e9ances en s\u2019appuyant sur un effectif et un collectif bien r\u00f4d\u00e9, avec une base de jeu dynamique et efficace sur la dur\u00e9e des rencontres.<\/p>\n<p>Place au jeu et aux dix acteurs appel\u00e9s \u00e0 d\u00e9buter cette rencontre\u00a0: <strong>CORTALE, SUKA-UMU, LASSERRE, MEYNIEL et NELSON pour Denain et BOURHIS, MIENANDI, MANERLAX, KANGUDIA ,GASSAUD <\/strong>c\u00f4t\u00e9 nantais. A noter les nouvelles absences de <strong>KYLE RIDDLEY<\/strong> et d\u2019<strong>EJ DAMBREVILLE <\/strong>dans le \u00ab\u00a0roster\u00a0\u00bb nantais.<\/p>\n<p><strong>Q1 \u2013 25<\/strong>\/23 \u2013 Un d\u00e9but de premi\u00e8re p\u00e9riode qui permet aux deux \u00e9quipes de tester si les lignes des 3 Pts sont \u00e0 bonne distance avec les r\u00e9ussites successives de <strong>BOURHIS<\/strong> et <strong>NELSON<\/strong> (3\/3-2\u00e8me). Le match est vite lanc\u00e9 sur la base de chass\u00e9s crois\u00e9s et de nombreuses \u00e9galit\u00e9s, (5\/5-\u00a03\u00e8me), (7\/7-4\u00e8me), (1O\/1O- 5\u00e8me). ROSS sur un prim\u00e9 offre un petit avantage aux nantais (14\/17- 7\u00e8me) qui sera vite contest\u00e9 par <strong>CORTALE<\/strong> et un 2\/2 aux lancers de PHILLIP qui a vite trouv\u00e9 son rythme de croisi\u00e8re (18\/17-8\u00e8me). Fin de p\u00e9riode identique \u00e0 l\u2019entame de la rencontre avec deux \u00e9quipes qui se rendent coup pour coup (20\/20-9\u00e8me). <strong>DAVIS <\/strong>sur un 2\/2 aux lancers offre le premier quart temps aux \u00ab\u00a0Dragons\u00a0\u00bb (25\/23-10\u00e8me). A noter la domination des locaux aux rebonds (9\/2) ce qui pourrait avoir de l\u2019importance si cela devait se confirmer\u2026<\/p>\n<p><strong>Q2 \u2013 22<\/strong>\/14 \u2013 <strong>BOURHIS <\/strong>et <strong>VAN EYCK <\/strong>se chargent de relancer la machine nantaise (25\/27-13\u00e8me) avant que <strong>SUKA-UMU <\/strong>par deux tirs longue distance et <strong>CORTALE <\/strong>inscrivent le plus gros \u00e9cart du match (33\/27-14\u00e8me). <strong>KANGUDIA <\/strong>r\u00e8gle la mire derri\u00e8re l\u2019arc, mais la r\u00e9ussite se lit plus du c\u00f4t\u00e9 denaisien avec <strong>CORTALE<\/strong>, <strong>NELSON <\/strong>et <strong>PHILLIP <\/strong>qui se charge de cl\u00f4turer la marque d\u2019un prim\u00e9 juste avant la pause (47\/37-20\u00e8me). Les locaux sont plus pr\u00e9sents dans les contestations de tirs avec une d\u00e9fense pressante occasionnant de la maladresse c\u00f4t\u00e9 nantais (5\/17 \u00e0 3 Pts \u00e0 29,4\u00a0% de r\u00e9ussite). Les locaux sont toujours plus efficaces aux rebonds avec 21 prises contre 8 \u00e0 leurs adversaires.<\/p>\n<p><strong>Q3 <\/strong>\u201317\/<strong>25<\/strong> \u2013 Avec un d\u00e9bours de dix points au retour sur le parquet, on comprend que l\u2019entame de troisi\u00e8me p\u00e9riode peut-\u00eatre capitale. Malgr\u00e9 l\u2019efficacit\u00e9 de <strong>VAN EYCK<\/strong> \u00e0 longue distance (49\/40-21\u00e8me) ce sont les locaux port\u00e9s par leurs supporters qui vont prendre le large dans cette rencontre (55\/40-22\u00e8me) de haut niveau. <strong>MIENANDI<\/strong> \u00e0 la faveur d\u2019un (2+1) ram\u00e8ne les siens sous la barre des dix points (56\/47-24\u00e8me) et on sent que les joueurs de <strong>R\u00e9my VALIN <\/strong>ont encore leur mot \u00e0 dire dans ces d\u00e9bats\u00a0! Malheureusement \u00e0 la 25\u00e8me minute, <strong>Lucas BOURHIS<\/strong> se blesse et doit quitter le parquet et sera dans l\u2019incapacit\u00e9 d\u2019y effectuer un retour. Gros coup dur pour les nantais tant son impact et sa justesse dans le jeu nantais sont importants. Mais il en faut plus pour abattre nos gar\u00e7ons qui s\u2019accrochent et n\u2019h\u00e9sitent pas, en terre nordiste, \u00e0 descendre \u00e0 la mine pour continuer \u00e0 exister dans ce match. Ils sont r\u00e9compens\u00e9s de leurs efforts,(ce malgr\u00e9 quatre possessions avort\u00e9es) puisqu\u2019avec les prim\u00e9s de<strong> KANGUDIA<\/strong>, <strong>BOUM<\/strong> et <strong>ROSS <\/strong>en fin de p\u00e9riode, le NBH est revenu dans ce match de folie\u00a0(64\/62-30\u00e8me).<\/p>\n<p><strong>Q4 \u2013 29<\/strong>\/24 \u2013 Galvanis\u00e9s par cette remontada, les nantais par <strong>GASSAUD <\/strong>et <strong>ROSS <\/strong>ram\u00e8nent le score \u00e0 une \u00e9galit\u00e9 parfaite (66\/66- 31\u00e8me). <strong>CORTALE<\/strong> (encore lui) et <strong>DAVIS <\/strong>restent vigilants et r\u00e9pliquent \u00e0 <strong>MIENANDI<\/strong> tr\u00e8s pr\u00e9sent depuis le d\u00e9but de la rencontre (73\/70-34\u00e8me). L\u2019entr\u00e9e du \u00ab\u00a0Money-Time\u00a0\u00bb se fait dans un suspens oppressant avec toujours un l\u00e9ger avantage aux locaux (77\/74-35\u00e8me). <strong>KANGUDIA<\/strong> et <strong>VAN EYCK <\/strong>climatisent la salle avec deux fl\u00e8ches lointaines \u00e0 suivre (77\/8O-37\u00e8me). Le temps-mort demand\u00e9 par <strong>Ali BOUZIANE <\/strong>va porter ses fruits puisque derri\u00e8re c\u2019est un 7\/0 encaiss\u00e9 par nos joueurs (85\/80 \u00e0 1\u201955\u2019\u2019). Un \u00e9nergique stop d\u00e9fensif des locaux, et quelques ballons perdus cons\u00e9cutifs auront raison de la volont\u00e9 et du courage des hommes de <strong>R\u00e9my VALIN, <\/strong>qui ont montr\u00e9 ce soir qu\u2019il fallait compter sur eux pour vivre une belle saison.<\/p>\n<p>Les <strong>\u00ab\u00a0Corons\u00a0\u00bb <\/strong>r\u00e9sonneront en toute fin de partie dans les gradins de <strong>Jean DEGROS<\/strong> pour c\u00e9l\u00e9brer la victoire des \u00ab\u00a0Dragons\u00a0\u00bb qui ont \u00e9t\u00e9 oblig\u00e9s de cracher le feu pour venir \u00e0 bout de leurs adversaires du soir\u00a0.<\/p>\n<p>On retrouvera notre \u00e9quipe le 27 D\u00e9cembre \u00e0 La Trocardi\u00e8re pour c\u00e9l\u00e9brer \u00e0 notre tour notre Match de No\u00ebl, avec nos supporters dans une salle annonc\u00e9e \u00e0 guichets ferm\u00e9s. A vous public d\u2019accueillir comme il se doit notre \u00e9quipe et de les porter ce soir l\u00e0 vers le chemin de la victoire. Ce sera contre l\u2019<strong>ALM EVREUX<\/strong>, dernier match avant la tr\u00eave\u00a0!<\/p>\n<p><strong>Allez Nantes Basket Hermine\u00a0!<\/strong><\/p>\n<p><strong>Tcar<\/strong><\/p>\n<p><strong>LA MARQUE\u00a0:<\/strong><\/p>\n<p><strong>DENAIN\u00a0:<\/strong><\/p>\n<p>MEYNIEL 9 , SUKA-UMU 13, NELSON 8, CORTALE 21 , PARMENTELOT 3, DAVIS 18, LASSERRE 2, PHILLIP 17, SOW 2<\/p>\n<p><strong>NANTES\u00a0:<\/strong><\/p>\n<p>BOURHIS 7, KANGUDIA 20, BOUM 9 , VAN EYCK 12, MIENANDI 16 , GASSAUD 9, DOSSOU 3, ROSS 10<\/p>\n<p><strong>LES AUTRES RESULTATS DE LA 16\u00e8me JOURNEE\u00a0:<\/strong><\/p>\n<p>Evreux 59 \u2013 <strong>73 Ch\u00e2lons-Reims<\/strong> \u2013 Quimper 63 \u2013 <strong>86 Blois<\/strong> \u2013 Caen 93 \u2013 94 <strong>St-Chamond-Andr\u00e9zieux<\/strong> \u2013 Rouen 83 \u2013 <strong>90 Vichy<\/strong> \u2013 Antibes 87 \u2013 <strong>90 Pau-Lacq-Orthez<\/strong> \u2013 <strong>Roanne 94<\/strong> \u2013 75 Poitiers \u2013 <strong>La Rochelle 85<\/strong> \u2013 79 Hy\u00e8res-Toulon \u2013 <strong>Aix-Maurienne 84<\/strong> \u2013 68 Orl\u00e9ans \u2013 <strong>Gries-Souffel 94<\/strong> \u2013 81 Challans<\/p>\n","protected":false},"excerpt":{"rendered":"Mais ce soir, c\u2019est la faute \u00e0 \u00ab\u00a0VOLTAIRE\u00a0\u00bb Le Complexe Sportif Jean DEGROS sentait bon les grandes soir\u00e9es&hellip;\n","protected":false},"author":2,"featured_media":620822,"comment_status":"","ping_status":"","sticky":false,"template":"","format":"standard","meta":{"footnotes":""},"categories":[2818],"tags":[1111,11,1465,1777,674,1011,27,34172,3145,955,766,34173,12,2636,25],"class_list":{"0":"post-620821","1":"post","2":"type-post","3":"status-publish","4":"format-standard","5":"has-post-thumbnail","7":"category-nantes","8":"tag-actu","9":"tag-actualites","10":"tag-basket","11":"tag-eu","12":"tag-europe","13":"tag-fr","14":"tag-france","15":"tag-hermine","16":"tag-lnb","17":"tag-match","18":"tag-nantes","19":"tag-nbh","20":"tag-news","21":"tag-pays-de-la-loire","22":"tag-republique-francaise"},"share_on_mastodon":{"url":"https:\/\/pubeurope.com\/@fr\/115777886179038567","error":""},"_links":{"self":[{"href":"https:\/\/www.europesays.com\/fr\/wp-json\/wp\/v2\/posts\/620821","targetHints":{"allow":["GET"]}}],"collection":[{"href":"https:\/\/www.europesays.com\/fr\/wp-json\/wp\/v2\/posts"}],"about":[{"href":"https:\/\/www.europesays.com\/fr\/wp-json\/wp\/v2\/types\/post"}],"author":[{"embeddable":true,"href":"https:\/\/www.europesays.com\/fr\/wp-json\/wp\/v2\/users\/2"}],"replies":[{"embeddable":true,"href":"https:\/\/www.europesays.com\/fr\/wp-json\/wp\/v2\/comments?post=620821"}],"version-history":[{"count":0,"href":"https:\/\/www.europesays.com\/fr\/wp-json\/wp\/v2\/posts\/620821\/revisions"}],"wp:featuredmedia":[{"embeddable":true,"href":"https:\/\/www.europesays.com\/fr\/wp-json\/wp\/v2\/media\/620822"}],"wp:attachment":[{"href":"https:\/\/www.europesays.com\/fr\/wp-json\/wp\/v2\/media?parent=620821"}],"wp:term":[{"taxonomy":"category","embeddable":true,"href":"https:\/\/www.europesays.com\/fr\/wp-json\/wp\/v2\/categories?post=620821"},{"taxonomy":"post_tag","embeddable":true,"href":"https:\/\/www.europesays.com\/fr\/wp-json\/wp\/v2\/tags?post=620821"}],"curies":[{"name":"wp","href":"https:\/\/api.w.org\/{rel}","templated":true}]}}