{"id":620825,"date":"2025-12-25T02:41:50","date_gmt":"2025-12-25T02:41:50","guid":{"rendered":"https:\/\/www.europesays.com\/fr\/620825\/"},"modified":"2025-12-25T02:41:50","modified_gmt":"2025-12-25T02:41:50","slug":"les-girondins-de-bordeaux-sont-invendables-dans-letat-actuel-lanalyse-cash-de-david-gluzman","status":"publish","type":"post","link":"https:\/\/www.europesays.com\/fr\/620825\/","title":{"rendered":"\u00ab\u00a0Les Girondins de Bordeaux sont invendables dans l&rsquo;\u00e9tat actuel,\u00a0\u00bb l\u2019analyse cash de David Gluzman"},"content":{"rendered":"<p><img decoding=\"async\" src=\"https:\/\/www.europesays.com\/fr\/wp-content\/uploads\/2025\/12\/671_ff6f09693110782f0708d16811f2395a.jpg\" alt=\"&quot;Les Girondins de Bordeaux sont invendables dans l'\u00e9tat actuel,&quot; l\u2019analyse cash de David Gluzman\" class=\"img-responsive mt-3\"\/><\/p>\n<p class=\"text-center mb-3\" style=\"font-size: 14px\">\u00a9 Iconsport<\/p>\n<p>      <strong>Plan de continuation des Girondins de Bordeaux : un club invendable et verrouill\u00e9 financi\u00e8rement<\/strong><\/p>\n<p style=\"text-align: justify;\">\u00c9coutez ses propos ou lisez-les :<\/p>\n<p style=\"text-align: justify;\">\u00a0<\/p>\n<p>\u00a0<\/p>\n<p><strong>\u00ab\u00a0G\u00e9rard Lopez est dans sa zone de confort\u00a0\u00bb<\/strong><\/p>\n<p style=\"text-align: justify;\">David Gluzman dans le <a href=\"https:\/\/www.youtube.com\/watch?v=pk9TSDoaFr0&amp;t=4504s\" target=\"_blank\" rel=\"noopener\">Talk sur WebGirondins<\/a> : \u00ab\u00a0Tous les chiffres du plan de continuation confirment deux choses. La premi\u00e8re, c&rsquo;est Les Girondins de Bordeaux sont invendables dans son \u00e9tat actuel, et aussi quand on voit l&rsquo;\u00e9tat du football fran\u00e7ais, hors projet de m\u00e9c\u00e9nat ou \u00e9tatique. J\u2019ai du mal \u00e0 voir comment quelqu&rsquo;un pourrait s&rsquo;y int\u00e9resser, m\u00eame en cas de mont\u00e9e en Ligue 3. C&rsquo;est un club sans actif.<\/p>\n<p style=\"text-align: justify;\">Deuxi\u00e8mement, nous allons rester avec G\u00e9rard Lopez encore tr\u00e8s longtemps. Il a r\u00e9ussi quelque part un coup de maitre avec son plan de continuation o\u00f9 le pic de la dette se paye au d\u00e9but et tout \u00e0 la fin. Ce qui d\u00e9courage les investisseurs. Le seul qui peut combler le d\u00e9ficit du club (3,9M\u20ac la saison prochaine, NDLR), et financier la saison prochaine, c&rsquo;est G\u00e9rard Lopez. Il ne pouvait pas l&rsquo;assumer en Ligue 2, mais, apr\u00e8s l&rsquo;\u00e9crasement de la dette nettement aupr\u00e8s des pouvoirs publics, il a d\u00e9sormais la surface financi\u00e8re pour faire vivre un club jusqu&rsquo;en bas de tableau de Ligue 2. Il aura moins de 10M\u20ac annuel \u00e0 chercher.<\/p>\n<p style=\"text-align: justify;\">Bordeaux a le confort d&rsquo;avoir un actionnaire qui remet au pot tout les ans. Ce n&rsquo;est pas \u00e9vident dans tous les clubs. Nous sommes aussi dans une prison dor\u00e9e et, pour ceux qui esp\u00e9raient voir G\u00e9rard Lopez partir dans les prochaines ann\u00e9es, ils se fourrent le doigt dans l\u2019\u0153il jusqu&rsquo;\u00e0 l&rsquo;omoplate, car G\u00e9rard Lopez est dans sa zone de confort. C&rsquo;est ce qu&rsquo;il attendait. Je ne suis pas surpris.\u00a0\u00bb<\/p>\n<p style=\"text-align: justify;\">\u00c0 lire &gt;&gt; <strong><a href=\"https:\/\/www.webgirondins.com\/actualite-girondins-girondins-pourquoi-la-montee-en-ligue-3-depend-aussi-du-cheque-de-gerard-lopez-131546\" target=\"_blank\" rel=\"noopener\">Pourquoi la mont\u00e9e en Ligue 3 d\u00e9pend (aussi) du ch\u00e8que de G\u00e9rard Lopez<\/a><\/strong><\/p>\n<p style=\"text-align: justify;\">\u00a0<\/p>\n","protected":false},"excerpt":{"rendered":"\u00a9 Iconsport Plan de continuation des Girondins de Bordeaux : un club invendable et verrouill\u00e9 financi\u00e8rement \u00c9coutez ses&hellip;\n","protected":false},"author":2,"featured_media":620826,"comment_status":"","ping_status":"","sticky":false,"template":"","format":"standard","meta":{"footnotes":""},"categories":[2817],"tags":[1111,11,28707,1020,1997,51063,33487,1446,8842,16309,1777,674,4666,1011,27,1987,26167,36282,73062,12,2219,25,1447,3333,73063,11479],"class_list":{"0":"post-620825","1":"post","2":"type-post","3":"status-publish","4":"format-standard","5":"has-post-thumbnail","7":"category-bordeaux","8":"tag-actu","9":"tag-actualites","10":"tag-actuel","11":"tag-analyse","12":"tag-bordeaux","13":"tag-cash","14":"tag-continue","15":"tag-dans","16":"tag-david","17":"tag-etat","18":"tag-eu","19":"tag-europe","20":"tag-financiere","21":"tag-fr","22":"tag-france","23":"tag-girondins","24":"tag-gluzman","25":"tag-interrogations","26":"tag-invendables","27":"tag-news","28":"tag-nouvelle-aquitaine","29":"tag-republique-francaise","30":"tag-situation","31":"tag-sont","32":"tag-susciter","33":"tag-vives"},"share_on_mastodon":{"url":"https:\/\/pubeurope.com\/@fr\/115777906576793710","error":""},"_links":{"self":[{"href":"https:\/\/www.europesays.com\/fr\/wp-json\/wp\/v2\/posts\/620825","targetHints":{"allow":["GET"]}}],"collection":[{"href":"https:\/\/www.europesays.com\/fr\/wp-json\/wp\/v2\/posts"}],"about":[{"href":"https:\/\/www.europesays.com\/fr\/wp-json\/wp\/v2\/types\/post"}],"author":[{"embeddable":true,"href":"https:\/\/www.europesays.com\/fr\/wp-json\/wp\/v2\/users\/2"}],"replies":[{"embeddable":true,"href":"https:\/\/www.europesays.com\/fr\/wp-json\/wp\/v2\/comments?post=620825"}],"version-history":[{"count":0,"href":"https:\/\/www.europesays.com\/fr\/wp-json\/wp\/v2\/posts\/620825\/revisions"}],"wp:featuredmedia":[{"embeddable":true,"href":"https:\/\/www.europesays.com\/fr\/wp-json\/wp\/v2\/media\/620826"}],"wp:attachment":[{"href":"https:\/\/www.europesays.com\/fr\/wp-json\/wp\/v2\/media?parent=620825"}],"wp:term":[{"taxonomy":"category","embeddable":true,"href":"https:\/\/www.europesays.com\/fr\/wp-json\/wp\/v2\/categories?post=620825"},{"taxonomy":"post_tag","embeddable":true,"href":"https:\/\/www.europesays.com\/fr\/wp-json\/wp\/v2\/tags?post=620825"}],"curies":[{"name":"wp","href":"https:\/\/api.w.org\/{rel}","templated":true}]}}