{"id":620837,"date":"2025-12-25T02:50:13","date_gmt":"2025-12-25T02:50:13","guid":{"rendered":"https:\/\/www.europesays.com\/fr\/620837\/"},"modified":"2025-12-25T02:50:13","modified_gmt":"2025-12-25T02:50:13","slug":"31-01-dry31-la-plus-grande-fete-sans-alcool-de-lannee-le-cabaret-aleatoire-marseille-13003-sortir-a-marseille","status":"publish","type":"post","link":"https:\/\/www.europesays.com\/fr\/620837\/","title":{"rendered":"31\/01 Dry31 : La Plus Grande F\u00eate Sans Alcool De L&rsquo;ann\u00e9e &#8211; Le Cabaret Al\u00e9atoire &#8211; Marseille, 13003 &#8211; Sortir \u00e0 Marseille"},"content":{"rendered":"<p>Avec le Cabaret Al\u00e9atoire \u00e0 Marseille, c\u2019est un format club, de 19h \u00e0 minuit au Petit Cab.<br \/>\nPour cette occasion, nous vous avons concoct\u00e9 une programmation musicale exceptionnelle avec des DJ sets electro de Maud Geffray, l\u2019une des signatures les plus singuli\u00e8res de la sc\u00e8ne fran\u00e7aise, connue aussi au sein du duo Scratch Massive) et Sara Zinger (electroclash), et le premier live du duo Keta Run Club (hard pop, \u00e0 l\u2019\u00e9nergie brute).<\/p>\n<p>Pourquoi le Cabaret Al\u00e9atoire participe au DRY 31 ?<br \/>\nParce que nous avons envie de promouvoir une autre fa\u00e7on de faire la f\u00eate, parce que nous<br \/>\npensons que l\u2019alcool peut parfois \u00eatre ressenti comme une pression sociale, notamment en<br \/>\nsoir\u00e9e et en milieu festif.<br \/>\nL\u2019id\u00e9e est d\u2019exp\u00e9rimenter un autre rapport \u00e0 la f\u00eate, \u00e0 la musique, \u00e0 la nuit et aux autres. C\u2019est une forme de \u00ab r\u00e9volution copernicienne \u00bb que nous proposons de vivre le 31 janvier :<br \/>\n\u00ab Et si face \u00e0 l\u2019omnipr\u00e9sence du virtuel et des r\u00e9seaux sociaux, face au d\u00e9ferlement de<br \/>\nl\u2019intelligence artificielle, la f\u00eate devenait l\u2019occasion de se reconnecter au r\u00e9el, au lieu de s\u2019en<br \/>\n\u00e9chapper ? \u00bb<br \/>\nPartager des \u00e9motions, danser, rire, discuter, vivre une exp\u00e9rience festive r\u00e9ellement<br \/>\ninclusive et immersive, avec les artistes et avec le public.<\/p>\n<p>C\u2019est toute l\u2019ambition que le Cabaret Al\u00e9atoire porte avec le Dry 31.<br \/>\nRendez-vous le samedi 31 janvier \u00e0 19h au Petit Cab pour tester et vivre cette exp\u00e9rience !<\/p>\n<p>\u2192 Maud Geffrey<br \/>\n\u2192 Keta Run Club (Live)<br \/>\n\u2192 Sara Zinger<\/p>\n<p>https:\/\/shotgun.live\/fr\/events\/31-01-dry-31-la-plus-grande-fete-sans-alcool-de-l-annee<\/p>\n","protected":false},"excerpt":{"rendered":"Avec le Cabaret Al\u00e9atoire \u00e0 Marseille, c\u2019est un format club, de 19h \u00e0 minuit au Petit Cab. Pour&hellip;\n","protected":false},"author":2,"featured_media":620838,"comment_status":"","ping_status":"","sticky":false,"template":"","format":"standard","meta":{"footnotes":""},"categories":[2814],"tags":[1111,11,1777,674,1011,27,884,12,882,25],"class_list":{"0":"post-620837","1":"post","2":"type-post","3":"status-publish","4":"format-standard","5":"has-post-thumbnail","7":"category-marseille","8":"tag-actu","9":"tag-actualites","10":"tag-eu","11":"tag-europe","12":"tag-fr","13":"tag-france","14":"tag-marseille","15":"tag-news","16":"tag-provence-alpes-cote-dazur","17":"tag-republique-francaise"},"share_on_mastodon":{"url":"https:\/\/pubeurope.com\/@fr\/115777937412956059","error":""},"_links":{"self":[{"href":"https:\/\/www.europesays.com\/fr\/wp-json\/wp\/v2\/posts\/620837","targetHints":{"allow":["GET"]}}],"collection":[{"href":"https:\/\/www.europesays.com\/fr\/wp-json\/wp\/v2\/posts"}],"about":[{"href":"https:\/\/www.europesays.com\/fr\/wp-json\/wp\/v2\/types\/post"}],"author":[{"embeddable":true,"href":"https:\/\/www.europesays.com\/fr\/wp-json\/wp\/v2\/users\/2"}],"replies":[{"embeddable":true,"href":"https:\/\/www.europesays.com\/fr\/wp-json\/wp\/v2\/comments?post=620837"}],"version-history":[{"count":0,"href":"https:\/\/www.europesays.com\/fr\/wp-json\/wp\/v2\/posts\/620837\/revisions"}],"wp:featuredmedia":[{"embeddable":true,"href":"https:\/\/www.europesays.com\/fr\/wp-json\/wp\/v2\/media\/620838"}],"wp:attachment":[{"href":"https:\/\/www.europesays.com\/fr\/wp-json\/wp\/v2\/media?parent=620837"}],"wp:term":[{"taxonomy":"category","embeddable":true,"href":"https:\/\/www.europesays.com\/fr\/wp-json\/wp\/v2\/categories?post=620837"},{"taxonomy":"post_tag","embeddable":true,"href":"https:\/\/www.europesays.com\/fr\/wp-json\/wp\/v2\/tags?post=620837"}],"curies":[{"name":"wp","href":"https:\/\/api.w.org\/{rel}","templated":true}]}}