{"id":620839,"date":"2025-12-25T02:51:13","date_gmt":"2025-12-25T02:51:13","guid":{"rendered":"https:\/\/www.europesays.com\/fr\/620839\/"},"modified":"2025-12-25T02:51:13","modified_gmt":"2025-12-25T02:51:13","slug":"la-parite-exigee-par-jean-michel-aulas-va-faire-des-decus-chez-les-hommes","status":"publish","type":"post","link":"https:\/\/www.europesays.com\/fr\/620839\/","title":{"rendered":"la parit\u00e9 exig\u00e9e par Jean-Michel Aulas va faire des d\u00e9\u00e7us (chez les hommes)"},"content":{"rendered":"<p itemprop=\"description\"><strong>Si janvier devrait \u00eatre une nouvelle \u00e9tape de la campagne avec un projet plus complet, d\u00e9cembre ressemble \u00e0 une grande foire du troc chez Coeur Lyonnais.<\/strong><\/p>\n<p>Les n\u00e9gociations aupr\u00e8s de <a href=\"https:\/\/www.lyonmag.com\/profil-personnalite-lyonnaise\/8\/jean-michel-aulas\" target=\"_blank\" rel=\"noopener\">Jean-Michel Aulas<\/a> sont sur le point d&rsquo;aboutir quant aux places sur les listes, et l&rsquo;identit\u00e9 des t\u00eates de liste dans les arrondissements de Lyon et dans les circonscriptions de la M\u00e9tropole de Lyon.<\/p>\n<p>Mais l&rsquo;ancien pr\u00e9sident de l&rsquo;OL a \u00e9t\u00e9 clair : la parit\u00e9 sera respect\u00e9e sur Lyon, en s&rsquo;incluant personnellement dans l&rsquo;\u00e9quation port\u00e9e \u00e0 10 listes avec la r\u00e9forme de la loi PLM.<\/p>\n<p>Puisque Jean-Michel Aulas est un candidat homme \u00e0 la mairie centrale, il y aura donc 5 t\u00eates de liste femmes dans les 9 arrondissements, et 4 hommes.<\/p>\n<p>Or, parmi les pr\u00e9tendants autour de JMA, il y a largement plus d&rsquo;hommes que de femmes.<\/p>\n<p><a href=\"https:\/\/www.lyonmag.com\/profil-personnalite-lyonnaise\/512\/pierre-oliver\" target=\"_blank\" rel=\"noopener\">Pierre Oliver<\/a>, maire sortant du 2e arrondissement, pourrait \u00eatre tent\u00e9 d&rsquo;affronter son rival \u00e9cologiste <a href=\"https:\/\/www.lyonmag.com\/profil-personnalite-lyonnaise\/560\/valentin-lungenstrass\" target=\"_blank\" rel=\"noopener\">Valentin Lungenstrass<\/a> une nouvelle fois en mars prochain. <a href=\"https:\/\/www.lyonmag.com\/profil-personnalite-lyonnaise\/622\/samuel-soulier\" target=\"_blank\" rel=\"noopener\">Samuel Soulier<\/a> tient la corde dans le 6e arrondissement. On parle aussi d&rsquo;ambitions de <a href=\"https:\/\/www.lyonmag.com\/profil-personnalite-lyonnaise\/14\/thomas-rudigoz\" target=\"_blank\" rel=\"noopener\">Thomas Rudigoz<\/a> de retrouver la mairie du 5e arrondissement qu&rsquo;il a occup\u00e9 de 2014 \u00e0 2017, de pr\u00e9tentions d&rsquo;Edouard Hoffmann pour le 1er arrondissement ou de <a href=\"https:\/\/www.lyonmag.com\/profil-personnalite-lyonnaise\/247\/charles-franck-levy\" target=\"_blank\" rel=\"noopener\">Charles-Franck L\u00e9vy<\/a> pour le 8e.<\/p>\n<p>Cinq noms cit\u00e9s, mais un seul membre de la soci\u00e9t\u00e9 civile ch\u00e8re \u00e0 Jean-Michel Aulas, cela fait d\u00e9j\u00e0 trop pour la parit\u00e9 exig\u00e9e par le candidat Coeur Lyonnais.<\/p>\n<p>Certains pourraient donc \u00eatre plut\u00f4t recas\u00e9s comme adjoints au maire de Lyon en cas de victoire le 22 mars, ou comme t\u00eates de liste de circonscription pour les europ\u00e9ennes.<\/p>\n<p>Chez les femmes, le 3e arrondissement semble acquis \u00e0 <a href=\"https:\/\/www.lyonmag.com\/profil-personnalite-lyonnaise\/505\/beatrice-de-montille\" target=\"_blank\" rel=\"noopener\">B\u00e9atrice de Montille<\/a> et le 7e \u00e0 <a href=\"https:\/\/www.lyonmag.com\/profil-personnalite-lyonnaise\/513\/emilie-desrieux\" target=\"_blank\" rel=\"noopener\">Emilie Desrieux<\/a>. Pour le reste, le casting est en cours de finalisation. Car les partis de la Macronie et les R\u00e9publicains ont davantage pouss\u00e9 pour privil\u00e9gier des candidatures masculines, ce qui a eu le don d&rsquo;agacer Jean-Michel Aulas.<\/p>\n","protected":false},"excerpt":{"rendered":"Si janvier devrait \u00eatre une nouvelle \u00e9tape de la campagne avec un projet plus complet, d\u00e9cembre ressemble \u00e0&hellip;\n","protected":false},"author":2,"featured_media":620840,"comment_status":"","ping_status":"","sticky":false,"template":"","format":"standard","meta":{"footnotes":""},"categories":[1889],"tags":[1111,11,2813,2190,2430,1109,251,1112,2811,1777,674,118,1011,27,1922,1110,1114,2428,2810,12,241,316,25,2812,517,800],"class_list":{"0":"post-620839","1":"post","2":"type-post","3":"status-publish","4":"format-standard","5":"has-post-thumbnail","7":"category-lyon","8":"tag-actu","9":"tag-actualites","10":"tag-article","11":"tag-asvel","12":"tag-auvergne-rhone-alpes","13":"tag-breves","14":"tag-culture","15":"tag-depeches","16":"tag-economique","17":"tag-eu","18":"tag-europe","19":"tag-faits-divers","20":"tag-fr","21":"tag-france","22":"tag-info","23":"tag-informations","24":"tag-infos","25":"tag-lyon","26":"tag-lyonmag","27":"tag-news","28":"tag-ol","29":"tag-politique","30":"tag-republique-francaise","31":"tag-sociale","32":"tag-sport","33":"tag-transports"},"share_on_mastodon":{"url":"https:\/\/pubeurope.com\/@fr\/115777941247801476","error":""},"_links":{"self":[{"href":"https:\/\/www.europesays.com\/fr\/wp-json\/wp\/v2\/posts\/620839","targetHints":{"allow":["GET"]}}],"collection":[{"href":"https:\/\/www.europesays.com\/fr\/wp-json\/wp\/v2\/posts"}],"about":[{"href":"https:\/\/www.europesays.com\/fr\/wp-json\/wp\/v2\/types\/post"}],"author":[{"embeddable":true,"href":"https:\/\/www.europesays.com\/fr\/wp-json\/wp\/v2\/users\/2"}],"replies":[{"embeddable":true,"href":"https:\/\/www.europesays.com\/fr\/wp-json\/wp\/v2\/comments?post=620839"}],"version-history":[{"count":0,"href":"https:\/\/www.europesays.com\/fr\/wp-json\/wp\/v2\/posts\/620839\/revisions"}],"wp:featuredmedia":[{"embeddable":true,"href":"https:\/\/www.europesays.com\/fr\/wp-json\/wp\/v2\/media\/620840"}],"wp:attachment":[{"href":"https:\/\/www.europesays.com\/fr\/wp-json\/wp\/v2\/media?parent=620839"}],"wp:term":[{"taxonomy":"category","embeddable":true,"href":"https:\/\/www.europesays.com\/fr\/wp-json\/wp\/v2\/categories?post=620839"},{"taxonomy":"post_tag","embeddable":true,"href":"https:\/\/www.europesays.com\/fr\/wp-json\/wp\/v2\/tags?post=620839"}],"curies":[{"name":"wp","href":"https:\/\/api.w.org\/{rel}","templated":true}]}}