{"id":620842,"date":"2025-12-25T02:52:17","date_gmt":"2025-12-25T02:52:17","guid":{"rendered":"https:\/\/www.europesays.com\/fr\/620842\/"},"modified":"2025-12-25T02:52:17","modified_gmt":"2025-12-25T02:52:17","slug":"le-videur-dun-bar-du-vieux-lyon-passe-a-tabac-un-client-il-est-condamne-a-de-la-prison-ferme","status":"publish","type":"post","link":"https:\/\/www.europesays.com\/fr\/620842\/","title":{"rendered":"Le videur d&rsquo;un bar du Vieux Lyon passe \u00e0 tabac un client, il est condamn\u00e9 \u00e0 de la prison ferme"},"content":{"rendered":"<p itemprop=\"description\"><strong>Dans le cadre d&rsquo;une comparution imm\u00e9diate, le videur du Black Hole a \u00e9t\u00e9 jug\u00e9 et condamn\u00e9.<\/strong><\/p>\n<p>Dans la nuit de vendredi \u00e0 samedi, il avait pass\u00e9 \u00e0 tabac un client du bar du Vieux Lyon, \u00e0 qui il reprochait d&rsquo;avoir emprunt\u00e9 la porte de service pour sortir fumer sa cigarette.<\/p>\n<p>Une altercation avait \u00e9clat\u00e9 entre les deux hommes rue de la Baleine, et le videur avait rapidement pris le dessus, rouant le client de coups de pieds et de poings, visant principalement le visage selon le Progr\u00e8s.<\/p>\n<p>Prise en charge par les secours et hospitalis\u00e9e, la victime s&rsquo;en sort avec 45 jours d&rsquo;ITT.<\/p>\n<p>Aux enqu\u00eateurs, le suspect avait tent\u00e9 de minimiser les faits, expliquant que les coups avaient \u00e9t\u00e9 r\u00e9ciproques.<\/p>\n<p>Une version qui n&rsquo;a pas convaincu le tribunal, qui l&rsquo;a condamn\u00e9 \u00e0 10 mois de prison ferme, 5 ans d&rsquo;interdiction de d\u00e9tention d&rsquo;arme et 5 ans d&rsquo;interdiction d&rsquo;exercer son m\u00e9tier de videur. Il a \u00e9t\u00e9 incarc\u00e9r\u00e9 \u00e0 l&rsquo;issue de l&rsquo;audience.<\/p>\n","protected":false},"excerpt":{"rendered":"Dans le cadre d&rsquo;une comparution imm\u00e9diate, le videur du Black Hole a \u00e9t\u00e9 jug\u00e9 et condamn\u00e9. Dans la&hellip;\n","protected":false},"author":2,"featured_media":620843,"comment_status":"","ping_status":"","sticky":false,"template":"","format":"standard","meta":{"footnotes":""},"categories":[1889],"tags":[1111,11,2813,2190,2430,1109,251,1112,2811,1777,674,118,1011,27,1922,1110,1114,2428,2810,12,241,316,25,2812,517,800],"class_list":{"0":"post-620842","1":"post","2":"type-post","3":"status-publish","4":"format-standard","5":"has-post-thumbnail","7":"category-lyon","8":"tag-actu","9":"tag-actualites","10":"tag-article","11":"tag-asvel","12":"tag-auvergne-rhone-alpes","13":"tag-breves","14":"tag-culture","15":"tag-depeches","16":"tag-economique","17":"tag-eu","18":"tag-europe","19":"tag-faits-divers","20":"tag-fr","21":"tag-france","22":"tag-info","23":"tag-informations","24":"tag-infos","25":"tag-lyon","26":"tag-lyonmag","27":"tag-news","28":"tag-ol","29":"tag-politique","30":"tag-republique-francaise","31":"tag-sociale","32":"tag-sport","33":"tag-transports"},"share_on_mastodon":{"url":"https:\/\/pubeurope.com\/@fr\/115777945150447617","error":""},"_links":{"self":[{"href":"https:\/\/www.europesays.com\/fr\/wp-json\/wp\/v2\/posts\/620842","targetHints":{"allow":["GET"]}}],"collection":[{"href":"https:\/\/www.europesays.com\/fr\/wp-json\/wp\/v2\/posts"}],"about":[{"href":"https:\/\/www.europesays.com\/fr\/wp-json\/wp\/v2\/types\/post"}],"author":[{"embeddable":true,"href":"https:\/\/www.europesays.com\/fr\/wp-json\/wp\/v2\/users\/2"}],"replies":[{"embeddable":true,"href":"https:\/\/www.europesays.com\/fr\/wp-json\/wp\/v2\/comments?post=620842"}],"version-history":[{"count":0,"href":"https:\/\/www.europesays.com\/fr\/wp-json\/wp\/v2\/posts\/620842\/revisions"}],"wp:featuredmedia":[{"embeddable":true,"href":"https:\/\/www.europesays.com\/fr\/wp-json\/wp\/v2\/media\/620843"}],"wp:attachment":[{"href":"https:\/\/www.europesays.com\/fr\/wp-json\/wp\/v2\/media?parent=620842"}],"wp:term":[{"taxonomy":"category","embeddable":true,"href":"https:\/\/www.europesays.com\/fr\/wp-json\/wp\/v2\/categories?post=620842"},{"taxonomy":"post_tag","embeddable":true,"href":"https:\/\/www.europesays.com\/fr\/wp-json\/wp\/v2\/tags?post=620842"}],"curies":[{"name":"wp","href":"https:\/\/api.w.org\/{rel}","templated":true}]}}