{"id":620844,"date":"2025-12-25T02:54:45","date_gmt":"2025-12-25T02:54:45","guid":{"rendered":"https:\/\/www.europesays.com\/fr\/620844\/"},"modified":"2025-12-25T02:54:45","modified_gmt":"2025-12-25T02:54:45","slug":"bison-fute-de-noel-24-ou-25-decembre-quel-jour-partir-pour-eviter-les-bouchons-pendant-les-fetes-de-fin-dannee","status":"publish","type":"post","link":"https:\/\/www.europesays.com\/fr\/620844\/","title":{"rendered":"Bison fut\u00e9 de No\u00ebl\u00a0: 24 ou 25\u00a0d\u00e9cembre\u2026 Quel jour partir pour \u00e9viter les bouchons pendant les f\u00eates de fin d\u2019ann\u00e9e\u00a0?"},"content":{"rendered":"<p class=\"paragraph text_align_left lp-f-body-02\">Les bouchons, les klaxons, et les heures perdues derri\u00e8re le volant\u2026 C\u2019est aussi \u00e7a, la magie de No\u00ebl. Pour les automobilistes <a href=\"https:\/\/www.leparisien.fr\/societe\/vacances-de-noel-attention-aux-bouchons-bison-fute-voit-rouge-en-auvergne-rhone-alpes-et-orange-au-niveau-national-17-12-2025-7J6LJNETH5CQ7BJNBIRGKKPDLI.php\" target=\"_self\" rel=\"noopener\">en qu\u00eate de d\u00e9placement pour les f\u00eates de fin d\u2019ann\u00e9e<\/a>, il faudra, comme souvent, s\u2019armer de patience. Mais quand faut-il prendre la route pour <a href=\"https:\/\/www.leparisien.fr\/societe\/colere-des-agriculteurs-le-gouvernement-ne-tolerera-plus-de-nouveaux-blocages-pour-les-fetes-de-noel-19-12-2025-MHFSNSXW5NBNPB4LUAIPPAQXJA.php\" target=\"_self\" rel=\"noopener\">\u00e9viter au plus possible les embouteillages<\/a> de fin d\u2019ann\u00e9e ?<\/p>\n<p>Attendre le 25 plut\u00f4t que le 24 d\u00e9cembre\u2026<\/p>\n<p class=\"\">Si votre organisation <a href=\"https:\/\/www.leparisien.fr\/societe\/de-la-turquie-aux-etats-unis-dou-vient-reellement-la-tradition-du-pere-noel-23-12-2025-A5VGPKKWX5H5POSTVMKSTXHTPQ.php\" target=\"_self\" rel=\"noopener\">des festivit\u00e9s de No\u00ebl<\/a> vous le permet, il est fortement recommand\u00e9 d\u2019attendre le 25 pour d\u00e9bouler sur les autoroutes de France. La raison : <a href=\"https:\/\/www.leparisien.fr\/economie\/seuls-les-enfants-ont-encore-une-petite-enveloppe-ces-familles-qui-arretent-les-cadeaux-de-noel-22-12-2025-UBMA6B6AT5FPHLK7GNUTAXALRM.php\" target=\"_self\" rel=\"noopener\">le 24 d\u00e9cembre<\/a> sera probablement la journ\u00e9e la plus charg\u00e9e de la fin d\u2019ann\u00e9e, selon les pr\u00e9visions de circulation.<\/p>\n<p class=\"\">\u00ab Dans le sens des d\u00e9parts, le niveau de trafic devrait \u00eatre tr\u00e8s \u00e9lev\u00e9 d\u00e8s le d\u00e9but de la matin\u00e9e et jusqu\u2019en d\u00e9but de soir\u00e9e, alerte <a href=\"https:\/\/www.bison-fute.gouv.fr\/previsions-detaillees,10740.html\" target=\"_self\" rel=\"noopener\">Bison Fut\u00e9 sur son site Internet<\/a>. Les niveaux de trafic pourront \u00eatre particuli\u00e8rement importants en direction de la c\u00f4te normande (A13), de la c\u00f4te atlantique (A10, A11), en r\u00e9gion Auvergne-Rh\u00f4ne-Alpes Rh\u00f4ne-Alpes (A7, contournement Est de Lyon, A42, A43) et sur les axes desservant l\u2019arc m\u00e9diterran\u00e9en (A8, A9). \u00bb<\/p>\n<p><img decoding=\"async\" class=\"image \" loading=\"lazy\" src=\"https:\/\/www.europesays.com\/fr\/wp-content\/uploads\/2025\/12\/VIX3FJSVY5AUND3V6EQMG742FI.jpg\" alt=\"\" align=\"\" data-rubrique-principale=\"\" data-article-type=\"\" fetchpriority=\"auto\"\/><\/p>\n<p class=\"\">La journ\u00e9e sera class\u00e9e jaune sur l\u2019ensemble du territoire, et teint\u00e9e de rouge pour l\u2019Auvergne-Rh\u00f4ne-Alpes et l\u2019<a href=\"https:\/\/www.leparisien.fr\/info-paris-ile-de-france-oise\/\" target=\"_self\" rel=\"noopener\">\u00cele-de-France<\/a>. Autour de Paris, Bison Fut\u00e9 anticip\u00e9 des d\u00e9placements \u00ab tr\u00e8s nombreux \u00bb d\u00e8s le milieu de la matin\u00e9e, et une circulation \u00ab tr\u00e8s dense \u00bb, jusqu\u2019en d\u00e9but de soir\u00e9e, dans tous les axes de circulation parisiens.<\/p>\n<p class=\"\">Tout le contraire du jeudi 25 d\u00e9cembre. Class\u00e9 vert sur l\u2019ensemble de l\u2019Hexagone, <a href=\"https:\/\/www.leparisien.fr\/meteo\/va-t-il-neiger-a-noel-en-plaine-et-a-paris-ce-que-disent-les-previsions-21-12-2025-4N7H3H2SAJAGBMH3AGICDMOFQI.php\" target=\"_self\" rel=\"noopener\">le jour de No\u00ebl<\/a> est le moment id\u00e9al pour effectuer votre trajet. \u00c0 condition de pouvoir attendre pour ouvrir les cadeaux\u2026<\/p>\n<p>Un deuxi\u00e8me week-end de vacances \u00e0 \u00e9viter<\/p>\n<p class=\"\">No\u00ebl pass\u00e9, <a href=\"https:\/\/www.leparisien.fr\/info-paris-ile-de-france-oise\/transports\/reveillon-du-nouvel-an-decouvrez-quelles-lignes-de-metro-de-rer-et-de-train-seront-ouvertes-gratuitement-toute-la-nuit-22-12-2025-LC2PPQENIREDFJR2IGLOPZH7ZM.php\" target=\"_self\" rel=\"noopener\">le r\u00e9veillon de la Saint-Sylvestre<\/a> va tr\u00e8s vite se profiler. C\u2019est pourquoi le deuxi\u00e8me week-end des vacances va \u00e9galement rameuter du monde sur la route. Pour planifier votre d\u00e9part, il faudra bien se pencher, une nouvelle fois, sur les pr\u00e9visions de circulation.<\/p>\n<p class=\"\">Le vendredi 26 d\u00e9cembre s\u2019annonce compliqu\u00e9 uniquement en r\u00e9gion Auvergne-Rh\u00f4ne-Alpes Rh\u00f4ne-Alpes, et tout particuli\u00e8rement sur les autoroutes A7, A40, A41, A42, A43 et A48, ainsi que sur le contournement Est de Lyon (A46\/N346) et l\u2019acc\u00e8s au tunnel du <a href=\"https:\/\/www.leparisien.fr\/faits-divers\/mont-blanc-un-alpiniste-italien-tue-par-la-chute-dun-bloc-de-glace-25-08-2025-WUYHBWG2MJBE5BVHUDH7TLOKSE.php\" target=\"_blank\" rel=\"noopener\">Mont-Blanc<\/a> (N205).<\/p>\n<p><img decoding=\"async\" class=\"image \" loading=\"lazy\" src=\"https:\/\/www.europesays.com\/fr\/wp-content\/uploads\/2025\/12\/KSQDQ7T225HUXETSGV7F2CIG5A.jpg\" alt=\"\" align=\"\" data-rubrique-principale=\"\" data-article-type=\"\" fetchpriority=\"auto\"\/><\/p>\n<p class=\"\">Il faudra surtout \u00e9viter de prendre la route le samedi 27, o\u00f9 les niveaux de trafic sont annonc\u00e9s \u00ab \u00e9lev\u00e9s d\u00e8s le d\u00e9but de la matin\u00e9e jusque tard dans la soir\u00e9e \u00bb, un peu partout sur le territoire. \u00ab Les axes desservant la c\u00f4te atlantique devraient conna\u00eetre des niveaux de trafic importants (A10, A11), pr\u00e9cise Bison Fut\u00e9. La circulation devrait \u00eatre \u00e9galement tr\u00e8s importante en direction de la c\u00f4te m\u00e9diterran\u00e9enne (A8, A9 et A61). \u00bb<\/p>\n<p class=\"\">Dans une journ\u00e9e qui entrem\u00eale le jaune et le rouge sur la carte, les autoroutes du Nord-Est devraient \u00eatre \u00e9galement \u00ab tr\u00e8s fr\u00e9quent\u00e9es \u00bb dans le sens des retours, \u00e0 l\u2019instar de l\u2019A4, l\u2019A6 et l\u2019A31.<\/p>\n<p class=\"\">Et pour ceux, pour qui ce deuxi\u00e8me week-end marquera la fin des vacances, dans le sens des retours, les d\u00e9bits en \u00cele-de-France aux diff\u00e9rentes barri\u00e8res de p\u00e9ages des autoroutes A6 et A10 seront \u00ab relativement importants \u00bb.<\/p>\n","protected":false},"excerpt":{"rendered":"Les bouchons, les klaxons, et les heures perdues derri\u00e8re le volant\u2026 C\u2019est aussi \u00e7a, la magie de No\u00ebl.&hellip;\n","protected":false},"author":2,"featured_media":620845,"comment_status":"","ping_status":"","sticky":false,"template":"","format":"standard","meta":{"footnotes":""},"categories":[1592],"tags":[1111,11,1777,674,1011,27,662,1944,12,626,25,104,2382],"class_list":{"0":"post-620844","1":"post","2":"type-post","3":"status-publish","4":"format-standard","5":"has-post-thumbnail","7":"category-ile-de-france","8":"tag-actu","9":"tag-actualites","10":"tag-eu","11":"tag-europe","12":"tag-fr","13":"tag-france","14":"tag-ile-de-france","15":"tag-ma-ville","16":"tag-news","17":"tag-paris","18":"tag-republique-francaise","19":"tag-societe","20":"tag-transport-idf-oise"},"share_on_mastodon":{"url":"https:\/\/pubeurope.com\/@fr\/115777954370588167","error":""},"_links":{"self":[{"href":"https:\/\/www.europesays.com\/fr\/wp-json\/wp\/v2\/posts\/620844","targetHints":{"allow":["GET"]}}],"collection":[{"href":"https:\/\/www.europesays.com\/fr\/wp-json\/wp\/v2\/posts"}],"about":[{"href":"https:\/\/www.europesays.com\/fr\/wp-json\/wp\/v2\/types\/post"}],"author":[{"embeddable":true,"href":"https:\/\/www.europesays.com\/fr\/wp-json\/wp\/v2\/users\/2"}],"replies":[{"embeddable":true,"href":"https:\/\/www.europesays.com\/fr\/wp-json\/wp\/v2\/comments?post=620844"}],"version-history":[{"count":0,"href":"https:\/\/www.europesays.com\/fr\/wp-json\/wp\/v2\/posts\/620844\/revisions"}],"wp:featuredmedia":[{"embeddable":true,"href":"https:\/\/www.europesays.com\/fr\/wp-json\/wp\/v2\/media\/620845"}],"wp:attachment":[{"href":"https:\/\/www.europesays.com\/fr\/wp-json\/wp\/v2\/media?parent=620844"}],"wp:term":[{"taxonomy":"category","embeddable":true,"href":"https:\/\/www.europesays.com\/fr\/wp-json\/wp\/v2\/categories?post=620844"},{"taxonomy":"post_tag","embeddable":true,"href":"https:\/\/www.europesays.com\/fr\/wp-json\/wp\/v2\/tags?post=620844"}],"curies":[{"name":"wp","href":"https:\/\/api.w.org\/{rel}","templated":true}]}}