{"id":620848,"date":"2025-12-25T02:58:20","date_gmt":"2025-12-25T02:58:20","guid":{"rendered":"https:\/\/www.europesays.com\/fr\/620848\/"},"modified":"2025-12-25T02:58:20","modified_gmt":"2025-12-25T02:58:20","slug":"lalgerie-legifere-sur-les-crimes-de-la-colonisation-francaise-et-reclame-des-excuses-officielles-a-paris","status":"publish","type":"post","link":"https:\/\/www.europesays.com\/fr\/620848\/","title":{"rendered":"L&rsquo;Alg\u00e9rie l\u00e9gif\u00e8re sur \u00ab\u00a0les crimes de la colonisation fran\u00e7aise\u00a0\u00bb et r\u00e9clame \u00ab\u00a0des excuses officielles\u00a0\u00bb \u00e0 Paris"},"content":{"rendered":"<ul class=\"jsx-862013697 ArticleChapo__List\">\n<li class=\"jsx-862013697 ArticleChapo__List_Item flex\">Les d\u00e9put\u00e9s alg\u00e9riens ont adopt\u00e9 \u00e0 l&rsquo;unanimit\u00e9 une loi faisant porter \u00e0 l&rsquo;\u00c9tat fran\u00e7ais \u00ab\u00a0la responsabilit\u00e9 juridique de son pass\u00e9 colonial en Alg\u00e9rie et des trag\u00e9dies qu&rsquo;il a engendr\u00e9es\u00a0\u00bb.<\/li>\n<li class=\"jsx-862013697 ArticleChapo__List_Item flex\">\u00ab\u00a0Essais nucl\u00e9aires\u00a0\u00bb, \u00ab\u00a0ex\u00e9cutions extrajudiciaires\u00a0\u00bb, \u00ab\u00a0pratique de la torture physique et psychologique\u00a0\u00bb \u00e0 large \u00e9chelle et \u00ab\u00a0pillage syst\u00e9matique des richesses\u00a0\u00bb sont d\u00e9sormais des crimes jug\u00e9s imprescriptibles.<\/li>\n<li class=\"jsx-862013697 ArticleChapo__List_Item flex\">La France a regrett\u00e9 une \u00ab\u00a0initiative manifestement hostile\u00a0\u00bb.<\/li>\n<\/ul>\n<p data-module=\"article-paragraph\" class=\"jsx-157965717 Paragraph\">Elle avait \u00e9t\u00e9 mise sur la table \u00e0 plusieurs reprises depuis les ann\u00e9es 1980, sans aboutir jusqu&rsquo;ici. Les d\u00e9put\u00e9s alg\u00e9riens ont adopt\u00e9 \u00e0 l&rsquo;unanimit\u00e9, mercredi 24 d\u00e9cembre, une loi criminalisant la colonisation fran\u00e7aise (1830-1962) et r\u00e9clamant \u00e0 la France \u00ab\u00a0des excuses officielles\u00a0\u00bb. \u00c9charpe aux couleurs du drapeau alg\u00e9rien autour du cou, les parlementaires se sont lev\u00e9s et ont applaudi le passage du texte qui fait porter \u00e0 l&rsquo;\u00c9tat fran\u00e7ais \u00ab\u00a0la responsabilit\u00e9 juridique de son pass\u00e9 colonial en Alg\u00e9rie et des trag\u00e9dies qu&rsquo;il a engendr\u00e9es\u00a0\u00bb.\u00a0<\/p>\n<p data-module=\"article-paragraph\" class=\"jsx-157965717 Paragraph Paragraph__End\">Il liste les \u00ab\u00a0crimes de la colonisation fran\u00e7aise\u00a0\u00bb, jug\u00e9s imprescriptibles : \u00ab\u00a0essais nucl\u00e9aires\u00a0\u00bb, \u00ab\u00a0ex\u00e9cutions extrajudiciaires\u00a0\u00bb, \u00ab\u00a0pratique de la torture physique et psychologique\u00a0\u00bb \u00e0 large \u00e9chelle et \u00ab\u00a0pillage syst\u00e9matique des richesses\u00a0\u00bb. La loi stipule qu'\u00a0\u00bbune indemnisation compl\u00e8te et \u00e9quitable pour tous les dommages mat\u00e9riels et moraux engendr\u00e9s par la colonisation fran\u00e7aise est un droit inali\u00e9nable pour l&rsquo;Etat et le peuple alg\u00e9riens\u00a0\u00bb.<\/p>\n<p>Vers une d\u00e9contamination des sites des essais nucl\u00e9aires ?<\/p>\n<p data-module=\"article-paragraph\" class=\"jsx-157965717 Paragraph\">Selon le texte, l&rsquo;\u00c9tat alg\u00e9rien doit r\u00e9clamer \u00e0 la France qu&rsquo;elle d\u00e9contamine les sites des essais nucl\u00e9aires. Entre 1960 et 1966, la France a proc\u00e9d\u00e9 \u00e0 17 essais sur plusieurs sites dans le Sahara alg\u00e9rien. Le texte qualifie \u00e9galement de \u00ab\u00a0haute trahison\u00a0\u00bb la \u00ab\u00a0collaboration des harkis\u00a0\u00bb, le nom donn\u00e9 aux auxiliaires alg\u00e9riens de l&rsquo;arm\u00e9e fran\u00e7aise, et pr\u00e9voit de punir toute personne faisant l&rsquo;apologie ou justifiant la colonisation.\u00a0<\/p>\n<p data-module=\"article-paragraph\" class=\"jsx-157965717 Paragraph Paragraph__End\">Ce vote pourrait exacerber les tensions entre deux pays d\u00e9j\u00e0 en crise \u00e0 la suite de la reconnaissance \u00e0 l&rsquo;\u00e9t\u00e9 2024 par la France d&rsquo;un plan d&rsquo;autonomie \u00ab\u00a0sous souverainet\u00e9 marocaine\u00a0\u00bb pour le Sahara occidental. Plusieurs \u00e9pisodes ont depuis aggrav\u00e9 les tensions, comme la condamnation et l&rsquo;incarc\u00e9ration de l&rsquo;\u00e9crivain franco-alg\u00e9rien Boualem Sansal,<a href=\"https:\/\/www.tf1info.fr\/culture\/boualem-sansal-interview-france-l-ecrivain-s-exprime-apres-sa-liberation-en-prison-on-garde-sa-souffrance-pour-soi-2408429.html\" target=\"_blank\" rel=\"noopener\"> finalement graci\u00e9 \u00e0 la faveur d&rsquo;une intervention allemande<\/a>. Le journaliste fran\u00e7ais Christophe Gleizes purge actuellement une peine de 7 ans de prison <a href=\"https:\/\/www.tf1info.fr\/international\/christophe-gleizes-condamne-en-algerie-emmanuel-macron-fait-part-de-sa-profonde-inquietude-et-promet-d-agir-pour-sa-liberation-2410731.html\" target=\"_blank\" rel=\"noopener\">apr\u00e8s sa condamnation en appel en d\u00e9cembre<\/a>.<\/p>\n<p>\u00ab\u00a0Initiative manifestement hostile\u00a0\u00bb<\/p>\n<p data-module=\"article-paragraph\" class=\"jsx-157965717 Paragraph\">Cette loi \u00e0 forte port\u00e9e symbolique pourrait toutefois avoir un impact r\u00e9el limit\u00e9 sur les revendications de r\u00e9parations. \u00ab\u00a0Juridiquement, cette loi n&rsquo;a aucune port\u00e9e internationale et ne peut donc obliger la France\u00a0\u00bb, a comment\u00e9 pour l&rsquo;AFP Hosni Kitouni, chercheur en histoire de la p\u00e9riode coloniale \u00e0 l&rsquo;universit\u00e9 britannique d&rsquo;Exeter. Mais \u00ab\u00a0elle marque un moment de rupture dans le rapport m\u00e9moriel avec la France\u00a0\u00bb, a-t-il estim\u00e9.<\/p>\n<p data-module=\"article-paragraph\" class=\"jsx-157965717 Paragraph\">L&rsquo;adoption de cette loi est \u00ab\u00a0une initiative manifestement hostile, \u00e0 la fois \u00e0 la volont\u00e9 de reprise du dialogue franco-alg\u00e9rien, et \u00e0 un travail serein sur les enjeux m\u00e9moriels\u00a0\u00bb, a r\u00e9agi mercredi le minist\u00e8re fran\u00e7ais des Affaires \u00e9trang\u00e8res, cit\u00e9 par l&rsquo;AFP. Le porte-parolat du Quai d&rsquo;Orsay a soulign\u00e9 que la France n&rsquo;avait \u00ab\u00a0pas vocation \u00e0 commenter la politique int\u00e9rieure alg\u00e9rienne\u00a0\u00bb, mais ne pouvait que d\u00e9plorer une telle initiative, relevant \u00ab\u00a0l&rsquo;ampleur du travail engag\u00e9 par le pr\u00e9sident\u00a0\u00bb Emmanuel Macron s&rsquo;agissant de la <a href=\"https:\/\/www.tf1info.fr\/international\/depuis-alger-et-l-algerie-emmanuel-macron-annonce-la-creation-d-une-commission-d-historiens-francais-et-algeriens-sur-la-colonisation-et-la-guerre-d-independance-2230364.html\" target=\"_blank\" rel=\"noopener\">m\u00e9moire de la colonisation<\/a> au travers d&rsquo;une commission mixte d&rsquo;historiens fran\u00e7ais et alg\u00e9riens.\u00a0<\/p>\n<p data-module=\"article-paragraph\" class=\"jsx-157965717 Paragraph Paragraph__End\">\u00ab\u00a0Nous continuons de travailler \u00e0 la reprise d&rsquo;un dialogue exigeant avec l&rsquo;Alg\u00e9rie, qui puisse r\u00e9pondre aux int\u00e9r\u00eats prioritaires de la France et des Fran\u00e7ais, en particulier s&rsquo;agissant des questions s\u00e9curitaires et migratoires\u00a0\u00bb, a ajout\u00e9 n\u00e9anmoins le minist\u00e8re.<\/p>\n<p><a href=\"https:\/\/www.tf1info.fr\/international\/reportage-video-pour-une-maman-c-est-terrible-la-mere-de-christophe-gleizes-en-appelle-a-l-humanite-du-president-algerien-2412986.html\" rel=\"noopener\" class=\"jsx-3308031228 Link flex\" target=\"_blank\"><img decoding=\"async\" src=\"https:\/\/www.europesays.com\/fr\/wp-content\/uploads\/2025\/12\/tf1jt20h-sylvie-godard-mere-christophe-gleize-15-decembre-2025-6c77df-1@1x.jpeg\" alt=\"Sylvie Godard demande au pr\u00e9sident alg\u00e9rien la gr\u00e2ce de son fils Christophe Gleizes, le 15 d\u00e9cembre 2025.\" loading=\"lazy\" importance=\"low\" fetchpriority=\"low\" class=\"\" aria-hidden=\"true\"\/><\/p>\n<p class=\"jsx-3657663356 ReadMoreArticle__Title\">Lire aussi<\/p>\n<p class=\"jsx-3657663356\">\u00ab\u00a0Pour une maman, c&rsquo;est terrible\u00a0\u00bb : la m\u00e8re de Christophe Gleizes en appelle \u00e0 l&rsquo;humanit\u00e9 du pr\u00e9sident alg\u00e9rien<\/p>\n<p><\/a><\/p>\n<p data-module=\"article-paragraph\" class=\"jsx-157965717 Paragraph Paragraph__End\">La question de la colonisation fran\u00e7aise en Alg\u00e9rie est un sujet tr\u00e8s sensible, qui demeure l&rsquo;une des principales sources de tensions entre les deux pays. \u00a0La conqu\u00eate de l&rsquo;Alg\u00e9rie, \u00e0 partir de 1830, a \u00e9t\u00e9 marqu\u00e9e par des tueries massives et la destruction de ses structures socio-\u00e9conomiques ainsi que par des d\u00e9portations \u00e0 grande \u00e9chelle selon des historiens. De nombreuses r\u00e9voltes ont \u00e9t\u00e9 r\u00e9prim\u00e9es avant une sanglante guerre d&rsquo;ind\u00e9pendance (1954-1962) qui a fait 1,5 million de morts alg\u00e9riens selon l&rsquo;Alg\u00e9rie, 500.000 dont 400.000 Alg\u00e9riens selon les historiens fran\u00e7ais.<\/p>\n<p data-module=\"article-paragraph\" class=\"jsx-157965717 Paragraph Paragraph__End\">En 2017, Emmanuel Macron, alors candidat \u00e0 la pr\u00e9sidentielle fran\u00e7aise,<a href=\"https:\/\/www.tf1info.fr\/elections\/emmanuel-macron-qualifie-la-colonisation-francaise-de-crime-contre-l-humanite-la-classe-politique-s-insurge-et-l-interesse-calme-le-jeu-2026158.html\" target=\"_blank\" rel=\"noopener\"> avait parl\u00e9 de \u00ab\u00a0crime contre l&rsquo;humanit\u00e9\u00a0\u00bb<\/a>. \u00ab\u00a0\u00c7a fait partie de ce pass\u00e9 que nous devons regarder en face en pr\u00e9sentant aussi nos excuses \u00e0 l&rsquo;\u00e9gard de celles et ceux envers lesquels nous avons commis ces gestes\u00a0\u00bb, avait-il dit. Apr\u00e8s la publication d&rsquo;un rapport de l&rsquo;historien fran\u00e7ais Benjamin Stora en janvier 2021, le chef de l&rsquo;\u00c9tat s&rsquo;\u00e9tait engag\u00e9 \u00e0 des \u00ab\u00a0actes symboliques\u00a0\u00bb pour tenter de r\u00e9concilier les deux pays, mais en excluant cette fois des \u00ab\u00a0excuses\u00a0\u00bb. Il avait ensuite provoqu\u00e9 un toll\u00e9 en Alg\u00e9rie en s&rsquo;interrogeant selon le journal Le Monde sur l&rsquo;existence d&rsquo;une nation alg\u00e9rienne avant la colonisation.<\/p>\n<p>D.D.F. avec AFP<\/p>\n","protected":false},"excerpt":{"rendered":"Les d\u00e9put\u00e9s alg\u00e9riens ont adopt\u00e9 \u00e0 l&rsquo;unanimit\u00e9 une loi faisant porter \u00e0 l&rsquo;\u00c9tat fran\u00e7ais \u00ab\u00a0la responsabilit\u00e9 juridique de&hellip;\n","protected":false},"author":2,"featured_media":620849,"comment_status":"","ping_status":"","sticky":false,"template":"","format":"standard","meta":{"footnotes":""},"categories":[1888],"tags":[1111,1928,11,1927,15,1921,4142,1777,674,1011,27,1922,303,12,1926,626,1925,25,133,1920],"class_list":{"0":"post-620848","1":"post","2":"type-post","3":"status-publish","4":"format-standard","5":"has-post-thumbnail","7":"category-paris","8":"tag-actu","9":"tag-actu-paris","10":"tag-actualites","11":"tag-actualites-paris","12":"tag-algerie","13":"tag-article-video","14":"tag-boualem-sansal","15":"tag-eu","16":"tag-europe","17":"tag-fr","18":"tag-france","19":"tag-info","20":"tag-justice","21":"tag-news","22":"tag-news-paris","23":"tag-paris","24":"tag-paris-news","25":"tag-republique-francaise","26":"tag-video","27":"tag-video-international"},"share_on_mastodon":{"url":"https:\/\/pubeurope.com\/@fr\/115777970288254221","error":""},"_links":{"self":[{"href":"https:\/\/www.europesays.com\/fr\/wp-json\/wp\/v2\/posts\/620848","targetHints":{"allow":["GET"]}}],"collection":[{"href":"https:\/\/www.europesays.com\/fr\/wp-json\/wp\/v2\/posts"}],"about":[{"href":"https:\/\/www.europesays.com\/fr\/wp-json\/wp\/v2\/types\/post"}],"author":[{"embeddable":true,"href":"https:\/\/www.europesays.com\/fr\/wp-json\/wp\/v2\/users\/2"}],"replies":[{"embeddable":true,"href":"https:\/\/www.europesays.com\/fr\/wp-json\/wp\/v2\/comments?post=620848"}],"version-history":[{"count":0,"href":"https:\/\/www.europesays.com\/fr\/wp-json\/wp\/v2\/posts\/620848\/revisions"}],"wp:featuredmedia":[{"embeddable":true,"href":"https:\/\/www.europesays.com\/fr\/wp-json\/wp\/v2\/media\/620849"}],"wp:attachment":[{"href":"https:\/\/www.europesays.com\/fr\/wp-json\/wp\/v2\/media?parent=620848"}],"wp:term":[{"taxonomy":"category","embeddable":true,"href":"https:\/\/www.europesays.com\/fr\/wp-json\/wp\/v2\/categories?post=620848"},{"taxonomy":"post_tag","embeddable":true,"href":"https:\/\/www.europesays.com\/fr\/wp-json\/wp\/v2\/tags?post=620848"}],"curies":[{"name":"wp","href":"https:\/\/api.w.org\/{rel}","templated":true}]}}